{"id":137983,"date":"2026-09-04T11:12:48","date_gmt":"2026-09-04T15:12:48","guid":{"rendered":"https:\/\/www.jdx.info\/lutte\/?p=137983"},"modified":"2026-09-04T11:12:50","modified_gmt":"2026-09-04T15:12:50","slug":"becky-lynch-regrette-ce-quelle-a-dit-lors-de-sa-revelation-a-la-wwe-revele-ses-plans-originaux-pour-le-titre-feminin","status":"publish","type":"post","link":"https:\/\/www.jdx.info\/lutte\/2026\/09\/04\/becky-lynch-regrette-ce-quelle-a-dit-lors-de-sa-revelation-a-la-wwe-revele-ses-plans-originaux-pour-le-titre-feminin\/","title":{"rendered":"Becky Lynch regrette ce qu\u2019elle a dit lors de sa r\u00e9v\u00e9lation \u00e0 la WWE, r\u00e9v\u00e8le ses plans originaux pour le titre f\u00e9minin"},"content":{"rendered":"\n<p class=\"wp-block-paragraph\">Becky Lynch a r\u00e9cemment r\u00e9fl\u00e9chi \u00e0 son ascension au sommet de la WWE, \u00e0 son ascension en tant que premi\u00e8re championne f\u00e9minine de SmackDown et \u00e0 l\u2019importance que les jeunes talents ne pr\u00e9cipitent pas leur parcours.<\/p>\n\n\n\n<p class=\"wp-block-paragraph\">Lors d\u2019une apparition dans le podcast No-Contest Wrestling avec O\u2019Shea Jackson Jr. et T.J. Jefferson. Lynch a repens\u00e9 \u00e0 sa perc\u00e9e et a admis regretter certaines choses qu\u2019elle a dites en d\u00e9veloppant son personnage \u00ab The Man \u00bb.<\/p>\n\n\n\n<blockquote class=\"wp-block-quote is-layout-flow wp-block-quote-is-layout-flow\">\n<p class=\"wp-block-paragraph\">\u00ab Parfois, j\u2019ai fait des choses que je, pour \u00eatre honn\u00eate avec vous, que je regrette. J\u2019ai dit beaucoup de choses m\u00e9chantes. Mais vous savez, tout tournait autour de vendre le conflit, ou du moins c\u2019est comme \u00e7a que je me le justifiais. \u00bb<\/p>\n<\/blockquote>\n\n\n\n<p class=\"wp-block-paragraph\">Malgr\u00e9 ces regrets, Lynch a expliqu\u00e9 que le personnage lui permettait d\u2019arr\u00eater d\u2019attendre des opportunit\u00e9s et de commencer \u00e0 embrasser ouvertement ses propres capacit\u00e9s.<\/p>\n\n\n\n<blockquote class=\"wp-block-quote is-layout-flow wp-block-quote-is-layout-flow\">\n<p class=\"wp-block-paragraph\">\u00ab Mais c\u2019\u00e9tait tout. C\u2019\u00e9tait : \u00ab <em>Je ne reste pas assis. Je vais tr\u00e8s bien. Je vais revendiquer ma grandeur,&rsquo;<\/em> \u00bb<\/p>\n<\/blockquote>\n\n\n\n<p class=\"wp-block-paragraph\">Lynch a \u00e9galement \u00e9voqu\u00e9 le fait de devenir la premi\u00e8re championne f\u00e9minine de SmackDown apr\u00e8s la scission de la marque WWE en 2016. Selon Lynch, elle ne croit pas qu\u2019elle \u00e9tait initialement pr\u00e9vue pour remporter le titre et soup\u00e7onne que Nikki Bella \u00e9tait le choix pr\u00e9vu.<\/p>\n\n\n\n<blockquote class=\"wp-block-quote is-layout-flow wp-block-quote-is-layout-flow\">\n<p class=\"wp-block-paragraph\">\u00ab M\u00eame la premi\u00e8re fois que j\u2019ai remport\u00e9 le championnat f\u00e9minin de SmackDown, ce n\u2019\u00e9tait pas le plan. Je crois que c\u2019\u00e9tait cens\u00e9 aller \u00e0 Nikki Bella en fait, qui, soit dit en passant, comme une badass, venait de revenir de sa nuque cass\u00e9e. \u00bb<\/p>\n<\/blockquote>\n\n\n\n<p class=\"wp-block-paragraph\">Cependant, le soutien du public a finalement forc\u00e9 les responsables de la WWE \u00e0 reconsid\u00e9rer leurs plans.<\/p>\n\n\n\n<blockquote class=\"wp-block-quote is-layout-flow wp-block-quote-is-layout-flow\">\n<p class=\"wp-block-paragraph\">\u00ab Le public m\u2019a plut\u00f4t appr\u00e9ci\u00e9. Une fois que c\u2019\u00e9tait r\u00e9v\u00e9l\u00e9, ils ont commenc\u00e9 \u00e0 scander Becky, et donc, le bureau a d\u00fb en prendre conscience et se dire : &lsquo;<em>Bon, d\u2019accord, on doit y aller avec elle.<\/em>&lsquo; \u00bb<\/p>\n<\/blockquote>\n\n\n\n<p class=\"wp-block-paragraph\">Lynch pense qu\u2019elle a d\u00fb continuer \u00e0 forcer son entr\u00e9e dans les plans de la WWE m\u00eame apr\u00e8s avoir remport\u00e9 le championnat.<\/p>\n\n\n\n<blockquote class=\"wp-block-quote is-layout-flow wp-block-quote-is-layout-flow\">\n<p class=\"wp-block-paragraph\">\u00ab Mais je ne pense pas que le plan allait jamais \u00eatre : &lsquo;<em>Donne-le-moi encore<\/em>&lsquo;, \u00e0 moins que je ne le prenne \u00bb<\/p>\n<\/blockquote>\n\n\n\n<p class=\"wp-block-paragraph\">Lynch a conserv\u00e9 le championnat f\u00e9minin de SmackDown pendant plus de 80 jours avant de le perdre face \u00e0 Alexa Bliss. Elle est depuis devenue sept fois championne WWE Women\u2019s.<\/p>\n\n\n\n<p class=\"wp-block-paragraph\">Ailleurs dans l\u2019interview, Lynch a utilis\u00e9 la victoire de Chelsea Green en championnat f\u00e9minin WWE \u00e0 SummerSlam comme exemple pour expliquer pourquoi les jeunes catcheuses devraient laisser leur carri\u00e8re se d\u00e9velopper naturellement.<\/p>\n\n\n\n<blockquote class=\"wp-block-quote is-layout-flow wp-block-quote-is-layout-flow\">\n<p class=\"wp-block-paragraph\">\u00ab J\u2019ai dit ceci \u00e0 l\u2019une des plus jeunes l\u2019autre jour : &lsquo;<em>Tu ne veux pas accomplir trop de choses maintenant. Tu veux mijoter. Parce que si tu y arrives, tu es si jeune. Quoi d\u2019autre ? Il faut construire pour y arriver,<\/em>&lsquo; \u00bb <\/p>\n<\/blockquote>\n\n\n\n<p class=\"wp-block-paragraph\">Lynch a expliqu\u00e9 que les catcheurs devraient permettre au public de s\u2019investir dans leur parcours plut\u00f4t que de se concentrer sur la conqu\u00eate imm\u00e9diate des championnats.<\/p>\n\n\n\n<blockquote class=\"wp-block-quote is-layout-flow wp-block-quote-is-layout-flow\">\n<p class=\"wp-block-paragraph\">\u00ab Le public le veut et il se mobilise derri\u00e8re toi. Laissez-les vous y amener. Si vous comprenez maintenant, oui, vous voyez d\u2019autres personnes qui l\u2019ach\u00e8vent. Tu veux \u00e7a pour toi. \u00c7a ne va pas faire aussi de bien, tu vois ? Parce qu\u2019il y a tellement de temps. \u00bb<\/p>\n<\/blockquote>\n\n\n\n<p class=\"wp-block-paragraph\">Elle a ajout\u00e9 que remporter plusieurs fois le m\u00eame championnat peut finalement diminuer l\u2019excitation entourant chaque victoire.<\/p>\n\n\n\n<blockquote class=\"wp-block-quote is-layout-flow wp-block-quote-is-layout-flow\">\n<p class=\"wp-block-paragraph\">\u00ab Alors tu es une fois, deux fois, trois fois, quatre fois. Puis le public, il ne veut pas te voir champion six fois, sept fois, huit fois, neuf fois, dix fois. Mais c\u2019est comme \u00e7a que \u00e7a va se passer. \u00bb<\/p>\n<\/blockquote>\n\n\n\n<p class=\"wp-block-paragraph\">Lynch a cit\u00e9 la premi\u00e8re victoire de Green en championnat f\u00e9minin de la WWE comme un moment marquant, car les fans avaient suivi tout son parcours jusqu\u2019au sommet.<\/p>\n\n\n\n<blockquote class=\"wp-block-quote is-layout-flow wp-block-quote-is-layout-flow\">\n<p class=\"wp-block-paragraph\">\u00ab C\u2019est comme quand Chelsea a gagn\u00e9 le titre. Tout le monde est l\u00e0, &lsquo;<em>Oui ! C\u2019est incroyable. Elle l\u2019a fait.<\/em>&lsquo; Tout le monde est heureux parce que c\u2019est la premi\u00e8re fois. Ils ont vu son parcours pour y arriver. \u00bb<\/p>\n<\/blockquote>\n\n\n\n<p class=\"wp-block-paragraph\">Lynch a conclu en encourageant les jeunes artistes \u00e0 rester patients et \u00e0 faire confiance au fait que leurs opportunit\u00e9s finiront par se pr\u00e9senter.<\/p>\n\n\n\n<blockquote class=\"wp-block-quote is-layout-flow wp-block-quote-is-layout-flow\">\n<p class=\"wp-block-paragraph\">\u00ab Donc je pense que tout est une question de conna\u00eetre son temps et de ne pas \u00eatre press\u00e9.Tout arrivera si c\u2019est cens\u00e9 arriver, quand \u00e7a arrivera. Tout en temps voulu. \u00bb<\/p>\n<\/blockquote>\n\n\n\n<p class=\"wp-block-paragraph\">Lynch participe actuellement \u00e0 RAW et reste en qu\u00eate du championnat du monde f\u00e9minin.<\/p>\n\n\n\n<figure class=\"wp-block-embed is-type-video is-provider-youtube wp-block-embed-youtube wp-embed-aspect-16-9 wp-has-aspect-ratio\"><div class=\"wp-block-embed__wrapper\">\n<iframe loading=\"lazy\" title=\"Exclusive 100th Episode interview with &quot;The Man&quot; Becky Lynch | No-Contest Wrestling\" width=\"640\" height=\"360\" src=\"https:\/\/www.youtube.com\/embed\/yMtSkqg7CI4?feature=oembed\" frameborder=\"0\" allow=\"accelerometer; autoplay; clipboard-write; encrypted-media; gyroscope; picture-in-picture; web-share\" referrerpolicy=\"strict-origin-when-cross-origin\" allowfullscreen><\/iframe>\n<\/div><\/figure>\n\n\n\n<p class=\"wp-block-paragraph\"><\/p>\n<p><\/p>","protected":false},"excerpt":{"rendered":"<p>Becky Lynch a r\u00e9cemment r\u00e9fl\u00e9chi \u00e0 son ascension au sommet de la WWE, \u00e0 son ascension en tant que premi\u00e8re championne f\u00e9minine de SmackDown et \u00e0 l\u2019importance que les jeunes talents ne pr\u00e9cipitent pas leur parcours. Lors d\u2019une apparition dans le podcast No-Contest Wrestling avec O\u2019Shea Jackson Jr. et T.J. Jefferson. Lynch a repens\u00e9 \u00e0&#8230;<\/p>\n","protected":false},"author":665,"featured_media":137986,"comment_status":"open","ping_status":"closed","sticky":false,"template":"","format":"standard","meta":{"footnotes":""},"categories":[4,43,23],"tags":[337,919,348,152,107],"ppma_author":[289],"class_list":["post-137983","post","type-post","status-publish","format-standard","has-post-thumbnail","hentry","category-news","category-raw-wwe","category-wwe","tag-becky-lynch","tag-no-contest-wrestling","tag-the-man","tag-women-of-wrestling","tag-wwe"],"authors":[{"term_id":289,"user_id":665,"is_guest":0,"slug":"line","display_name":"Line Edmond","avatar_url":"https:\/\/secure.gravatar.com\/avatar\/852de09636413c90cdaa278312f9ea5bc4396768745424755cb63d99a05989d0?s=96&d=mm&r=g","author_category":"","first_name":"Line","last_name":"Edmond","user_url":"http:\/\/Info-Lutte.com","job_title":"","description":""}],"_links":{"self":[{"href":"https:\/\/www.jdx.info\/lutte\/wp-json\/wp\/v2\/posts\/137983","targetHints":{"allow":["GET"]}}],"collection":[{"href":"https:\/\/www.jdx.info\/lutte\/wp-json\/wp\/v2\/posts"}],"about":[{"href":"https:\/\/www.jdx.info\/lutte\/wp-json\/wp\/v2\/types\/post"}],"author":[{"embeddable":true,"href":"https:\/\/www.jdx.info\/lutte\/wp-json\/wp\/v2\/users\/665"}],"replies":[{"embeddable":true,"href":"https:\/\/www.jdx.info\/lutte\/wp-json\/wp\/v2\/comments?post=137983"}],"version-history":[{"count":2,"href":"https:\/\/www.jdx.info\/lutte\/wp-json\/wp\/v2\/posts\/137983\/revisions"}],"predecessor-version":[{"id":137987,"href":"https:\/\/www.jdx.info\/lutte\/wp-json\/wp\/v2\/posts\/137983\/revisions\/137987"}],"wp:featuredmedia":[{"embeddable":true,"href":"https:\/\/www.jdx.info\/lutte\/wp-json\/wp\/v2\/media\/137986"}],"wp:attachment":[{"href":"https:\/\/www.jdx.info\/lutte\/wp-json\/wp\/v2\/media?parent=137983"}],"wp:term":[{"taxonomy":"category","embeddable":true,"href":"https:\/\/www.jdx.info\/lutte\/wp-json\/wp\/v2\/categories?post=137983"},{"taxonomy":"post_tag","embeddable":true,"href":"https:\/\/www.jdx.info\/lutte\/wp-json\/wp\/v2\/tags?post=137983"},{"taxonomy":"author","embeddable":true,"href":"https:\/\/www.jdx.info\/lutte\/wp-json\/wp\/v2\/ppma_author?post=137983"}],"curies":[{"name":"wp","href":"https:\/\/api.w.org\/{rel}","templated":true}]}}