{"id":137931,"date":"2026-09-03T12:11:00","date_gmt":"2026-09-03T16:11:00","guid":{"rendered":"https:\/\/www.jdx.info\/lutte\/?p=137931"},"modified":"2026-09-03T13:48:42","modified_gmt":"2026-09-03T17:48:42","slug":"mercedes-martinez-met-fin-a-sa-carriere-a-temps-plein-et-kay-lee-ray-la-remplace-a-la-wxw-tessa-blanchard-rejoint-la-mlw-tyler-breeze-progress-et-plus","status":"publish","type":"post","link":"https:\/\/www.jdx.info\/lutte\/2026\/09\/03\/mercedes-martinez-met-fin-a-sa-carriere-a-temps-plein-et-kay-lee-ray-la-remplace-a-la-wxw-tessa-blanchard-rejoint-la-mlw-tyler-breeze-progress-et-plus\/","title":{"rendered":"Mercedes Martinez met fin \u00e0 sa carri\u00e8re \u00e0 temps plein, et Kay Lee Ray la remplace \u00e0 la WXW. Tessa Blanchard rejoint la MLW, Tyler Breeze, PROGRESS, et plus !"},"content":{"rendered":"\n<p class=\"wp-block-paragraph\"><\/p>\n\n\n\n<div class=\"wp-block-group\"><div class=\"wp-block-group__inner-container is-layout-constrained wp-block-group-is-layout-constrained\">\n<h1 class=\"wp-block-heading\">Catch Express Indies : 3 septembre 2026<\/h1>\n\n\n\n<p class=\"wp-block-paragraph\">La sc\u00e8ne ind\u00e9pendante mondiale est marqu\u00e9e par une annonce particuli\u00e8rement lourde avec la fin de la carri\u00e8re \u00e0 temps plein de Mercedes Martinez apr\u00e8s une d\u00e9chirure du ligament crois\u00e9 ant\u00e9rieur. En Europe, la wXw a d\u00e9j\u00e0 trouv\u00e9 sa rempla\u00e7ante pour le tournoi Femmes Fatales, alors que Kay Lee Ray effectuera son retour dans la promotion allemande. Pendant ce temps, le circuit britannique ajoute un autre \u00e9v\u00e9nement majeur avec le retour sur le ring de Rockstar Spud, qui affrontera finalement Dave Mastiff lors de la tourn\u00e9e de PROGRESS.<\/p>\n\n\n\n<p class=\"wp-block-paragraph\"><strong>Mercedes Martinez met fin \u00e0 sa carri\u00e8re \u00e0 temps plein<\/strong><\/p>\n\n\n\n<p class=\"wp-block-paragraph\">Mercedes Martinez a annonc\u00e9 le 2 septembre qu\u2019elle mettait fin \u00e0 sa carri\u00e8re de lutteuse professionnelle \u00e0 temps plein \u00e0 la suite d\u2019une grave blessure au genou. La v\u00e9t\u00e9rane de 26 ans a r\u00e9v\u00e9l\u00e9 qu\u2019elle avait subi une d\u00e9chirure du ligament crois\u00e9 ant\u00e9rieur lors de son combat contre Allie Katch pr\u00e9sent\u00e9 par 2CW le 15 ao\u00fbt \u00e0 Watertown, dans l\u2019\u00c9tat de New York. La rencontre avait d\u00fb \u00eatre interrompue lorsque son genou a c\u00e9d\u00e9. Martinez a expliqu\u00e9 que, m\u00eame si une telle blessure ne constitue pas n\u00e9cessairement une fin de carri\u00e8re pour tous les athl\u00e8tes, elle repr\u00e9sente pour elle la conclusion de son parcours comme lutteuse \u00e0 temps plein. Son annonce survient alors qu\u2019elle devait participer au tournoi Femmes Fatales de la wXw afin de tenter de devenir la nouvelle championne f\u00e9minine mondiale de la promotion. Martinez quitte la comp\u00e9tition apr\u00e8s avoir construit une r\u00e9putation majeure sur la sc\u00e8ne ind\u00e9pendante am\u00e9ricaine, notamment avec SHIMMER, SHINE et RISE, avant de poursuivre son parcours dans plusieurs grandes organisations. Elle a \u00e9galement marqu\u00e9 l\u2019histoire de la ROH en devenant la premi\u00e8re championne individuelle ouvertement LGBTQ de l\u2019histoire de la compagnie. Malgr\u00e9 cette d\u00e9cision, Martinez n\u2019\u00e9carte pas compl\u00e8tement un retour dans un autre r\u00f4le et pr\u00e9voit \u00e9galement vendre des articles personnels afin de contribuer \u00e0 ses frais m\u00e9dicaux.<\/p>\n\n\n\n<p class=\"wp-block-paragraph\"><strong>Kay Lee Ray remplace Mercedes Martinez \u00e0 la wXw<\/strong><\/p>\n\n\n\n<p class=\"wp-block-paragraph\">La wXw a rapidement ajust\u00e9 son tournoi Femmes Fatales \u00e0 la suite du retrait forc\u00e9 de Mercedes Martinez. La promotion allemande a annonc\u00e9 le 2 septembre que Kay Lee Ray rejoindra officiellement le tournoi et affrontera Stephanie Maze au premier tour du Pro-Wrestling Grand Prix 2026. Il s\u2019agira du premier combat de Ray dans un ring de la wXw depuis 2018, ce qui donne une dimension particuli\u00e8re \u00e0 son retour dans une compagnie o\u00f9 elle avait d\u00e9j\u00e0 laiss\u00e9 une impression importante au d\u00e9but de sa carri\u00e8re internationale. Le tournoi doit d\u00e9terminer la nouvelle championne mondiale f\u00e9minine de la wXw, cette ceinture faisant officiellement son retour apr\u00e8s avoir \u00e9t\u00e9 inactive depuis 2023. Ray int\u00e8gre un tableau particuli\u00e8rement relev\u00e9 comprenant \u00e9galement Chihiro Hashimoto, Manami, Kanji, Madison Marley, Killer Kelly et Jane Nero. Le Grand Prix sera pr\u00e9sent\u00e9 du 25 au 27 septembre \u00e0 la Turbinenhalle d\u2019Oberhausen et regroupera plusieurs tournois majeurs de la promotion. Le remplacement permet ainsi \u00e0 la wXw de conserver une affiche internationale malgr\u00e9 la blessure de Martinez, tout en donnant \u00e0 Ray une occasion importante de se repositionner sur le circuit europ\u00e9en. <\/p>\n<\/div><\/div>\n\n\n\n<p class=\"wp-block-paragraph\"><strong>Tessa Blanchard rejoint officiellement la MLW<\/strong><\/p>\n\n\n\n<div class=\"wp-block-group\"><div class=\"wp-block-group__inner-container is-layout-constrained wp-block-group-is-layout-constrained\">\n<p class=\"wp-block-paragraph\">Tessa Blanchard a officiellement sign\u00e9 avec la Major League Wrestling et fera ses d\u00e9buts le 12 septembre lors de FIGHTLAND \u00e0 Charleston, en Caroline du Sud. L\u2019annonce du 1er septembre ouvre un nouveau chapitre pour Blanchard, qui \u00e9volue depuis quelque temps au Mexique et qui a d\u00e9velopp\u00e9 davantage son style gr\u00e2ce \u00e0 son immersion dans la lucha libre. La compagnie souhaite la placer imm\u00e9diatement dans une division f\u00e9minine d\u00e9j\u00e0 compos\u00e9e de plusieurs noms exp\u00e9riment\u00e9s, notamment Shotzi Blackheart, actuellement championne mondiale f\u00e9minine de la MLW. Blanchard arrive avec un profil particuli\u00e8rement reconnu sur la sc\u00e8ne nord-am\u00e9ricaine puisqu\u2019elle est issue d\u2019une famille de troisi\u00e8me g\u00e9n\u00e9ration dans la lutte professionnelle et qu\u2019elle a d\u00e9j\u00e0 remport\u00e9 plusieurs titres importants au cours de sa carri\u00e8re. Son arriv\u00e9e ajoute \u00e9galement une nouvelle dimension internationale \u00e0 la division de la MLW, alors qu\u2019elle partage actuellement son activit\u00e9 entre le Mexique et les \u00c9tats-Unis. FIGHTLAND servira de point de d\u00e9part \u00e0 cette nouvelle association et sera accompagn\u00e9 d\u2019un enregistrement t\u00e9l\u00e9vis\u00e9 de MLW FUSION. La compagnie pr\u00e9sente d\u00e9j\u00e0 cette signature comme une arriv\u00e9e majeure et laisse entendre que Blanchard sera rapidement impliqu\u00e9e dans les principaux enjeux de sa division. (<a href=\"https:\/\/mlw.com\/2026\/09\/01\/tessa-blanchard-is-joining-major-league-wrestling\/?utm_source=chatgpt.com\">MLW |<\/a>)<\/p>\n\n\n\n<p class=\"wp-block-paragraph\"><strong>Tyler Breeze d\u00e9sormais libre de multiplier les dates ind\u00e9pendantes<\/strong><\/p>\n\n\n\n<p class=\"wp-block-paragraph\">Tyler Breeze a confirm\u00e9 le 2 septembre qu\u2019il n\u2019\u00e9tait plus sous contrat avec la WWE, mettant fin \u00e0 une entente particuli\u00e8re qui lui permettait depuis 2022 de travailler principalement dans la cr\u00e9ation de contenu, l\u2019encadrement et certaines fonctions en coulisses tout en acceptant des dates ind\u00e9pendantes. Breeze a indiqu\u00e9 sur les r\u00e9seaux sociaux qu\u2019il avait pris le mois d\u2019ao\u00fbt volontairement \u00e0 l\u2019\u00e9cart, mais qu\u2019il reprenait maintenant les activit\u00e9s sur le circuit ind\u00e9pendant. Il doit notamment d\u00e9fendre le championnat de la Next Generation Wrestling contre Matt Cross \u00e0 Knoxville, au Tennessee, lors d\u2019un prochain \u00e9v\u00e9nement. Le lutteur a \u00e9galement pr\u00e9cis\u00e9 que l\u2019appellation \u00ab Tyler Breeze \u00bb demeure associ\u00e9e \u00e0 la WWE et qu\u2019il pourra utiliser simplement le nom \u00ab Breeze \u00bb pour ses activit\u00e9s hors de l\u2019organisation. Son d\u00e9part ouvre donc une nouvelle p\u00e9riode particuli\u00e8rement int\u00e9ressante pour un v\u00e9t\u00e9ran qui demeure actif et qui affirme ne pas avoir l\u2019intention de prendre sa retraite. Il a \u00e9galement reconnu \u00eatre int\u00e9ress\u00e9 par diff\u00e9rentes possibilit\u00e9s dans le monde de la lutte, sans limiter son avenir \u00e0 une seule promotion. Apr\u00e8s plusieurs ann\u00e9es partag\u00e9es entre le travail en coulisses et des apparitions ind\u00e9pendantes, Breeze peut maintenant envisager beaucoup plus librement la suite de sa carri\u00e8re sur diff\u00e9rents march\u00e9s. <\/p>\n\n\n\n<p class=\"wp-block-paragraph\"><strong>Rockstar Spud affrontera finalement Dave Mastiff<\/strong><\/p>\n\n\n\n<p class=\"wp-block-paragraph\">Le retour de Rockstar Spud sur le ring prend maintenant une forme concr\u00e8te. PROGRESS Wrestling a confirm\u00e9 que Spud affrontera Dave Mastiff le 12 septembre \u00e0 l\u2019O2 Academy de Bournemouth dans le cadre de la tourn\u00e9e Odyssey. L\u2019ancien Drake Maverick effectuera ainsi son premier combat depuis novembre 2021, apr\u00e8s avoir pass\u00e9 plusieurs ann\u00e9es principalement derri\u00e8re les coulisses de la WWE. La nouvelle pr\u00e9cision annonc\u00e9e cette semaine ajoute un adversaire \u00e0 un retour qui avait d\u00e9j\u00e0 attir\u00e9 \u00e9norm\u00e9ment d\u2019attention sur la sc\u00e8ne britannique. Selon PROGRESS, Spud lui-m\u00eame a demand\u00e9 \u00e0 retrouver Mastiff, un rival et ami de longue date avec lequel il partage une histoire remontant \u00e0 plus d\u2019une d\u00e9cennie, m\u00eame s\u2019ils ne s\u2019\u00e9taient jamais affront\u00e9s dans un ring de PROGRESS. La promotion avait d\u00e9j\u00e0 annonc\u00e9 que Spud lutterait les 12 et 13 septembre, mais son premier adversaire est maintenant connu. Ce retour est particuli\u00e8rement important compte tenu de la dur\u00e9e de son absence et de son r\u00f4le actuel au sein de l\u2019industrie comme membre de l\u2019\u00e9quipe cr\u00e9ative de la WWE. Le lendemain, Spud sera \u00e9galement en action \u00e0 Birmingham, ce qui transforme l\u2019Odyssey Tour en v\u00e9ritable reprise officielle de sa carri\u00e8re active sur le circuit britannique. <\/p>\n<\/div><\/div>\n\n\n\n<div class=\"wp-block-group\"><div class=\"wp-block-group__inner-container is-layout-constrained wp-block-group-is-layout-constrained\">\n<p class=\"wp-block-paragraph\"><strong>Jun Kasai contre Danny Demanto \u00e0 Tokyo<\/strong><\/p>\n\n\n\n<p class=\"wp-block-paragraph\">Le circuit deathmatch japonais et am\u00e9ricain s\u2019appr\u00eate \u00e0 r\u00e9unir deux figures bien \u00e9tablies. No Holds Barred a annonc\u00e9 le 2 septembre que Jun Kasai affrontera Danny Demanto lors de NHB 101, le 21 octobre \u00e0 Tokyo. Le combat sera pr\u00e9sent\u00e9 comme une confrontation directe entre deux personnalit\u00e9s associ\u00e9es depuis longtemps au style hardcore et au deathmatch. Pour Kasai, cette apparition repr\u00e9sente un nouveau passage sur le territoire du No Holds Barred, alors que Demanto est directement impliqu\u00e9 dans la promotion en tant que figure dirigeante. Leur affrontement sera pr\u00e9sent\u00e9 \u00e0 Tokyo Square \u00e0 Itabashi dans le cadre du gala sp\u00e9cial \u00ab SAYONARA HONEY BADGER \u00bb. L\u2019annonce est \u00e9galement int\u00e9ressante parce qu\u2019il s\u2019agira de la premi\u00e8re confrontation entre Kasai et Demanto, malgr\u00e9 leurs nombreuses ann\u00e9es dans un environnement o\u00f9 leurs chemins auraient pu se croiser. Kasai demeure l\u2019un des noms japonais les plus reconnus du deathmatch international et continue de participer \u00e0 des \u00e9v\u00e9nements majeurs au Japon et \u00e0 l\u2019\u00e9tranger. Demanto, de son c\u00f4t\u00e9, repr\u00e9sente davantage l\u2019aile nord-am\u00e9ricaine du mouvement et son implication dans NHB ajoute une dimension personnelle \u00e0 cette rencontre. La promotion pr\u00e9sente d\u00e9j\u00e0 le combat sous le nom de \u00ab Final Boss Battle \u00bb, une appellation qui souligne l\u2019importance accord\u00e9e \u00e0 cette confrontation.<\/p>\n\n\n\n<p class=\"wp-block-paragraph\"><strong>Steph De Lander fera ses d\u00e9buts \u00e0 PROGRESS<\/strong><\/p>\n\n\n\n<p class=\"wp-block-paragraph\">PROGRESS Wrestling a ajout\u00e9 une nouvelle attraction \u00e0 sa programmation de septembre avec l\u2019arriv\u00e9e de Steph De Lander. La promotion britannique a confirm\u00e9 le 2 septembre que la lutteuse effectuera ses d\u00e9buts lors du spectacle When September Ends, le 27 septembre \u00e0 l\u2019Electric Ballroom de Londres. Son adversaire n\u2019a pas encore \u00e9t\u00e9 annonc\u00e9, mais l\u2019arriv\u00e9e de De Lander constitue d\u00e9j\u00e0 une signature m\u00e9diatique pour la carte. La lutteuse poss\u00e8de une exp\u00e9rience importante en Am\u00e9rique du Nord et en Australie et a multipli\u00e9 les apparitions dans plusieurs promotions au cours des derni\u00e8res ann\u00e9es. Son arriv\u00e9e donne \u00e9galement \u00e0 PROGRESS une autre personnalit\u00e9 internationale alors que la compagnie continue de b\u00e2tir sa programmation autour d\u2019un m\u00e9lange de talents britanniques et \u00e9trangers. L\u2019\u00e9v\u00e9nement du 27 septembre aura lieu quelques jours seulement apr\u00e8s plusieurs autres dates importantes du calendrier europ\u00e9en, ce qui permet \u00e0 De Lander d\u2019int\u00e9grer rapidement un week-end tr\u00e8s charg\u00e9 pour la sc\u00e8ne ind\u00e9pendante. PROGRESS n\u2019a pas encore d\u00e9voil\u00e9 le reste des d\u00e9tails entourant son combat, laissant ouverte la possibilit\u00e9 qu\u2019elle soit imm\u00e9diatement plac\u00e9e dans une rivalit\u00e9 ou dans une rencontre importante de la soir\u00e9e. Cette premi\u00e8re apparition constituera donc un rendez-vous \u00e0 surveiller pour mesurer la place que la promotion compte lui attribuer dans les mois \u00e0 venir.<\/p>\n<\/div><\/div>\n\n\n\n<div class=\"wp-block-group\"><div class=\"wp-block-group__inner-container is-layout-constrained wp-block-group-is-layout-constrained\">\n<p class=\"wp-block-paragraph\"><strong>Marz effectuera son troisi\u00e8me passage \u00e0 la wXw<\/strong><\/p>\n\n\n\n<p class=\"wp-block-paragraph\">La wXw a \u00e9galement confirm\u00e9 le retour de Marz dans ses rangs. L\u2019Australienne participera \u00e0 deux \u00e9v\u00e9nements de la promotion allemande les 21 et 28 novembre, \u00e0 Bad S\u00e4ckingen puis \u00e0 G\u00fctersloh. L\u2019annonce du 1er septembre pr\u00e9cise qu\u2019il s\u2019agira d\u00e9j\u00e0 de son troisi\u00e8me passage \u00e0 la wXw, ce qui t\u00e9moigne de la relation \u00e9tablie entre la promotion et la lutteuse australienne. Son prochain passage rev\u00eatira \u00e9galement une dimension narrative puisque Marz avait eu des tensions avec Jane Nero lors de sa pr\u00e9c\u00e9dente p\u00e9riode au sein de la compagnie. La wXw continue donc de renforcer son calendrier de fin d\u2019ann\u00e9e en combinant ses talents r\u00e9guliers avec plusieurs retours internationaux. M\u00eame si les deux combats de Marz n\u2019ont pas encore \u00e9t\u00e9 annonc\u00e9s, sa pr\u00e9sence sur ces cartes laisse d\u00e9j\u00e0 entrevoir de nouvelles possibilit\u00e9s dans une division qui conna\u00eet plusieurs changements depuis l\u2019annonce du retour du championnat mondial f\u00e9minin. Son retour s\u2019inscrit aussi dans une strat\u00e9gie plus large de la wXw consistant \u00e0 utiliser son r\u00e9seau international pour pr\u00e9senter r\u00e9guli\u00e8rement des talents provenant de diff\u00e9rents territoires. <\/p>\n\n\n\n<p class=\"wp-block-paragraph\"><strong>Kay Lee Ray de retour \u00e0 Pro Wrestling EVE<\/strong><\/p>\n\n\n\n<p class=\"wp-block-paragraph\">Kay Lee Ray aura \u00e9galement une deuxi\u00e8me implication importante sur le circuit ind\u00e9pendant britannique dans les prochains jours. Apr\u00e8s son ajout au tournoi Femmes Fatales de la wXw, elle affrontera Safire Reed lors de Mean Grrrls, le 4 septembre \u00e0 Big Penny Social \u00e0 Londres pour Pro Wrestling EVE. L\u2019annonce publi\u00e9e le 3 septembre confirme le retour de Ray dans l\u2019environnement d\u2019EVE quelques jours apr\u00e8s sa derni\u00e8re apparition pour la promotion. Elle avait r\u00e9cemment particip\u00e9 \u00e0 EVE x The World 2, o\u00f9 elle avait affront\u00e9 Miyu Yamashita dans le combat principal. Son nouvel affrontement contre Reed permet donc \u00e0 EVE de conserver une pr\u00e9sence internationale forte dans sa programmation tout en offrant \u00e0 Reed un duel contre une ancienne championne f\u00e9minine de plusieurs grandes promotions. Cette rencontre arrive \u00e9galement \u00e0 un moment o\u00f9 Ray est particuli\u00e8rement active sur la sc\u00e8ne ind\u00e9pendante europ\u00e9enne, avec son retour \u00e0 la wXw annonc\u00e9 cette semaine. Son calendrier des prochaines semaines devient ainsi particuli\u00e8rement charg\u00e9, ce qui pourrait faire de l\u2019ancienne Alba Fyre l\u2019une des figures les plus visibles du circuit f\u00e9minin britannique durant le mois de septembre. <\/p>\n<\/div><\/div>\n\n\n\n<figure class=\"wp-block-embed is-type-wp-embed is-provider-info-lutte wp-block-embed-info-lutte\"><div class=\"wp-block-embed__wrapper\">\n<blockquote class=\"wp-embedded-content\" data-secret=\"QJ5T6p1xsx\"><a href=\"https:\/\/www.jdx.info\/lutte\/2026\/08\/31\/une-grande-legende-du-quebec-nous-quitte-paul-leduc-qui-a-consacre-sa-vie-entiere-a-la-lutte-quebecoise-cest-eteint-a-89-ans\/\">Une grande l\u00e9gende du Qu\u00e9bec nous quitte, Paul Leduc qui a consacr\u00e9 sa vie enti\u00e8re \u00e0 la lutte qu\u00e9b\u00e9coise c&rsquo;est \u00e9teint \u00e0 89 ans.<\/a><\/blockquote><iframe loading=\"lazy\" class=\"wp-embedded-content\" sandbox=\"allow-scripts\" security=\"restricted\" style=\"position: absolute; visibility: hidden;\" title=\"\u00ab\u00a0Une grande l\u00e9gende du Qu\u00e9bec nous quitte, Paul Leduc qui a consacr\u00e9 sa vie enti\u00e8re \u00e0 la lutte qu\u00e9b\u00e9coise c\u2019est \u00e9teint \u00e0 89 ans.\u00a0\u00bb \u2014 Info-Lutte\" src=\"https:\/\/www.jdx.info\/lutte\/2026\/08\/31\/une-grande-legende-du-quebec-nous-quitte-paul-leduc-qui-a-consacre-sa-vie-entiere-a-la-lutte-quebecoise-cest-eteint-a-89-ans\/embed\/#?secret=wtudQHryJj#?secret=QJ5T6p1xsx\" data-secret=\"QJ5T6p1xsx\" width=\"600\" height=\"338\" frameborder=\"0\" marginwidth=\"0\" marginheight=\"0\" scrolling=\"no\"><\/iframe>\n<\/div><\/figure>\n\n\n\n<p class=\"wp-block-paragraph\"><strong>Sources :<\/strong> Fightful, PWInsider, Wrestling Observer\/F4WOnline, ProWrestling.net, Pro Wrestling Torch, POST Wrestling, Wrestling Headlines, wXw, MLW, PROGRESS Wrestling, Pro Wrestling EVE, No Holds Barred.<\/p>\n<p><\/p>","protected":false},"excerpt":{"rendered":"<p>Catch Express Indies : 3 septembre 2026 La sc\u00e8ne ind\u00e9pendante mondiale est marqu\u00e9e par une annonce particuli\u00e8rement lourde avec la fin de la carri\u00e8re \u00e0 temps plein de Mercedes Martinez apr\u00e8s une d\u00e9chirure du ligament crois\u00e9 ant\u00e9rieur. En Europe, la wXw a d\u00e9j\u00e0 trouv\u00e9 sa rempla\u00e7ante pour le tournoi Femmes Fatales, alors que Kay Lee&#8230;<\/p>\n","protected":false},"author":609,"featured_media":137932,"comment_status":"open","ping_status":"closed","sticky":false,"template":"","format":"standard","meta":{"footnotes":""},"categories":[24,30,778,22,4],"tags":[],"ppma_author":[295,292],"class_list":["post-137931","post","type-post","status-publish","format-standard","has-post-thumbnail","hentry","category-aew-impact-njpw-roh","category-ex-wwe","category-express","category-indy","category-news"],"authors":[{"term_id":295,"user_id":609,"is_guest":0,"slug":"rodrigo","display_name":"Rodrigue Tousignant","avatar_url":"https:\/\/secure.gravatar.com\/avatar\/51fe284bb6dbe8a6b4c2bf998ad658f4a9cd24b7e58f15ec85888070c7340ce6?s=96&d=mm&r=g","author_category":"","first_name":"Rodrigue","last_name":"Tousignant","user_url":"http:\/\/Info-Lutte.com","job_title":"","description":"Il me fait plaisir de venir aider Jason qui tien Info-Lutte \u00e0 bout de bras depuis presque 20 ans. \r\n\r\nBien que je me suis pas journaliste cela a toujours \u00e9t\u00e9 mon r\u00eave donc je ferai de mon mieux avec la bonne formation qu'il me donne pour vous donner le meilleur des informations du catch."},{"term_id":292,"user_id":4,"is_guest":0,"slug":"jean","display_name":"Jean Vinnier","avatar_url":"https:\/\/secure.gravatar.com\/avatar\/33aba0263fd870a0b487e0e079ff407e10e3997c9d2987cbcc0db0db2c5c75a9?s=96&d=mm&r=g","author_category":"","first_name":"Jean","last_name":"Vinnier","user_url":"https:\/\/www.facebook.com\/jean.vinnier","job_title":"","description":""}],"_links":{"self":[{"href":"https:\/\/www.jdx.info\/lutte\/wp-json\/wp\/v2\/posts\/137931","targetHints":{"allow":["GET"]}}],"collection":[{"href":"https:\/\/www.jdx.info\/lutte\/wp-json\/wp\/v2\/posts"}],"about":[{"href":"https:\/\/www.jdx.info\/lutte\/wp-json\/wp\/v2\/types\/post"}],"author":[{"embeddable":true,"href":"https:\/\/www.jdx.info\/lutte\/wp-json\/wp\/v2\/users\/609"}],"replies":[{"embeddable":true,"href":"https:\/\/www.jdx.info\/lutte\/wp-json\/wp\/v2\/comments?post=137931"}],"version-history":[{"count":1,"href":"https:\/\/www.jdx.info\/lutte\/wp-json\/wp\/v2\/posts\/137931\/revisions"}],"predecessor-version":[{"id":137933,"href":"https:\/\/www.jdx.info\/lutte\/wp-json\/wp\/v2\/posts\/137931\/revisions\/137933"}],"wp:featuredmedia":[{"embeddable":true,"href":"https:\/\/www.jdx.info\/lutte\/wp-json\/wp\/v2\/media\/137932"}],"wp:attachment":[{"href":"https:\/\/www.jdx.info\/lutte\/wp-json\/wp\/v2\/media?parent=137931"}],"wp:term":[{"taxonomy":"category","embeddable":true,"href":"https:\/\/www.jdx.info\/lutte\/wp-json\/wp\/v2\/categories?post=137931"},{"taxonomy":"post_tag","embeddable":true,"href":"https:\/\/www.jdx.info\/lutte\/wp-json\/wp\/v2\/tags?post=137931"},{"taxonomy":"author","embeddable":true,"href":"https:\/\/www.jdx.info\/lutte\/wp-json\/wp\/v2\/ppma_author?post=137931"}],"curies":[{"name":"wp","href":"https:\/\/api.w.org\/{rel}","templated":true}]}}