{"id":137888,"date":"2026-09-03T11:11:00","date_gmt":"2026-09-03T15:11:00","guid":{"rendered":"https:\/\/www.jdx.info\/lutte\/?p=137888"},"modified":"2026-09-03T14:09:53","modified_gmt":"2026-09-03T18:09:53","slug":"john-cena-publie-une-declaration-concernant-latteinte-dune-etape-special-du-miz-a-la-wwe","status":"publish","type":"post","link":"https:\/\/www.jdx.info\/lutte\/2026\/09\/03\/john-cena-publie-une-declaration-concernant-latteinte-dune-etape-special-du-miz-a-la-wwe\/","title":{"rendered":"John Cena publie une d\u00e9claration concernant l\u2019atteinte d\u2019une \u00e9tape sp\u00e9cial du Miz \u00e0 la WWE !"},"content":{"rendered":"\n<div class=\"wp-block-group\"><div class=\"wp-block-group__inner-container is-layout-constrained wp-block-group-is-layout-constrained\">\n<p class=\"wp-block-paragraph\">The Miz a c\u00e9l\u00e9br\u00e9 mardi le 20e anniversaire de ses d\u00e9buts sur le ring \u00e0 la WWE, avec son rival de longue date John Cena parmi ceux qui le f\u00e9licitaient pour cette \u00e9tape importante.<\/p>\n\n\n\n<p class=\"wp-block-paragraph\">Miz a fait ses d\u00e9buts officiels \u00e0 WWE SmackDown en s\u2019imposant sur Tatanka lors d\u2019un match enregistr\u00e9 le 29 ao\u00fbt 2006. Il a \u00e9t\u00e9 diffus\u00e9 quelques jours plus tard dans l\u2019\u00e9pisode du 1er septembre.<\/p>\n\n\n\n<p class=\"wp-block-paragraph\">Cena a marqu\u00e9 l\u2019occasion par un post sur les r\u00e9seaux sociaux louant Miz et r\u00e9v\u00e9lant qu\u2019il souligne r\u00e9guli\u00e8rement l\u2019\u00e9thique de travail de l\u2019ancien champion de la WWE lorsqu\u2019il parle avec de jeunes talents.<\/p>\n\n\n\n<blockquote class=\"wp-block-quote is-layout-flow wp-block-quote-is-layout-flow\">\n<p class=\"wp-block-paragraph\">\u00ab Le respect s\u2019m\u00e9rite. Tu as gagn\u00e9 la mienne il y a longtemps. Chaque coucher de soleil rend bien plus difficile pour la plupart des autres de nier le leur. \u00bb<\/p>\n<\/blockquote>\n\n\n\n<p class=\"wp-block-paragraph\">Cena a ensuite f\u00e9licit\u00e9 Miz pour sa long\u00e9vit\u00e9 et l\u2019exemple qu\u2019il continue de donner.<\/p>\n\n\n\n<blockquote class=\"wp-block-quote is-layout-flow wp-block-quote-is-layout-flow\">\n<p class=\"wp-block-paragraph\">\u00ab F\u00e9licitations pour 20 ans incroyables. Tu ES l\u2019exemple que je donne constamment aux jeunes talents d\u2019efforts et de transformation de tout en divertissement ! \u00bb<\/p>\n<\/blockquote>\n<\/div><\/div>\n\n\n\n<div class=\"wp-block-group\"><div class=\"wp-block-group__inner-container is-layout-constrained wp-block-group-is-layout-constrained\">\n<p class=\"wp-block-paragraph\">Miz et Cena ont \u00e9t\u00e9 c\u00e9l\u00e8bres pour avoir \u00e9t\u00e9 la t\u00eate d\u2019affiche de WrestleMania 27 en 2011, avec The Rock jouant \u00e9galement un r\u00f4le majeur dans le match. Bien que Miz ait esp\u00e9r\u00e9 affronter Cena une derni\u00e8re fois lors de sa tourn\u00e9e de retraite, le combat n\u2019a jamais eu lieu. Miz est apparu lors du show de retraite de Cena avant d\u2019interagir avec lui \u00e0 WrestleMania 42, que Cena a anim\u00e9.<\/p>\n\n\n\n<p class=\"wp-block-paragraph\">Dans son propre article d\u2019anniversaire, Miz, \u00e2g\u00e9 de 45 ans, a clairement indiqu\u00e9 qu\u2019il n\u2019a pas l\u2019intention de mettre fin \u00e0 cette carri\u00e8re de sit\u00f4t.<\/p>\n\n\n\n<blockquote class=\"wp-block-quote is-layout-flow wp-block-quote-is-layout-flow\">\n<p class=\"wp-block-paragraph\">\u00ab Il y a 20 ans aujourd\u2019hui, j\u2019ai fait mes d\u00e9buts sur le ring \u00e0 la WWE. La plupart disaient que je ne tiendrais pas. \u00c7a a bien vieilli. Et le meilleur dans tout \u00e7a ? Je n\u2019ai pas encore fini. Toujours l\u00e0. Toujours incontournable. Toujours G\u00c9NIAL. \u00bb<\/p>\n<\/blockquote>\n\n\n\n<p class=\"wp-block-paragraph\">Miz a ensuite invit\u00e9 les fans \u00e0 partager leurs moments pr\u00e9f\u00e9r\u00e9s de sa carri\u00e8re \u00e0 la WWE.<\/p>\n\n\n\n<blockquote class=\"wp-block-quote is-layout-flow wp-block-quote-is-layout-flow\">\n<p class=\"wp-block-paragraph\">\u00ab Montre-moi ton moment pr\u00e9f\u00e9r\u00e9 de Miz. Tague-moi et je pourrai reposter. Consid\u00e9rez cela comme votre mission. Cours termin\u00e9. \u00bb<\/p>\n<\/blockquote>\n\n\n\n<p class=\"wp-block-paragraph\">Miz fera \u00e9quipe avec Kit Wilson contre les membres de Bakusai, Shinsuke Nakamura et Kyoki, lors de l\u2019\u00e9pisode enregistr\u00e9 de SmackDown ce vendredi. Il est \u00e9galement rest\u00e9 actif lors des \u00e9v\u00e9nements en direct de la WWE cet \u00e9t\u00e9, travaillant fr\u00e9quemment contre Danhausen et Kevin Owens.<\/p>\n<\/div><\/div>\n\n\n\n<figure class=\"wp-block-embed is-type-rich is-provider-twitter wp-block-embed-twitter\"><div class=\"wp-block-embed__wrapper\">\n<blockquote class=\"twitter-tweet\" data-width=\"550\" data-dnt=\"true\"><p lang=\"en\" dir=\"ltr\">Respect is earned. You earned mine a long time ago. Each sunset makes it far more difficult for most anyone else to deny theirs. Congratulations on an incredible 20 years! You ARE the example I consistently bring up to young talent of effort &amp; turning anything into entertaining! <a href=\"https:\/\/t.co\/uVwLw0IvmG\">https:\/\/t.co\/uVwLw0IvmG<\/a><\/p>&mdash; John Cena (@JohnCena) <a href=\"https:\/\/x.com\/JohnCena\/status\/2095112103006814331?ref_src=twsrc%5Etfw\">September 2, 2026<\/a><\/blockquote><script async src=\"https:\/\/platform.x.com\/widgets.js\" charset=\"utf-8\"><\/script>\n<\/div><\/figure>\n<p><\/p>","protected":false},"excerpt":{"rendered":"<p>The Miz a c\u00e9l\u00e9br\u00e9 mardi le 20e anniversaire de ses d\u00e9buts sur le ring \u00e0 la WWE, avec son rival de longue date John Cena parmi ceux qui le f\u00e9licitaient pour cette \u00e9tape importante. Miz a fait ses d\u00e9buts officiels \u00e0 WWE SmackDown en s\u2019imposant sur Tatanka lors d\u2019un match enregistr\u00e9 le 29 ao\u00fbt 2006&#8230;.<\/p>\n","protected":false},"author":665,"featured_media":137940,"comment_status":"open","ping_status":"closed","sticky":false,"template":"","format":"standard","meta":{"footnotes":""},"categories":[4,23],"tags":[229,132,462,107],"ppma_author":[289],"class_list":["post-137888","post","type-post","status-publish","format-standard","has-post-thumbnail","hentry","category-news","category-wwe","tag-hollywood","tag-john-cena","tag-the-miz","tag-wwe"],"authors":[{"term_id":289,"user_id":665,"is_guest":0,"slug":"line","display_name":"Line Edmond","avatar_url":"https:\/\/secure.gravatar.com\/avatar\/852de09636413c90cdaa278312f9ea5bc4396768745424755cb63d99a05989d0?s=96&d=mm&r=g","author_category":"","first_name":"Line","last_name":"Edmond","user_url":"http:\/\/Info-Lutte.com","job_title":"","description":""}],"_links":{"self":[{"href":"https:\/\/www.jdx.info\/lutte\/wp-json\/wp\/v2\/posts\/137888","targetHints":{"allow":["GET"]}}],"collection":[{"href":"https:\/\/www.jdx.info\/lutte\/wp-json\/wp\/v2\/posts"}],"about":[{"href":"https:\/\/www.jdx.info\/lutte\/wp-json\/wp\/v2\/types\/post"}],"author":[{"embeddable":true,"href":"https:\/\/www.jdx.info\/lutte\/wp-json\/wp\/v2\/users\/665"}],"replies":[{"embeddable":true,"href":"https:\/\/www.jdx.info\/lutte\/wp-json\/wp\/v2\/comments?post=137888"}],"version-history":[{"count":3,"href":"https:\/\/www.jdx.info\/lutte\/wp-json\/wp\/v2\/posts\/137888\/revisions"}],"predecessor-version":[{"id":137942,"href":"https:\/\/www.jdx.info\/lutte\/wp-json\/wp\/v2\/posts\/137888\/revisions\/137942"}],"wp:featuredmedia":[{"embeddable":true,"href":"https:\/\/www.jdx.info\/lutte\/wp-json\/wp\/v2\/media\/137940"}],"wp:attachment":[{"href":"https:\/\/www.jdx.info\/lutte\/wp-json\/wp\/v2\/media?parent=137888"}],"wp:term":[{"taxonomy":"category","embeddable":true,"href":"https:\/\/www.jdx.info\/lutte\/wp-json\/wp\/v2\/categories?post=137888"},{"taxonomy":"post_tag","embeddable":true,"href":"https:\/\/www.jdx.info\/lutte\/wp-json\/wp\/v2\/tags?post=137888"},{"taxonomy":"author","embeddable":true,"href":"https:\/\/www.jdx.info\/lutte\/wp-json\/wp\/v2\/ppma_author?post=137888"}],"curies":[{"name":"wp","href":"https:\/\/api.w.org\/{rel}","templated":true}]}}