{"id":137843,"date":"2026-08-31T14:22:00","date_gmt":"2026-08-31T18:22:00","guid":{"rendered":"https:\/\/www.jdx.info\/lutte\/?p=137843"},"modified":"2026-08-31T15:02:18","modified_gmt":"2026-08-31T19:02:18","slug":"une-grande-legende-du-quebec-nous-quitte-paul-leduc-qui-a-consacre-sa-vie-entiere-a-la-lutte-quebecoise-cest-eteint-a-89-ans","status":"publish","type":"post","link":"https:\/\/www.jdx.info\/lutte\/2026\/08\/31\/une-grande-legende-du-quebec-nous-quitte-paul-leduc-qui-a-consacre-sa-vie-entiere-a-la-lutte-quebecoise-cest-eteint-a-89-ans\/","title":{"rendered":"Une grande l\u00e9gende du Qu\u00e9bec nous quitte, Paul Leduc qui a consacr\u00e9 sa vie enti\u00e8re \u00e0 la lutte qu\u00e9b\u00e9coise c&rsquo;est \u00e9teint \u00e0 89 ans."},"content":{"rendered":"\n<h1 class=\"wp-block-heading\"><\/h1>\n\n\n\n<p class=\"wp-block-paragraph\">La lutte qu\u00e9b\u00e9coise vient de perdre l\u2019une de ses figures les plus importantes. Paul Leduc s\u2019est \u00e9teint le 30 ao\u00fbt 2026, \u00e0 l\u2019\u00e2ge de 89 ans, au terme d\u2019une vie qui aura \u00e9t\u00e9 intimement li\u00e9e \u00e0 la lutte professionnelle pendant pr\u00e8s de sept d\u00e9cennies. Pour ceux qui ne l\u2019ont connu qu\u2019\u00e0 travers la F\u00e9d\u00e9ration de lutte qu\u00e9b\u00e9coise, ses chroniques ou ses derni\u00e8res apparitions dans le milieu, il \u00e9tait d\u00e9j\u00e0 une l\u00e9gende. Pour ceux qui ont suivi sa carri\u00e8re depuis ses d\u00e9buts, il repr\u00e9sentait beaucoup plus : il \u00e9tait l\u2019un des derniers t\u00e9moins directs d\u2019une \u00e9poque o\u00f9 la lutte qu\u00e9b\u00e9coise poss\u00e9dait son propre territoire, ses propres vedettes, ses propres promoteurs et une identit\u00e9 qui n\u2019avait rien \u00e0 envier aux grands march\u00e9s am\u00e9ricains.<\/p>\n\n\n\n<p class=\"wp-block-paragraph\">Paul Leduc aura surtout eu une particularit\u00e9 qui explique la place qu\u2019il occupe aujourd\u2019hui dans notre m\u00e9moire : il ne s\u2019est jamais r\u00e9ellement \u00e9loign\u00e9 de la lutte. Sa premi\u00e8re carri\u00e8re s\u2019est d\u00e9roul\u00e9e dans les rings, mais les d\u00e9cennies suivantes l\u2019ont amen\u00e9 \u00e0 travailler dans les m\u00e9dias, \u00e0 \u00e9crire sur ce qu\u2019il avait v\u00e9cu, \u00e0 conseiller de jeunes lutteurs, \u00e0 promouvoir des galas et finalement \u00e0 b\u00e2tir une structure destin\u00e9e \u00e0 donner une chance \u00e0 une nouvelle g\u00e9n\u00e9ration. Lorsqu\u2019on regarde l\u2019ensemble de son parcours, on comprend que sa plus grande contribution n\u2019est peut-\u00eatre pas un championnat remport\u00e9 ou une rivalit\u00e9 devenue mythique, mais le fait qu\u2019il ait continuellement cherch\u00e9 \u00e0 faire vivre la lutte autour de lui.<\/p>\n\n\n\n<h2 class=\"wp-block-heading\">Un jeune homme qui voulait devenir lutteur<\/h2>\n\n\n\n<p class=\"wp-block-paragraph\">Paul Leduc d\u00e9cide de devenir lutteur professionnel en 1957, \u00e0 seulement 18 ans. \u00c0 cette \u00e9poque, il ne correspond pas n\u00e9cessairement au prototype du colosse que les promoteurs recherchent, puisqu\u2019il mesure environ 5 pi 10 po et p\u00e8se autour de 195 livres. On lui conseille m\u00eame de ne pas poursuivre dans cette voie en raison de son gabarit. Il choisit pourtant de faire exactement le contraire. Il commence son apprentissage \u00e0 Montr\u00e9al, dans un gymnase o\u00f9 Pat Patterson avait \u00e9galement appris les rudiments du m\u00e9tier, puis part au Mexique pendant environ deux ans afin de perfectionner sa formation.<\/p>\n\n\n\n<p class=\"wp-block-paragraph\">Ce d\u00e9part vers le Mexique est d\u00e9j\u00e0 r\u00e9v\u00e9lateur de la mentalit\u00e9 de Paul. Il ne consid\u00e8re pas qu\u2019il suffit d\u2019entrer dans un ring pour devenir lutteur. Il faut apprendre, observer et accumuler de l\u2019exp\u00e9rience. Cette conception du m\u00e9tier restera pr\u00e9sente tout au long de son existence et expliquera plus tard pourquoi il accordera autant d\u2019importance \u00e0 l\u2019apprentissage des jeunes lutteurs.<\/p>\n\n\n\n<p class=\"wp-block-paragraph\">C\u2019est \u00e9galement dans les ann\u00e9es 1960 que Paul va contribuer \u00e0 cr\u00e9er l\u2019un des personnages les plus connus de la lutte qu\u00e9b\u00e9coise. Il convainc son ami Michel Pigeon de se lancer lui aussi dans le m\u00e9tier et celui-ci prend le nom de Jos Leduc. Les deux hommes se pr\u00e9sentent alors comme des fr\u00e8res, m\u00eame s\u2019ils ne le sont \u00e9videmment pas dans la vie. Le sc\u00e9nario fonctionnera remarquablement bien et deviendra tellement associ\u00e9 \u00e0 leur image que, encore des d\u00e9cennies plus tard, leur v\u00e9ritable lien familial fera partie des anecdotes incontournables lorsqu\u2019on raconte leur histoire.<\/p>\n\n\n\n<h2 class=\"wp-block-heading\">Les fr\u00e8res Leduc arrivent \u00e0 la Stampede<\/h2>\n\n\n\n<p class=\"wp-block-paragraph\">Paul et Jos font \u00e9quipe dans les grands territoires canadiens et arrivent notamment \u00e0 la Stampede Wrestling de Stu Hart, le p\u00e8re de Bret et Owen, \u00e0 Calgary en 1968. Ils d\u00e9veloppent alors leur fameux personnage de b\u00fbcherons canadiens, une pr\u00e9sentation qui colle parfaitement \u00e0 leur apparence et qui contribue \u00e0 les rendre imm\u00e9diatement identifiables. Les deux connaissent suffisamment de succ\u00e8s pour remporter le championnat international par \u00e9quipe de la Stampede en janvier 1969.<\/p>\n\n\n\n<p class=\"wp-block-paragraph\">Ce passage dans l\u2019Ouest canadien est important dans la carri\u00e8re de Paul parce qu\u2019il d\u00e9montre que les fr\u00e8res Leduc ne sont pas seulement un ph\u00e9nom\u00e8ne local montr\u00e9alais. Ils sont capables de voyager, de fonctionner dans d\u2019autres territoires et de s\u2019imposer dans un environnement o\u00f9 plusieurs grandes \u00e9quipes canadiennes et am\u00e9ricaines viennent gagner leur vie.<\/p>\n\n\n\n<p class=\"wp-block-paragraph\">Lorsqu\u2019ils reviennent au Qu\u00e9bec, leur r\u00e9putation les pr\u00e9c\u00e8de. Les Leduc se retrouvent rapidement dans les grandes rivalit\u00e9s de la sc\u00e8ne montr\u00e9alaise, notamment contre les Vachon et les Rougeau. La rivalit\u00e9 des Leduc avec les fr\u00e8res Vachon, Maurice \u00ab Mad Dog \u00bb et Paul \u00ab The Butcher \u00bb, deviendra l\u2019une des grandes histoires de cette g\u00e9n\u00e9ration et sera plus tard consid\u00e9r\u00e9e comme l\u2019une des rivalit\u00e9s majeures de l\u2019histoire de la lutte au Qu\u00e9bec.<\/p>\n\n\n\n<p class=\"wp-block-paragraph\">Leur passage au Grand Prix Wrestling confirme \u00e9galement leur importance. Les archives historiques les placent parmi les principales \u00e9quipes de la promotion et indiquent un r\u00e8gne comme champions par \u00e9quipe en 1972, suivi d\u2019un autre r\u00e8gne durant la p\u00e9riode 1972-1973. Des r\u00e9sultats conserv\u00e9s de l\u2019\u00e9poque montrent les Leduc r\u00e9guli\u00e8rement en action au Forum de Montr\u00e9al, au Colis\u00e9e de Qu\u00e9bec, \u00e0 l\u2019Auditorium de Verdun et \u00e0 Ottawa, affrontant des noms comme les Hollywood Blonds, les Blackjacks, Don Leo Jonathan, Killer Kowalski et les Vachon.<\/p>\n\n\n\n<h2 class=\"wp-block-heading\">Les Leduc ne sont plus seulement des personnages qu\u00e9b\u00e9cois<\/h2>\n\n\n\n<p class=\"wp-block-paragraph\">Les fr\u00e8res Leduc poursuivent leur route en dehors du Qu\u00e9bec et se retrouvent notamment en Floride sous le nom des Canadian Lumberjacks. Le 23 novembre 1973, ils battent Dusty Rhodes et Dick Slater pour remporter le championnat par \u00e9quipe de la NWA Florida. Les archives des semaines suivantes montrent plusieurs d\u00e9fenses du titre contre des \u00e9quipes importantes du territoire, dont Mad Dog Vachon et Stan Vachon.<\/p>\n\n\n\n<p class=\"wp-block-paragraph\">Ce r\u00e8gne en Floride constitue \u00e9galement l\u2019un des derniers grands moments du tandem avant que la carri\u00e8re des deux hommes ne prenne des directions diff\u00e9rentes. Une blessure r\u00e9elle viendra limiter Paul, tandis que Jos poursuivra une longue carri\u00e8re individuelle. Paul finit par quitter le ring r\u00e9guli\u00e8rement et met officiellement un terme \u00e0 sa carri\u00e8re de lutteur en 1978.<\/p>\n\n\n\n<p class=\"wp-block-paragraph\">Mais m\u00eame cette retraite ne sera jamais v\u00e9ritablement une rupture avec le monde de la lutte.<\/p>\n\n\n\n<h2 class=\"wp-block-heading\">Le Forum de Montr\u00e9al et un mariage devenu historique<\/h2>\n\n\n\n<p class=\"wp-block-paragraph\">Parmi les nombreuses anecdotes qui entourent sa carri\u00e8re, une demeure particuli\u00e8rement difficile \u00e0 oublier : Paul Leduc s\u2019est mari\u00e9 dans le ring du Forum de Montr\u00e9al en 1971. Dans une \u00e9poque o\u00f9 la lutte professionnelle faisait partie de la culture populaire qu\u00e9b\u00e9coise d\u2019une mani\u00e8re qui semble aujourd\u2019hui presque inimaginable, le ring pouvait \u00eatre utilis\u00e9 comme une v\u00e9ritable sc\u00e8ne publique. Le mariage de Leduc est ainsi devenu l\u2019un des \u00e9pisodes les plus souvent rappel\u00e9s lorsqu\u2019on revient sur sa carri\u00e8re.<\/p>\n\n\n\n<p class=\"wp-block-paragraph\">Ce genre d\u2019\u00e9v\u00e9nement peut aujourd\u2019hui sembler \u00e9trange, mais il correspond parfaitement \u00e0 l\u2019\u00e9poque que Paul a connue. Les lutteurs n\u2019\u00e9taient pas seulement des athl\u00e8tes que l\u2019on voyait deux heures par semaine \u00e0 la t\u00e9l\u00e9vision. Ils \u00e9taient des personnages qui vivaient dans l\u2019imaginaire du public et qui pouvaient devenir des vedettes locales au m\u00eame titre que les grandes personnalit\u00e9s du sport ou du spectacle.<\/p>\n\n\n\n<p class=\"wp-block-paragraph\">Paul Leduc aura donc connu cette lutte-l\u00e0 de l\u2019int\u00e9rieur, \u00e0 une \u00e9poque o\u00f9 le Forum, les grandes salles de la province et les circuits r\u00e9gionaux repr\u00e9sentaient encore le c\u0153ur de l\u2019industrie.<\/p>\n\n\n\n<h2 class=\"wp-block-heading\">Apr\u00e8s le ring, une nouvelle carri\u00e8re<\/h2>\n\n\n\n<p class=\"wp-block-paragraph\">Lorsqu\u2019il prend sa retraite en 1978, Paul Leduc ne quitte pas pour autant le monde professionnel. En 1979, il entre chez Qu\u00e9becor et y occupe pendant plusieurs ann\u00e9es une fonction importante dans la distribution des m\u00e9dias \u00e0 Montr\u00e9al. Il racontait lui-m\u00eame avoir commenc\u00e9 \u00e0 une \u00e9poque o\u00f9 Qu\u00e9becor comptait environ 1 200 employ\u00e9s, bien avant la croissance qui allait transformer compl\u00e8tement l\u2019entreprise.<\/p>\n\n\n\n<p class=\"wp-block-paragraph\">Cette exp\u00e9rience dans le monde des m\u00e9dias aura une importance consid\u00e9rable pour la suite de sa vie. Paul reste attentif \u00e0 la lutte, suit son \u00e9volution et commence progressivement \u00e0 partager ses souvenirs et ses analyses. Sa chronique \u00ab 1-2-3 \u00bb, publi\u00e9e sur Cano\u00eb, n\u2019est pas celle d\u2019un observateur qui d\u00e9couvre l\u2019histoire apr\u00e8s coup. Paul parle d\u2019un univers qu\u2019il a connu personnellement et dont il a \u00e9t\u00e9 l\u2019un des participants.<\/p>\n\n\n\n<p class=\"wp-block-paragraph\">Le fait que des ressources consacr\u00e9es \u00e0 l\u2019histoire du sport qu\u00e9b\u00e9cois r\u00e9f\u00e8rent \u00e0 Paul Leduc comme \u00e0 une source importante sur l\u2019histoire de la lutte professionnelle au Qu\u00e9bec n\u2019est donc pas anodin. Il \u00e9tait devenu une m\u00e9moire vivante de cette industrie.<\/p>\n\n\n\n<h2 class=\"wp-block-heading\">De t\u00e9moin \u00e0 b\u00e2tisseur<\/h2>\n\n\n\n<p class=\"wp-block-paragraph\">\u00c0 la fin des ann\u00e9es 1990, Paul Leduc commence \u00e0 reprendre une place de plus en plus active dans la sc\u00e8ne locale. Il est notamment pr\u00e9sent autour de la promotion de Jacques Rougeau Jr., International Wrestling 2000, \u00e0 Montr\u00e9al. Une entrevue de 1999 le montre d\u2019ailleurs en train d\u2019interviewer Kurrgan \u00e0 l\u2019occasion d\u2019un spectacle de la promotion, tandis qu\u2019une autre archive le montre aux c\u00f4t\u00e9s de Jimmy et Ronnie Garvin lors de leur retour \u00e0 Montr\u00e9al.<\/p>\n\n\n\n<p class=\"wp-block-paragraph\">Cette p\u00e9riode est importante parce que la lutte qu\u00e9b\u00e9coise tente alors de se reconstruire. Le grand syst\u00e8me territorial n\u2019existe plus comme auparavant et le produit am\u00e9ricain domine une bonne partie de l\u2019attention du public. La sc\u00e8ne ind\u00e9pendante tente n\u00e9anmoins de repartir, avec des organisations comme la NCW, l\u2019ICW, International Wrestling 2000 et bient\u00f4t la FLQ. Les archives historiques de la p\u00e9riode soulignent justement le besoin de d\u00e9velopper une nouvelle g\u00e9n\u00e9ration et d\u2019obtenir davantage d\u2019exposition m\u00e9diatique pour que les talents qu\u00e9b\u00e9cois puissent rejoindre le public.<\/p>\n\n\n\n<p class=\"wp-block-paragraph\">Paul Leduc allait r\u00e9pondre \u00e0 ce probl\u00e8me \u00e0 sa fa\u00e7on.<\/p>\n\n\n\n<h2 class=\"wp-block-heading\">2000 : la cr\u00e9ation de la F\u00e9d\u00e9ration de lutte qu\u00e9b\u00e9coise<\/h2>\n\n\n\n<p class=\"wp-block-paragraph\">En 2000, Paul Leduc fonde la <strong>F\u00e9d\u00e9ration de lutte qu\u00e9b\u00e9coise<\/strong>, la FLQ, qui sera \u00e9galement pr\u00e9sent\u00e9e sous le concept de <strong>Th\u00e9\u00e2tre Extr\u00eame<\/strong>. Une archive contemporaine consacr\u00e9e \u00e0 la sc\u00e8ne qu\u00e9b\u00e9coise d\u00e9crit alors la cr\u00e9ation de la promotion par Leduc et son association avec diff\u00e9rents lutteurs provenant de promotions comme la UPW, la NCW et la NWF. Elle souligne \u00e9galement l\u2019implication de Deepak Massand et le lancement des premiers galas \u00e0 la mi-novembre 2000.<\/p>\n\n\n\n<p class=\"wp-block-paragraph\">La cr\u00e9ation de la FLQ repr\u00e9sente une nouvelle \u00e9tape pour Paul. Cette fois, il ne cherche plus \u00e0 construire sa propre carri\u00e8re. Il cr\u00e9e litt\u00e9ralement un endroit o\u00f9 d\u2019autres pourront construire la leur.<\/p>\n\n\n\n<p class=\"wp-block-paragraph\">C\u2019est l\u00e0 que l\u2019on voit le mieux la diff\u00e9rence entre sa premi\u00e8re carri\u00e8re et ce qu\u2019il accomplira par la suite. Il avait connu une p\u00e9riode o\u00f9 la lutte offrait des territoires suffisamment importants pour permettre aux jeunes de progresser. \u00c0 son retour, le paysage \u00e9tait diff\u00e9rent. Il fallait recr\u00e9er des occasions de travailler. Paul choisit donc de cr\u00e9er une organisation capable de pr\u00e9senter des spectacles r\u00e9guli\u00e8rement et de donner du temps de ring \u00e0 ceux qui en avaient besoin.<\/p>\n\n\n\n<p class=\"wp-block-paragraph\">La FLQ devient ainsi l\u2019un des \u00e9l\u00e9ments importants du red\u00e9marrage de la lutte qu\u00e9b\u00e9coise au d\u00e9but des ann\u00e9es 2000. Des sources consacr\u00e9es \u00e0 cette p\u00e9riode d\u00e9crivent Paul comme l\u2019un des promoteurs ayant contribu\u00e9 \u00e0 remettre la sc\u00e8ne locale sur pied, tandis que les archives de la promotion et les t\u00e9moignages contemporains montrent une organisation fonctionnant avec Paul, son \u00e9pouse Pierrette et ses enfants Yan, Carl et Kim.<\/p>\n\n\n\n<h2 class=\"wp-block-heading\">Une v\u00e9ritable \u00e9cole de la rel\u00e8ve<\/h2>\n\n\n\n<p class=\"wp-block-paragraph\">La FLQ ne se limite pas \u00e0 organiser des galas. Son importance vient aussi du fait qu\u2019elle devient un environnement d\u2019apprentissage. Plusieurs lutteurs vont pouvoir y accumuler des matchs, apprendre \u00e0 travailler devant un public et commencer \u00e0 b\u00e2tir une carri\u00e8re.<\/p>\n\n\n\n<p class=\"wp-block-paragraph\">Un exemple particuli\u00e8rement parlant est celui de Rami Sebei, qui luttera sous le nom de Stevie McFly avant de devenir Sami Zayn. Son deuxi\u00e8me combat de carri\u00e8re est pr\u00e9sent\u00e9 \u00e0 la FLQ dans le quartier Rosemont, en mars 2002, et la promotion deviendra ensuite la premi\u00e8re organisation pour laquelle il travaillera de fa\u00e7on r\u00e9guli\u00e8re.<\/p>\n\n\n\n<p class=\"wp-block-paragraph\">Avec le recul, ce d\u00e9tail est \u00e9videmment extraordinaire. En 2002, personne ne pouvait savoir que ce jeune lutteur finirait par devenir une vedette de la WWE et une figure internationale. Il avait simplement besoin d\u2019un endroit o\u00f9 travailler. C\u2019est pr\u00e9cis\u00e9ment ce que Paul Leduc avait voulu cr\u00e9er.<\/p>\n\n\n\n<p class=\"wp-block-paragraph\">Et Sami Zayn ne repr\u00e9sente pas \u00e0 lui seul l\u2019importance de cette structure. Au fil des ann\u00e9es, la FLQ permet \u00e0 de nombreux lutteurs qu\u00e9b\u00e9cois et canadiens de se d\u00e9velopper et de faire leurs premi\u00e8res armes dans un environnement r\u00e9gulier. TVA Sports a d\u2019ailleurs identifi\u00e9 Paul Leduc parmi les personnalit\u00e9s les plus influentes de l\u2019histoire r\u00e9cente de la lutte qu\u00e9b\u00e9coise en soulignant qu\u2019il avait permis \u00e0 plusieurs talents de se perfectionner gr\u00e2ce aux spectacles r\u00e9guliers de la FLQ.<\/p>\n\n\n\n<h2 class=\"wp-block-heading\">Les ann\u00e9es FLQ et les galas locaux<\/h2>\n\n\n\n<p class=\"wp-block-paragraph\">La force du projet de Paul Leduc r\u00e9sidait aussi dans son caract\u00e8re profond\u00e9ment local. La FLQ pouvait pr\u00e9senter ses spectacles dans des salles beaucoup plus modestes que celles qu\u2019il avait connues dans les ann\u00e9es 1970, mais elle permettait pr\u00e9cis\u00e9ment \u00e0 la lutte de continuer \u00e0 exister dans ces communaut\u00e9s.<\/p>\n\n\n\n<p class=\"wp-block-paragraph\">Les archives du d\u00e9but des ann\u00e9es 2000 montrent une sc\u00e8ne qu\u00e9b\u00e9coise o\u00f9 les lutteurs circulent d\u2019une promotion \u00e0 l\u2019autre et o\u00f9 les organisations r\u00e9gionales deviennent essentielles \u00e0 leur d\u00e9veloppement. La FLQ de Paul fait partie de cet environnement, mais elle se distingue par son lien direct avec une l\u00e9gende d\u2019une g\u00e9n\u00e9ration pr\u00e9c\u00e9dente qui avait d\u00e9cid\u00e9 de revenir pour faire travailler les suivants.<\/p>\n\n\n\n<p class=\"wp-block-paragraph\">Paul avait \u00e9galement compris que le public devait avoir une raison de sortir de chez lui. Dans ses propres \u00e9crits, il revenait justement sur le probl\u00e8me de l\u2019exposition m\u00e9diatique et expliquait que, malgr\u00e9 le talent pr\u00e9sent dans les diff\u00e9rentes r\u00e9gions du Qu\u00e9bec, celui-ci demeurait largement invisible sans un v\u00e9hicule capable d\u2019entrer r\u00e9guli\u00e8rement dans les foyers. Il rappelait \u00e9galement que des villes comme Cap-de-la-Madeleine et Trois-Rivi\u00e8res avaient d\u00e9j\u00e0 connu des foules importantes \u00e0 l\u2019\u00e9poque des anciens promoteurs.<\/p>\n\n\n\n<p class=\"wp-block-paragraph\">Ce n\u2019\u00e9tait pas simplement une nostalgie du pass\u00e9. Paul essayait de comprendre pourquoi la lutte locale avait fonctionn\u00e9 autrefois et comment elle pouvait retrouver une place dans une soci\u00e9t\u00e9 o\u00f9 les habitudes des amateurs avaient compl\u00e8tement chang\u00e9.<\/p>\n\n\n\n<h2 class=\"wp-block-heading\">Paul Leduc et Info-Lutte<\/h2>\n\n\n\n<p class=\"wp-block-paragraph\">C\u2019est \u00e9galement au cours de cette p\u00e9riode que Paul Leduc prend une place particuli\u00e8re dans l\u2019histoire d\u2019Info-Lutte. Entre <strong>2001 et 2008<\/strong>, il agit comme <strong>chroniqueur sp\u00e9cial pour le site<\/strong>.<\/p>\n\n\n\n<p class=\"wp-block-paragraph\">Cette collaboration arrive au moment o\u00f9 Internet commence \u00e0 changer profond\u00e9ment la mani\u00e8re dont les amateurs qu\u00e9b\u00e9cois d\u00e9couvrent leur propre sc\u00e8ne. Les grandes organisations am\u00e9ricaines disposent d\u2019un \u00e9norme avantage m\u00e9diatique, mais les promotions locales commencent enfin \u00e0 pouvoir rejoindre directement leur public gr\u00e2ce au Web.<\/p>\n\n\n\n<p class=\"wp-block-paragraph\">Pour Info-Lutte, la pr\u00e9sence de Paul Leduc repr\u00e9sentait quelque chose de difficilement rempla\u00e7able. Il ne s\u2019agissait pas seulement d\u2019avoir quelqu\u2019un capable d\u2019\u00e9crire sur la lutte qu\u00e9b\u00e9coise. Paul avait v\u00e9cu cette histoire. Il connaissait ses acteurs, ses r\u00e9alit\u00e9s et son fonctionnement. Il appartenait lui-m\u00eame \u00e0 la g\u00e9n\u00e9ration qui avait construit une partie de cette sc\u00e8ne avant d\u2019\u00eatre t\u00e9moin de son d\u00e9clin, puis de sa reconstruction. Il \u00e9tait m\u00eame l&rsquo;un des premiers old school du Qu\u00e9bec a expliquer le Kayfabe dans ses chroniques sans le nomm\u00e9. <\/p>\n\n\n\n<p class=\"wp-block-paragraph\">Sa collaboration participe alors au d\u00e9veloppement de la <strong>section Qu\u00e9bec sur Info-Lutte<\/strong>, qui peut prendre une importance beaucoup plus grande. Cette section devient un v\u00e9ritable point de rencontre pour suivre les activit\u00e9s des promotions locales et, progressivement, le d\u00e9veloppement de cette couverture contribue \u00e0 permettre au site de passer \u00e0 un autre niveau et d\u2019\u00e9largir son horizon jusqu\u2019\u00e0 devenir un m\u00e9dia international consacr\u00e9 \u00e0 la lutte.<\/p>\n\n\n\n<p class=\"wp-block-paragraph\">Cette partie de la vie de Paul m\u00e9rite d\u2019\u00eatre soulign\u00e9e parce qu\u2019elle correspond exactement \u00e0 ce qu\u2019il avait toujours fait. Lorsqu\u2019il \u00e9tait lutteur, il faisait conna\u00eetre les Leduc. Lorsqu\u2019il \u00e9tait chroniqueur, il racontait l\u2019histoire de la lutte. Lorsqu\u2019il \u00e9tait promoteur, il donnait une place aux lutteurs. Avec Info-Lutte, il contribuait maintenant \u00e0 donner une visibilit\u00e9 suppl\u00e9mentaire \u00e0 la sc\u00e8ne qu\u00e9b\u00e9coise, et \u00e0 expliquer aux fans et aux gars de la business au Qu\u00e9bec, le d\u00e9roulement de la grande machine qu&rsquo;est la lutte professionnel.<\/p>\n\n\n\n<h2 class=\"wp-block-heading\">La famille au c\u0153ur de l\u2019aventure<\/h2>\n\n\n\n<p class=\"wp-block-paragraph\">La FLQ allait \u00e9galement devenir une affaire de famille. Son \u00e9pouse Pierrette ainsi que ses enfants Yan, Carl et Kim furent impliqu\u00e9s de diff\u00e9rentes fa\u00e7ons dans l\u2019organisation, ce qui donna au projet une continuit\u00e9 qui d\u00e9passait largement la personne de Paul.<\/p>\n\n\n\n<p class=\"wp-block-paragraph\">Son fils Carl allait naturellement devenir une figure importante de cette nouvelle g\u00e9n\u00e9ration Leduc. Apr\u00e8s avoir lui-m\u00eame connu une exp\u00e9rience dans le hockey et s\u2019\u00eatre tourn\u00e9 vers la lutte, Carl allait travailler avec son p\u00e8re et finalement reprendre les activit\u00e9s de la promotion.<\/p>\n\n\n\n<p class=\"wp-block-paragraph\">Cette transmission avait une importance symbolique. Paul avait commenc\u00e9 sa carri\u00e8re en faisant \u00e9quipe avec quelqu\u2019un qu\u2019il appelait son fr\u00e8re. Des d\u00e9cennies plus tard, il travaillait avec son propre fils pour tenter de pr\u00e9server une place \u00e0 la lutte qu\u00e9b\u00e9coise.<\/p>\n\n\n\n<h2 class=\"wp-block-heading\">La Beauce : un retour qui avait une signification particuli\u00e8re<\/h2>\n\n\n\n<p class=\"wp-block-paragraph\">Les derni\u00e8res ann\u00e9es de la FLQ sous la direction de Paul vont aussi l\u2019amener vers la Beauce. En 2015, la promotion pr\u00e9sente \u00e0 La Guadeloupe le gala <strong>R\u00e9demption : Le retour des Leduc en Beauce<\/strong>, devant plus de 300 spectateurs au Centre Armand-Racine. Carl Leduc est en action et Paul accompagne son fils pour cette soir\u00e9e qui poss\u00e8de une signification particuli\u00e8re pour la famille, puisque Pierrette Brault, l\u2019\u00e9pouse de Paul et la m\u00e8re de Carl, \u00e9tait originaire de La Guadeloupe.<\/p>\n\n\n\n<p class=\"wp-block-paragraph\">Le projet est clairement pr\u00e9sent\u00e9 comme un retour aux sources. Carl explique alors vouloir faire revivre la lutte dans la r\u00e9gion en impliquant les lutteurs locaux, tandis que son p\u00e8re doit \u00eatre pr\u00e9sent pour participer \u00e0 cette nouvelle aventure.<\/p>\n\n\n\n<p class=\"wp-block-paragraph\">La soir\u00e9e devient un succ\u00e8s et permet une nouvelle fois \u00e0 Paul d\u2019\u00eatre pr\u00e9sent autour d\u2019un ring, non pas comme le lutteur qui \u00e9tait venu y chercher la gloire, mais comme le p\u00e8re d\u2019un lutteur et le fondateur d\u2019une organisation qui continuait \u00e0 porter son nom.<\/p>\n\n\n\n<h2 class=\"wp-block-heading\">2016 : transmettre les cl\u00e9s<\/h2>\n\n\n\n<p class=\"wp-block-paragraph\">En ao\u00fbt 2016, Paul Leduc annonce finalement sa retraite compl\u00e8te de la lutte professionnelle. La FLQ qu\u2019il avait cr\u00e9\u00e9e est alors c\u00e9d\u00e9e \u00e0 son fils Carl, \u00e0 sa conjointe et \u00e0 sa fille Kim, et la promotion adopte le nom de <strong>FLQ Lutte<\/strong>. Elle doit continuer \u00e0 organiser des galas en Beauce, notamment \u00e0 La Guadeloupe.<\/p>\n\n\n\n<p class=\"wp-block-paragraph\">Ce moment r\u00e9sume parfaitement la deuxi\u00e8me carri\u00e8re de Paul. Il avait fond\u00e9 la FLQ pour cr\u00e9er une nouvelle g\u00e9n\u00e9ration, en travaillant avec sa famille. Il avait vu son fils prendre sa place dans le m\u00e9tier. Et au moment de quitter, il ne ferme pas la porte derri\u00e8re lui. Il la remet \u00e0 ceux qui doivent poursuivre.<\/p>\n\n\n\n<h2 class=\"wp-block-heading\">Paul Leduc et la m\u00e9moire d\u2019un monde disparu<\/h2>\n\n\n\n<p class=\"wp-block-paragraph\">Paul aura finalement v\u00e9cu quelque chose de rare dans l\u2019histoire de la lutte qu\u00e9b\u00e9coise : il a connu l\u2019ancienne \u00e9poque des territoires et des grandes foules, il a vu ce syst\u00e8me dispara\u00eetre et il a ensuite particip\u00e9 personnellement \u00e0 la reconstruction de la sc\u00e8ne ind\u00e9pendante. Il a connu les grands soirs du Forum de Montr\u00e9al autant que les salles beaucoup plus modestes o\u00f9 la FLQ allait pr\u00e9senter ses spectacles plusieurs d\u00e9cennies plus tard. Il a commenc\u00e9 \u00e0 une \u00e9poque o\u00f9 les amateurs d\u00e9couvraient leurs h\u00e9ros principalement par les journaux, la radio, la t\u00e9l\u00e9vision et le bouche-\u00e0-oreille, avant de devenir lui-m\u00eame un acteur de la transformation m\u00e9diatique qui allait amener la lutte qu\u00e9b\u00e9coise sur Internet. Il a \u00e9galement vu passer plusieurs g\u00e9n\u00e9rations de lutteurs, depuis ceux qui voyageaient de territoire en territoire pour gagner leur vie jusqu\u2019\u00e0 ceux qui pouvaient maintenant utiliser une promotion ind\u00e9pendante qu\u00e9b\u00e9coise comme tremplin vers les \u00c9tats-Unis et les grandes organisations internationales.<\/p>\n\n\n\n<p class=\"wp-block-paragraph\">Cette continuit\u00e9 donne une valeur particuli\u00e8re aux t\u00e9moignages de Paul. Lorsqu\u2019il racontait le pass\u00e9, il ne s\u2019appuyait pas uniquement sur des archives ou sur les souvenirs racont\u00e9s par d\u2019autres : il avait v\u00e9cu cette histoire. Il avait connu les lutteurs, les promoteurs, les salles et les r\u00e9alit\u00e9s d\u2019une industrie qui n\u2019existe plus de la m\u00eame mani\u00e8re aujourd\u2019hui. C\u2019est aussi ce qui rendait son implication m\u00e9diatique avec Info-Lutte, de 2001 \u00e0 2008, particuli\u00e8rement importante. \u00c0 une p\u00e9riode o\u00f9 la section Qu\u00e9bec du site commen\u00e7ait \u00e0 prendre beaucoup plus d\u2019ampleur, Paul apportait une perspective directe sur cette sc\u00e8ne et contribuait \u00e0 faire conna\u00eetre une lutte qu\u00e9b\u00e9coise qui avait ses propres histoires, ses propres personnalit\u00e9s et ses propres enjeux. Le d\u00e9veloppement de cette couverture locale allait \u00e9ventuellement permettre \u00e0 Info-Lutte de prendre une autre dimension et de s\u2019ouvrir davantage \u00e0 la sc\u00e8ne internationale.<\/p>\n\n\n\n<h2 class=\"wp-block-heading\">Une l\u00e9gende qui aura choisi de transmettre<\/h2>\n\n\n\n<p class=\"wp-block-paragraph\">Paul Leduc aurait pu consacrer ses derni\u00e8res d\u00e9cennies \u00e0 raconter simplement les belles ann\u00e9es qu\u2019il avait connues comme lutteur. Il a plut\u00f4t choisi de transmettre ce qu\u2019il avait appris. Avec la FLQ, il a cr\u00e9\u00e9 des occasions de travailler pour une nouvelle g\u00e9n\u00e9ration, il a organis\u00e9 des galas, il a accompagn\u00e9 des jeunes talents, il a travaill\u00e9 avec ses enfants et il a continu\u00e9 \u00e0 \u00e9crire et \u00e0 parler de la profession qu\u2019il aimait. En somme, il a cherch\u00e9 \u00e0 offrir aux autres ce qu\u2019il avait lui-m\u00eame recherch\u00e9 \u00e0 18 ans : une v\u00e9ritable occasion d\u2019apprendre le m\u00e9tier dans un ring, devant un public, en accumulant suffisamment d\u2019exp\u00e9rience pour pouvoir ensuite aller plus loin.<\/p>\n\n\n\n<p class=\"wp-block-paragraph\">C\u2019est probablement ce qui d\u00e9finit le mieux son \u0153uvre. Paul Leduc n\u2019a pas seulement \u00e9t\u00e9 un homme qui a connu la lutte professionnelle; il a \u00e9t\u00e9 un homme qui a constamment cherch\u00e9 \u00e0 faire en sorte qu\u2019elle puisse continuer d\u2019exister. Il a commenc\u00e9 sa carri\u00e8re en 1957 et, pr\u00e8s de soixante-dix ans plus tard, lorsqu\u2019il s\u2019est \u00e9teint, la sc\u00e8ne qu\u00e9b\u00e9coise \u00e9tait toujours l\u00e0. Des hommes et des femmes continuaient de monter dans les rings, des promoteurs continuaient d\u2019organiser des galas et des lutteurs qu\u00e9b\u00e9cois continuaient de partir \u00e0 l\u2019\u00e9tranger pour tenter leur chance. Certains d\u2019entre eux avaient commenc\u00e9 leur parcours dans une salle o\u00f9 Paul Leduc avait simplement d\u00e9cid\u00e9 de leur donner une chance.<\/p>\n\n\n\n<p class=\"wp-block-paragraph\">C\u2019est peut-\u00eatre le plus bel hommage qu\u2019on puisse lui rendre. Son nom ne restera pas seulement dans les r\u00e9sultats des championnats ou dans les photographies des fr\u00e8res Leduc. Il restera dans les carri\u00e8res de ceux auxquels il aura ouvert une porte, dans les souvenirs de ceux qui l\u2019ont connu et dans les archives d\u2019une lutte qu\u00e9b\u00e9coise qu\u2019il aura contribu\u00e9 \u00e0 pr\u00e9server. Pour ceux qui l\u2019ont c\u00f4toy\u00e9 autrement qu\u2019\u00e0 travers les vieux r\u00e9sultats, il restera surtout comme un homme qui croyait suffisamment \u00e0 la lutte qu\u00e9b\u00e9coise pour continuer \u00e0 la d\u00e9fendre, \u00e0 la documenter et \u00e0 lui chercher un avenir alors que beaucoup avaient d\u00e9j\u00e0 commenc\u00e9 \u00e0 croire qu\u2019elle appartenait au pass\u00e9.<\/p>\n\n\n\n<p class=\"wp-block-paragraph\">Paul Leduc est parti le 30 ao\u00fbt 2026. Une g\u00e9n\u00e9ration vient de perdre l\u2019un de ses derniers grands t\u00e9moins, mais l\u2019histoire qu\u2019il a contribu\u00e9 \u00e0 b\u00e2tir ne s\u2019arr\u00eate \u00e9videmment pas l\u00e0. Elle continue dans les rings, dans les promotions qu\u2019il a influenc\u00e9es, dans les familles auxquelles il a transmis sa passion et dans tous ceux qui pourront raconter un jour qu\u2019ils ont eu la chance de croiser sa route.<\/p>\n\n\n\n<p class=\"wp-block-paragraph\">Sur ce nous offrons nos plus sins\u00e8re condol\u00e9ance \u00e0 Carl, Kim et Yan ses enfants qu&rsquo;il a eut avec sa d\u00e9funte \u00e9pouse Pierrette qui elle aussi f\u00fbt une grande partie derri\u00e8re l&rsquo;homme dans toute son oeuvre. \u00c9galement \u00e0 sa famille et amis sans oublier tout le monde de la lutte Qu\u00e9b\u00e9coise.<\/p>\n\n\n\n<p class=\"wp-block-paragraph\"><em>Ce n&rsquo;est qu&rsquo;un aurevoir Paul car ta l\u00e9gende va perdurer dans le temps m\u00eame au del\u00e0 des fronti\u00e8re du Qu\u00e9bec.<\/em><\/p>\n<p><\/p>","protected":false},"excerpt":{"rendered":"<p>La lutte qu\u00e9b\u00e9coise vient de perdre l\u2019une de ses figures les plus importantes. Paul Leduc s\u2019est \u00e9teint le 30 ao\u00fbt 2026, \u00e0 l\u2019\u00e2ge de 89 ans, au terme d\u2019une vie qui aura \u00e9t\u00e9 intimement li\u00e9e \u00e0 la lutte professionnelle pendant pr\u00e8s de sept d\u00e9cennies. Pour ceux qui ne l\u2019ont connu qu\u2019\u00e0 travers la F\u00e9d\u00e9ration de&#8230;<\/p>\n","protected":false},"author":609,"featured_media":137844,"comment_status":"open","ping_status":"closed","sticky":false,"template":"","format":"standard","meta":{"footnotes":""},"categories":[24,30,22,187,4],"tags":[911,909,908,850,906,907,834,715,905,563,910],"ppma_author":[295],"class_list":["post-137843","post","type-post","status-publish","format-standard","has-post-thumbnail","hentry","category-aew-impact-njpw-roh","category-ex-wwe","category-indy","category-legends","category-news","tag-extreme","tag-flq","tag-forum","tag-hart","tag-leduc","tag-legende","tag-lutte-international","tag-nwa","tag-paul-leduc","tag-quebec","tag-stampede-wrestling"],"authors":[{"term_id":295,"user_id":609,"is_guest":0,"slug":"rodrigo","display_name":"Rodrigue Tousignant","avatar_url":"https:\/\/secure.gravatar.com\/avatar\/51fe284bb6dbe8a6b4c2bf998ad658f4a9cd24b7e58f15ec85888070c7340ce6?s=96&d=mm&r=g","author_category":"","first_name":"Rodrigue","last_name":"Tousignant","user_url":"http:\/\/Info-Lutte.com","job_title":"","description":"Il me fait plaisir de venir aider Jason qui tien Info-Lutte \u00e0 bout de bras depuis presque 20 ans. \r\n\r\nBien que je me suis pas journaliste cela a toujours \u00e9t\u00e9 mon r\u00eave donc je ferai de mon mieux avec la bonne formation qu'il me donne pour vous donner le meilleur des informations du catch."}],"_links":{"self":[{"href":"https:\/\/www.jdx.info\/lutte\/wp-json\/wp\/v2\/posts\/137843","targetHints":{"allow":["GET"]}}],"collection":[{"href":"https:\/\/www.jdx.info\/lutte\/wp-json\/wp\/v2\/posts"}],"about":[{"href":"https:\/\/www.jdx.info\/lutte\/wp-json\/wp\/v2\/types\/post"}],"author":[{"embeddable":true,"href":"https:\/\/www.jdx.info\/lutte\/wp-json\/wp\/v2\/users\/609"}],"replies":[{"embeddable":true,"href":"https:\/\/www.jdx.info\/lutte\/wp-json\/wp\/v2\/comments?post=137843"}],"version-history":[{"count":3,"href":"https:\/\/www.jdx.info\/lutte\/wp-json\/wp\/v2\/posts\/137843\/revisions"}],"predecessor-version":[{"id":137848,"href":"https:\/\/www.jdx.info\/lutte\/wp-json\/wp\/v2\/posts\/137843\/revisions\/137848"}],"wp:featuredmedia":[{"embeddable":true,"href":"https:\/\/www.jdx.info\/lutte\/wp-json\/wp\/v2\/media\/137844"}],"wp:attachment":[{"href":"https:\/\/www.jdx.info\/lutte\/wp-json\/wp\/v2\/media?parent=137843"}],"wp:term":[{"taxonomy":"category","embeddable":true,"href":"https:\/\/www.jdx.info\/lutte\/wp-json\/wp\/v2\/categories?post=137843"},{"taxonomy":"post_tag","embeddable":true,"href":"https:\/\/www.jdx.info\/lutte\/wp-json\/wp\/v2\/tags?post=137843"},{"taxonomy":"author","embeddable":true,"href":"https:\/\/www.jdx.info\/lutte\/wp-json\/wp\/v2\/ppma_author?post=137843"}],"curies":[{"name":"wp","href":"https:\/\/api.w.org\/{rel}","templated":true}]}}