{"id":13310,"date":"2019-10-04T11:58:14","date_gmt":"2019-10-04T15:58:14","guid":{"rendered":"http:\/\/www.jdx.info\/lutte\/?p=13310"},"modified":"2019-10-04T11:58:16","modified_gmt":"2019-10-04T15:58:16","slug":"daniel-bryan-parle-deja-de-retraite-pour-devenir-homme-au-foyer-un-run-de-champion-avec-reigns-et-plus","status":"publish","type":"post","link":"https:\/\/www.jdx.info\/lutte\/2019\/10\/04\/daniel-bryan-parle-deja-de-retraite-pour-devenir-homme-au-foyer-un-run-de-champion-avec-reigns-et-plus\/","title":{"rendered":"Daniel Bryan Parle D\u00e9j\u00e0 de Retraite pour Devenir Homme au Foyer! Un Run de Champion avec Reigns, et plus!"},"content":{"rendered":"\n<p>Daniel Bryan est tr\u00e8s heureux de pouvoir continuer sa carri\u00e8re \u00e0 la WWE en tant que lutteur, apr\u00e8s une longue absence mais parle d\u00e9j\u00e0 de retraite.<\/p>\n\n\n\n<p>En entrevue sur The Bellas Podcast, le lutteur \u00e2g\u00e9 de 38 ans a r\u00e9pondu qu\u2019il pourrait effectivement prendre sa retraite \u00e0 plein temps plus t\u00f4t qu\u2019on le croit (d\u2019ici deux ans), notamment car il veut consacrer plus de temps \u00e0 sa famille.<\/p>\n\n\n\n<blockquote class=\"wp-block-quote is-layout-flow wp-block-quote-is-layout-flow\"><p>Ma retraite de la lutte \u00e0 temps plein, qui arrivera le plus t\u00f4t possible au cours des deux prochaines ann\u00e9es, ne sera probablement pas synonyme de retraite pour [Brie Bella], elle est tr\u00e8s occup\u00e9e \u00bb, a-t-il d\u00e9clar\u00e9. \u00abCe sera probablement moi qui assumerai davantage le r\u00f4le de parent, et donc, en fonction de l\u2019emploi et de ce genre de choses, c\u2019est un bon changement de soci\u00e9t\u00e9 qui peut se produire.<em><br><\/em><\/p><\/blockquote>\n\n\n\n<p>Il faudra donc profiter au maximum des matchs livr\u00e9s d\u2019ici deux ans par Bryan, qui ralentira probablement le rythme jusqu\u2019\u00e0 sa retraite. Rappelons qu\u2019on le verra dimanche, \u00e0\u00a0Hell in a Cell, aux c\u00f4t\u00e9s de Roman Reigns contre Erick Rowan et Luke Harper.<\/p>\n\n\n\n<p>Certaines sp\u00e9culations tournent autour d\u2019une \u00e9quipe permanente pour Reigns et Bryan, qui pourraient fort bien tenter de remporter le titre par \u00e9quipes de&nbsp;<em>Smackdown<\/em>.<\/p>\n<p><\/p>","protected":false},"excerpt":{"rendered":"<p>Daniel Bryan est tr\u00e8s heureux de pouvoir continuer sa carri\u00e8re \u00e0 la WWE en tant que lutteur, apr\u00e8s une longue absence mais parle d\u00e9j\u00e0 de retraite. En entrevue sur The Bellas Podcast, le lutteur \u00e2g\u00e9 de 38 ans a r\u00e9pondu qu\u2019il pourrait effectivement prendre sa retraite \u00e0 plein temps plus t\u00f4t qu\u2019on le croit (d\u2019ici&#8230;<\/p>\n","protected":false},"author":4,"featured_media":13311,"comment_status":"open","ping_status":"closed","sticky":false,"template":"","format":"standard","meta":{"footnotes":""},"categories":[4,23],"tags":[],"ppma_author":[292],"class_list":["post-13310","post","type-post","status-publish","format-standard","has-post-thumbnail","hentry","category-news","category-wwe"],"authors":[{"term_id":292,"user_id":4,"is_guest":0,"slug":"jean","display_name":"Jean Vinnier","avatar_url":"https:\/\/secure.gravatar.com\/avatar\/33aba0263fd870a0b487e0e079ff407e10e3997c9d2987cbcc0db0db2c5c75a9?s=96&d=mm&r=g","0":null,"1":"","2":"","3":"","4":"","5":"","6":"","7":"","8":""}],"_links":{"self":[{"href":"https:\/\/www.jdx.info\/lutte\/wp-json\/wp\/v2\/posts\/13310","targetHints":{"allow":["GET"]}}],"collection":[{"href":"https:\/\/www.jdx.info\/lutte\/wp-json\/wp\/v2\/posts"}],"about":[{"href":"https:\/\/www.jdx.info\/lutte\/wp-json\/wp\/v2\/types\/post"}],"author":[{"embeddable":true,"href":"https:\/\/www.jdx.info\/lutte\/wp-json\/wp\/v2\/users\/4"}],"replies":[{"embeddable":true,"href":"https:\/\/www.jdx.info\/lutte\/wp-json\/wp\/v2\/comments?post=13310"}],"version-history":[{"count":1,"href":"https:\/\/www.jdx.info\/lutte\/wp-json\/wp\/v2\/posts\/13310\/revisions"}],"predecessor-version":[{"id":13312,"href":"https:\/\/www.jdx.info\/lutte\/wp-json\/wp\/v2\/posts\/13310\/revisions\/13312"}],"wp:featuredmedia":[{"embeddable":true,"href":"https:\/\/www.jdx.info\/lutte\/wp-json\/wp\/v2\/media\/13311"}],"wp:attachment":[{"href":"https:\/\/www.jdx.info\/lutte\/wp-json\/wp\/v2\/media?parent=13310"}],"wp:term":[{"taxonomy":"category","embeddable":true,"href":"https:\/\/www.jdx.info\/lutte\/wp-json\/wp\/v2\/categories?post=13310"},{"taxonomy":"post_tag","embeddable":true,"href":"https:\/\/www.jdx.info\/lutte\/wp-json\/wp\/v2\/tags?post=13310"},{"taxonomy":"author","embeddable":true,"href":"https:\/\/www.jdx.info\/lutte\/wp-json\/wp\/v2\/ppma_author?post=13310"}],"curies":[{"name":"wp","href":"https:\/\/api.w.org\/{rel}","templated":true}]}}