{"id":133036,"date":"2026-05-01T15:31:09","date_gmt":"2026-05-01T19:31:09","guid":{"rendered":"https:\/\/www.jdx.info\/lutte\/?p=133036"},"modified":"2026-05-01T15:31:17","modified_gmt":"2026-05-01T19:31:17","slug":"la-wwe-ajoute-jacob-fatu-au-smackdown-de-ce-soir","status":"publish","type":"post","link":"https:\/\/www.jdx.info\/lutte\/2026\/05\/01\/la-wwe-ajoute-jacob-fatu-au-smackdown-de-ce-soir\/","title":{"rendered":"La WWE ajoute Jacob Fatu au Smackdown de ce Soir !"},"content":{"rendered":"\n<p>La carte de ce WWE SmackDown continue de se pr\u00e9ciser avec l\u2019ajout de deux segments d\u00e9sormais confirm\u00e9s officiellement.<\/p>\n\n\n\n<p>Selon la WWE, Cody Rhodes ouvrira l\u2019\u00e9mission afin de s\u2019adresser aux \u00e9v\u00e9nements r\u00e9cents li\u00e9s \u00e0 WrestleMania et \u00e0 leurs cons\u00e9quences directes.<\/p>\n\n\n\n<blockquote class=\"wp-block-quote is-layout-flow wp-block-quote-is-layout-flow\">\n<p>\u00ab Apr\u00e8s avoir \u00e9voqu\u00e9 l\u2019attaque violente de Randy Orton par punt et les suites de WrestleMania la semaine derni\u00e8re, quel sera le prochain d\u00e9fi pour le Champion incontest\u00e9 de la WWE Cody Rhodes ? \u00bb<\/p>\n<\/blockquote>\n\n\n\n<p>Cette intervention devrait donner le ton d\u00e8s le d\u00e9but de l\u2019\u00e9mission.<\/p>\n\n\n\n<p>Un autre segment concerne Jacob Fatu, d\u00e9sormais au centre de l\u2019attention apr\u00e8s un d\u00e9veloppement majeur survenu \u00e0 RAW.<\/p>\n\n\n\n<p>Roman Reigns a accept\u00e9 le d\u00e9fi de Fatu pour un combat de championnat, ce qui ajoute une forte intensit\u00e9 \u00e0 l\u2019approche de WWE Backlash.<\/p>\n\n\n\n<blockquote class=\"wp-block-quote is-layout-flow wp-block-quote-is-layout-flow\">\n<p>\u00ab Apr\u00e8s une confrontation explosive avec le Champion du Monde poids lourd Roman Reigns \u00e0 Raw, quelles seront les cons\u00e9quences pour Jacob Fatu avant son combat pour le titre contre The OTC \u00e0 WWE Backlash ? \u00bb<\/p>\n<\/blockquote>\n\n\n\n<p>La tension continue de monter entre les deux hommes.<\/p>\n\n\n\n<p>Par ailleurs, un affrontement est confirm\u00e9 entre Charlotte Flair et Jacy Jayne.<\/p>\n\n\n\n<p>Enfin, Ricky Saints fera ses d\u00e9buts dans la BOK Center, m\u00eame si son adversaire n\u2019a pas encore \u00e9t\u00e9 r\u00e9v\u00e9l\u00e9.<\/p>\n\n\n\n<p>Ce WWE SmackDown du 1er mai 2026 s\u2019annonce comme une \u00e9mission riche en d\u00e9veloppements importants.<\/p>\n\n\n\n<figure class=\"wp-block-embed is-type-wp-embed is-provider-info-lutte wp-block-embed-info-lutte\"><div class=\"wp-block-embed__wrapper\">\n<blockquote class=\"wp-embedded-content\" data-secret=\"SeJ2cjYJZM\"><a href=\"https:\/\/www.jdx.info\/lutte\/2026\/05\/01\/avant-gout-pour-le-wwe-friday-night-smackdown-du-1-mai-2026\/\">Avant Go\u00fbt pour le WWE Friday Night Smackdown du 1 Mai 2026 !<\/a><\/blockquote><iframe loading=\"lazy\" class=\"wp-embedded-content\" sandbox=\"allow-scripts\" security=\"restricted\" style=\"position: absolute; visibility: hidden;\" title=\"\u00ab\u00a0Avant Go\u00fbt pour le WWE Friday Night Smackdown du 1 Mai 2026 !\u00a0\u00bb &#8212; Info-Lutte\" src=\"https:\/\/www.jdx.info\/lutte\/2026\/05\/01\/avant-gout-pour-le-wwe-friday-night-smackdown-du-1-mai-2026\/embed\/#?secret=oJSHvQR34G#?secret=SeJ2cjYJZM\" data-secret=\"SeJ2cjYJZM\" width=\"600\" height=\"338\" frameborder=\"0\" marginwidth=\"0\" marginheight=\"0\" scrolling=\"no\"><\/iframe>\n<\/div><\/figure>\n<p><\/p>","protected":false},"excerpt":{"rendered":"<p>La carte de ce WWE SmackDown continue de se pr\u00e9ciser avec l\u2019ajout de deux segments d\u00e9sormais confirm\u00e9s officiellement. Selon la WWE, Cody Rhodes ouvrira l\u2019\u00e9mission afin de s\u2019adresser aux \u00e9v\u00e9nements r\u00e9cents li\u00e9s \u00e0 WrestleMania et \u00e0 leurs cons\u00e9quences directes. \u00ab Apr\u00e8s avoir \u00e9voqu\u00e9 l\u2019attaque violente de Randy Orton par punt et les suites de WrestleMania&#8230;<\/p>\n","protected":false},"author":609,"featured_media":133037,"comment_status":"open","ping_status":"closed","sticky":false,"template":"","format":"standard","meta":{"footnotes":""},"categories":[4,36,23],"tags":[351,32,107],"ppma_author":[295],"class_list":["post-133036","post","type-post","status-publish","format-standard","has-post-thumbnail","hentry","category-news","category-smackdown","category-wwe","tag-jacob-fatu","tag-smackdown","tag-wwe"],"authors":[{"term_id":295,"user_id":609,"is_guest":0,"slug":"rodrigo","display_name":"Rodrigue Tousignant","avatar_url":"https:\/\/secure.gravatar.com\/avatar\/51fe284bb6dbe8a6b4c2bf998ad658f4a9cd24b7e58f15ec85888070c7340ce6?s=96&d=mm&r=g","0":null,"1":"","2":"","3":"","4":"","5":"","6":"","7":"","8":""}],"_links":{"self":[{"href":"https:\/\/www.jdx.info\/lutte\/wp-json\/wp\/v2\/posts\/133036","targetHints":{"allow":["GET"]}}],"collection":[{"href":"https:\/\/www.jdx.info\/lutte\/wp-json\/wp\/v2\/posts"}],"about":[{"href":"https:\/\/www.jdx.info\/lutte\/wp-json\/wp\/v2\/types\/post"}],"author":[{"embeddable":true,"href":"https:\/\/www.jdx.info\/lutte\/wp-json\/wp\/v2\/users\/609"}],"replies":[{"embeddable":true,"href":"https:\/\/www.jdx.info\/lutte\/wp-json\/wp\/v2\/comments?post=133036"}],"version-history":[{"count":1,"href":"https:\/\/www.jdx.info\/lutte\/wp-json\/wp\/v2\/posts\/133036\/revisions"}],"predecessor-version":[{"id":133038,"href":"https:\/\/www.jdx.info\/lutte\/wp-json\/wp\/v2\/posts\/133036\/revisions\/133038"}],"wp:featuredmedia":[{"embeddable":true,"href":"https:\/\/www.jdx.info\/lutte\/wp-json\/wp\/v2\/media\/133037"}],"wp:attachment":[{"href":"https:\/\/www.jdx.info\/lutte\/wp-json\/wp\/v2\/media?parent=133036"}],"wp:term":[{"taxonomy":"category","embeddable":true,"href":"https:\/\/www.jdx.info\/lutte\/wp-json\/wp\/v2\/categories?post=133036"},{"taxonomy":"post_tag","embeddable":true,"href":"https:\/\/www.jdx.info\/lutte\/wp-json\/wp\/v2\/tags?post=133036"},{"taxonomy":"author","embeddable":true,"href":"https:\/\/www.jdx.info\/lutte\/wp-json\/wp\/v2\/ppma_author?post=133036"}],"curies":[{"name":"wp","href":"https:\/\/api.w.org\/{rel}","templated":true}]}}