{"id":133033,"date":"2026-05-01T13:00:00","date_gmt":"2026-05-01T17:00:00","guid":{"rendered":"https:\/\/www.jdx.info\/lutte\/?p=133033"},"modified":"2026-05-01T15:22:11","modified_gmt":"2026-05-01T19:22:11","slug":"kairi-sane-aurait-demande-sa-liberation-pour-retourner-au-japon","status":"publish","type":"post","link":"https:\/\/www.jdx.info\/lutte\/2026\/05\/01\/kairi-sane-aurait-demande-sa-liberation-pour-retourner-au-japon\/","title":{"rendered":"Kairi Sane aurait demand\u00e9 sa lib\u00e9ration pour retourner au Japon !"},"content":{"rendered":"\n<p>De nouveaux d\u00e9tails \u00e9mergent concernant le d\u00e9part surprenant de Kairi Sane de la WWE, avec plusieurs \u00e9l\u00e9ments suppl\u00e9mentaires sur ce qui se serait jou\u00e9 en coulisses.<\/p>\n\n\n\n<p>Comme rapport\u00e9 pr\u00e9c\u00e9demment, Sane faisait partie des noms inclus dans les coupures post-WrestleMania 42, une d\u00e9cision qui a surpris une partie du public en raison de sa direction \u00e0 l\u2019\u00e9cran \u00e0 ce moment-l\u00e0.<\/p>\n\n\n\n<p>Dans la plus r\u00e9cente \u00e9dition du Wrestling Observer Newsletter sur F4WOnline.com, Dave Meltzer a apport\u00e9 des pr\u00e9cisions apr\u00e8s certaines confusions li\u00e9es \u00e0 ses pr\u00e9c\u00e9dents propos. Il avait \u00e9voqu\u00e9 dans Wrestling Observer Radio que Sane aurait montr\u00e9 un int\u00e9r\u00eat pour un \u00e9ventuel retour au Japon, ce qui a ensuite \u00e9t\u00e9 interpr\u00e9t\u00e9 par certains comme une demande de d\u00e9part, une version qu\u2019elle a depuis d\u00e9mentie publiquement.<\/p>\n\n\n\n<p>Dave Meltzer :<\/p>\n\n\n\n<blockquote class=\"wp-block-quote is-layout-flow wp-block-quote-is-layout-flow\">\n<p>\u00ab La plus grande surprise de la liste \u00e9tait Kairi Sane (Kaori Housako, 37 ans). \u00bb<\/p>\n<\/blockquote>\n\n\n\n<blockquote class=\"wp-block-quote is-layout-flow wp-block-quote-is-layout-flow\">\n<p>\u00ab Elle \u00e9tait au milieu d\u2019une storyline o\u00f9 il \u00e9tait sugg\u00e9r\u00e9 qu\u2019elle finirait par se d\u00e9fendre face aux comportements d\u2019Asuka et reformerait \u00e9ventuellement son \u00e9quipe avec Iyo Sky. Mais cette intrigue a \u00e9t\u00e9 stopp\u00e9e net. \u00bb<\/p>\n<\/blockquote>\n\n\n\n<blockquote class=\"wp-block-quote is-layout-flow wp-block-quote-is-layout-flow\">\n<p>\u00ab On nous a indiqu\u00e9 que, m\u00eame si plusieurs personnes ont \u00e9t\u00e9 surprises, une partie de la d\u00e9cision reposait sur la conviction qu\u2019elle souhaitait \u00e9ventuellement retourner au Japon, et cette information a \u00e9t\u00e9 prise en compte dans le processus d\u00e9cisionnel. \u00bb<\/p>\n<\/blockquote>\n\n\n\n<p>Meltzer pr\u00e9cise \u00e9galement que les talents ne re\u00e7oivent g\u00e9n\u00e9ralement pas les explications d\u00e9taill\u00e9es lors d\u2019un d\u00e9part.<\/p>\n\n\n\n<blockquote class=\"wp-block-quote is-layout-flow wp-block-quote-is-layout-flow\">\n<p>\u00ab Les talents ne sont g\u00e9n\u00e9ralement pas inform\u00e9s de la v\u00e9ritable raison de leur d\u00e9part, au-del\u00e0 des explications li\u00e9es au budget. \u00bb<\/p>\n<\/blockquote>\n\n\n\n<p>La r\u00e9action des fans a \u00e9t\u00e9 imm\u00e9diate apr\u00e8s l\u2019annonce.<\/p>\n\n\n\n<p>Le mot-clic \u00ab\u00a0#WeWantKairi\u00a0\u00bb a rapidement figur\u00e9 parmi les tendances mondiales dans la cat\u00e9gorie sportive, tandis que des chants \u00ab\u00a0We Want Kairi!\u00a0\u00bb ont \u00e9t\u00e9 entendus lors de r\u00e9cents programmes de la WWE, illustrant l\u2019ampleur de la r\u00e9action du public.<\/p>\n\n\n\n<p>Voici ce qu&rsquo;elle a dit sur Twitter <strong>X<\/strong>:<\/p>\n\n\n\n<blockquote class=\"wp-block-quote is-layout-flow wp-block-quote-is-layout-flow\">\n<p>\u00ab  Ce que je peux dire, c&rsquo;est que je sais qu&rsquo;il y a eu beaucoup de sp\u00e9culations,<br>mais j&rsquo;aime vraiment ce travail, mes co\u00e9quipiers et mes fans.<br>Je n&rsquo;ai jamais abandonn\u00e9 et je me suis toujours investie \u00e0 fond dans tout ce que j&rsquo;ai entrepris.<br>J&rsquo;esp\u00e8re que vous allez tous bien. \u00bb<\/p>\n<\/blockquote>\n\n\n\n<blockquote class=\"twitter-tweet\" data-media-max-width=\"560\"><p lang=\"en\" dir=\"ltr\">What I can say is I know there\u2019s been a lot of speculation,<br>but I truly love this work, my teammates, and my fans.<br>I\u2019ve never walked away, and I\u2019ve given my all in everything I do.<br>I hope you\u2019re all doing well &#x2764;&#xfe0f;<\/p>&mdash; Kairi Sane (@KAIRI_official) <a href=\"https:\/\/twitter.com\/KAIRI_official\/status\/2049257976733786570?ref_src=twsrc%5Etfw\">April 28, 2026<\/a><\/blockquote> <script async src=\"https:\/\/platform.twitter.com\/widgets.js\" charset=\"utf-8\"><\/script>\n<p><\/p>","protected":false},"excerpt":{"rendered":"<p>De nouveaux d\u00e9tails \u00e9mergent concernant le d\u00e9part surprenant de Kairi Sane de la WWE, avec plusieurs \u00e9l\u00e9ments suppl\u00e9mentaires sur ce qui se serait jou\u00e9 en coulisses. Comme rapport\u00e9 pr\u00e9c\u00e9demment, Sane faisait partie des noms inclus dans les coupures post-WrestleMania 42, une d\u00e9cision qui a surpris une partie du public en raison de sa direction \u00e0&#8230;<\/p>\n","protected":false},"author":2,"featured_media":133034,"comment_status":"open","ping_status":"closed","sticky":false,"template":"","format":"standard","meta":{"footnotes":""},"categories":[30,22,4,23],"tags":[],"ppma_author":[287],"class_list":["post-133033","post","type-post","status-publish","format-standard","has-post-thumbnail","hentry","category-ex-wwe","category-indy","category-news","category-wwe"],"authors":[{"term_id":287,"user_id":2,"is_guest":0,"slug":"jason","display_name":"Jason Desc\u00f4teaux","avatar_url":"https:\/\/secure.gravatar.com\/avatar\/f64adf6d13198c3a532c061cecd8672089a1e9a3d07c702dffe886a7e55a15eb?s=96&d=mm&r=g","0":null,"1":"","2":"","3":"","4":"","5":"","6":"","7":"","8":""}],"_links":{"self":[{"href":"https:\/\/www.jdx.info\/lutte\/wp-json\/wp\/v2\/posts\/133033","targetHints":{"allow":["GET"]}}],"collection":[{"href":"https:\/\/www.jdx.info\/lutte\/wp-json\/wp\/v2\/posts"}],"about":[{"href":"https:\/\/www.jdx.info\/lutte\/wp-json\/wp\/v2\/types\/post"}],"author":[{"embeddable":true,"href":"https:\/\/www.jdx.info\/lutte\/wp-json\/wp\/v2\/users\/2"}],"replies":[{"embeddable":true,"href":"https:\/\/www.jdx.info\/lutte\/wp-json\/wp\/v2\/comments?post=133033"}],"version-history":[{"count":1,"href":"https:\/\/www.jdx.info\/lutte\/wp-json\/wp\/v2\/posts\/133033\/revisions"}],"predecessor-version":[{"id":133035,"href":"https:\/\/www.jdx.info\/lutte\/wp-json\/wp\/v2\/posts\/133033\/revisions\/133035"}],"wp:featuredmedia":[{"embeddable":true,"href":"https:\/\/www.jdx.info\/lutte\/wp-json\/wp\/v2\/media\/133034"}],"wp:attachment":[{"href":"https:\/\/www.jdx.info\/lutte\/wp-json\/wp\/v2\/media?parent=133033"}],"wp:term":[{"taxonomy":"category","embeddable":true,"href":"https:\/\/www.jdx.info\/lutte\/wp-json\/wp\/v2\/categories?post=133033"},{"taxonomy":"post_tag","embeddable":true,"href":"https:\/\/www.jdx.info\/lutte\/wp-json\/wp\/v2\/tags?post=133033"},{"taxonomy":"author","embeddable":true,"href":"https:\/\/www.jdx.info\/lutte\/wp-json\/wp\/v2\/ppma_author?post=133033"}],"curies":[{"name":"wp","href":"https:\/\/api.w.org\/{rel}","templated":true}]}}