{"id":132992,"date":"2026-05-01T12:01:00","date_gmt":"2026-05-01T16:01:00","guid":{"rendered":"https:\/\/www.jdx.info\/lutte\/?p=132992"},"modified":"2026-04-30T18:36:36","modified_gmt":"2026-04-30T22:36:36","slug":"emily-agard-rejoint-officiellement-lequipe-de-diffusion-de-wwe-nxt","status":"publish","type":"post","link":"https:\/\/www.jdx.info\/lutte\/2026\/05\/01\/emily-agard-rejoint-officiellement-lequipe-de-diffusion-de-wwe-nxt\/","title":{"rendered":"Emily Agard rejoint officiellement l\u2019\u00e9quipe de diffusion de WWE NXT"},"content":{"rendered":"\n<p><strong>Emily Agard rejoint officiellement l\u2019\u00e9quipe de diffusion de WWE NXT<\/strong><\/p>\n\n\n\n<p>Emily Agard s\u2019appr\u00eate \u00e0 franchir une nouvelle \u00e9tape importante dans sa carri\u00e8re en rejoignant officiellement l\u2019\u00e9quipe de diffusion de WWE NXT, un mouvement majeur pour la journaliste et animatrice canadienne.<\/p>\n\n\n\n<p>Agard travaille actuellement comme animatrice et reporter pour Sportsnet, ancien partenaire m\u00e9diatique canadien de la WWE. Sportsnet diffuse d\u00e9sormais TNA iMPACT les jeudis. Elle a \u00e9galement occup\u00e9 un r\u00f4le d\u2019ambassadrice des r\u00e9seaux sociaux pour la WWE au Canada lors de l\u2019\u00e9v\u00e9nement Elimination Chamber 2023 \u00e0 Montr\u00e9al.<\/p>\n\n\n\n<p>Elle a partag\u00e9 son enthousiasme sur les r\u00e9seaux sociaux jeudi :<\/p>\n\n\n\n<blockquote class=\"wp-block-quote is-layout-flow wp-block-quote-is-layout-flow\">\n<p>\u00ab Les r\u00eaves deviennent r\u00e9alit\u00e9 ! Je suis TELLEMENT excit\u00e9e et extr\u00eamement reconnaissante de rejoindre l\u2019\u00e9quipe de diffusion de la WWE. Si vous me connaissez, vous savez que c\u2019est un objectif majeur pour moi et un r\u00eave absolu. J\u2019adore la lutte. J\u2019ai h\u00e2te de me lancer. Au travail avec WWE NXT. \u00bb<\/p>\n<\/blockquote>\n\n\n\n<p>Selon son site officiel, Emily Agard poss\u00e8de une solide exp\u00e9rience en diffusion sportive et de divertissement.<\/p>\n\n\n\n<blockquote class=\"wp-block-quote is-layout-flow wp-block-quote-is-layout-flow\">\n<p>\u00ab Emily Agard est animatrice de t\u00e9l\u00e9vision \u00e0 Sportsnet \u00bb, peut-on lire. \u00ab Elle pr\u00e9sente Plays of the Month et Misplays of the Month. Lorsqu\u2019elle n\u2019est pas en studio, on peut la voir au stade pour couvrir les matchs des Blue Jays ou discuter de tout ce qui touche \u00e0 la WWE. \u00bb<\/p>\n<\/blockquote>\n\n\n\n<p>Dipl\u00f4m\u00e9e de la Toronto Metropolitan University, anciennement Ryerson University, elle d\u00e9tient un dipl\u00f4me en Radio et T\u00e9l\u00e9vision. Au cours de sa carri\u00e8re, elle a \u00e9galement travaill\u00e9 pour TSN, CBC, TVO ainsi que Live Nation Canada.<\/p>\n\n\n\n<div style=\"max-width:550px;margin:auto;\">\n  <iframe\n    src=\"https:\/\/platform.twitter.com\/embed\/Tweet.html?id=2049884451270692972\"\n    style=\"border:none;width:100%;height:450px;\"\n    loading=\"lazy\"\n  ><\/iframe>\n<\/div>\n\n\n\n<p class=\"has-small-font-size\"><em>* Nos images peuvent \u00eatre faites avec une iA, le but est d&rsquo;illustrer le sujet et non pas tromper le lecteur au lieu de prendre une photo trouv\u00e9e que tous les m\u00e9dias vont reprendre. <\/em><\/p>\n\n\n\n<p><\/p>\n<p><\/p>","protected":false},"excerpt":{"rendered":"<p>Emily Agard rejoint officiellement l\u2019\u00e9quipe de diffusion de WWE NXT Emily Agard s\u2019appr\u00eate \u00e0 franchir une nouvelle \u00e9tape importante dans sa carri\u00e8re en rejoignant officiellement l\u2019\u00e9quipe de diffusion de WWE NXT, un mouvement majeur pour la journaliste et animatrice canadienne. Agard travaille actuellement comme animatrice et reporter pour Sportsnet, ancien partenaire m\u00e9diatique canadien de la&#8230;<\/p>\n","protected":false},"author":609,"featured_media":132994,"comment_status":"open","ping_status":"closed","sticky":false,"template":"","format":"standard","meta":{"footnotes":""},"categories":[4,85,23],"tags":[450,34,152,107],"ppma_author":[295],"class_list":["post-132992","post","type-post","status-publish","format-standard","has-post-thumbnail","hentry","category-news","category-nxt","category-wwe","tag-emily-agard","tag-nxt","tag-women-of-wrestling","tag-wwe"],"authors":[{"term_id":295,"user_id":609,"is_guest":0,"slug":"rodrigo","display_name":"Rodrigue Tousignant","avatar_url":"https:\/\/secure.gravatar.com\/avatar\/51fe284bb6dbe8a6b4c2bf998ad658f4a9cd24b7e58f15ec85888070c7340ce6?s=96&d=mm&r=g","0":null,"1":"","2":"","3":"","4":"","5":"","6":"","7":"","8":""}],"_links":{"self":[{"href":"https:\/\/www.jdx.info\/lutte\/wp-json\/wp\/v2\/posts\/132992","targetHints":{"allow":["GET"]}}],"collection":[{"href":"https:\/\/www.jdx.info\/lutte\/wp-json\/wp\/v2\/posts"}],"about":[{"href":"https:\/\/www.jdx.info\/lutte\/wp-json\/wp\/v2\/types\/post"}],"author":[{"embeddable":true,"href":"https:\/\/www.jdx.info\/lutte\/wp-json\/wp\/v2\/users\/609"}],"replies":[{"embeddable":true,"href":"https:\/\/www.jdx.info\/lutte\/wp-json\/wp\/v2\/comments?post=132992"}],"version-history":[{"count":2,"href":"https:\/\/www.jdx.info\/lutte\/wp-json\/wp\/v2\/posts\/132992\/revisions"}],"predecessor-version":[{"id":132996,"href":"https:\/\/www.jdx.info\/lutte\/wp-json\/wp\/v2\/posts\/132992\/revisions\/132996"}],"wp:featuredmedia":[{"embeddable":true,"href":"https:\/\/www.jdx.info\/lutte\/wp-json\/wp\/v2\/media\/132994"}],"wp:attachment":[{"href":"https:\/\/www.jdx.info\/lutte\/wp-json\/wp\/v2\/media?parent=132992"}],"wp:term":[{"taxonomy":"category","embeddable":true,"href":"https:\/\/www.jdx.info\/lutte\/wp-json\/wp\/v2\/categories?post=132992"},{"taxonomy":"post_tag","embeddable":true,"href":"https:\/\/www.jdx.info\/lutte\/wp-json\/wp\/v2\/tags?post=132992"},{"taxonomy":"author","embeddable":true,"href":"https:\/\/www.jdx.info\/lutte\/wp-json\/wp\/v2\/ppma_author?post=132992"}],"curies":[{"name":"wp","href":"https:\/\/api.w.org\/{rel}","templated":true}]}}