{"id":132981,"date":"2026-04-30T16:36:15","date_gmt":"2026-04-30T20:36:15","guid":{"rendered":"https:\/\/www.jdx.info\/lutte\/?p=132981"},"modified":"2026-04-30T16:38:06","modified_gmt":"2026-04-30T20:38:06","slug":"tko-naimerait-pas-les-personnages-surnaturel-ou-sombres-cest-ce-qui-expliquerait-la-liberation-des-wyatt-sicks-aleister-black-et-zelina-vega","status":"publish","type":"post","link":"https:\/\/www.jdx.info\/lutte\/2026\/04\/30\/tko-naimerait-pas-les-personnages-surnaturel-ou-sombres-cest-ce-qui-expliquerait-la-liberation-des-wyatt-sicks-aleister-black-et-zelina-vega\/","title":{"rendered":"TKO n&rsquo;aimerait pas les personnages surnaturels ou sombres, c&rsquo;est ce qui expliquerait la lib\u00e9ration des Wyatt Sicks, Aleister Black et Zelina Vega !"},"content":{"rendered":"\n<p><\/p>\n\n\n\n<p><\/p>\n\n\n\n<p>Un changement de philosophie en interne pourrait expliquer certaines des coupures les plus inattendues du c\u00f4t\u00e9 de la WWE.<\/p>\n\n\n\n<p>\u00c0 la suite de la vague de d\u00e9parts de la semaine derni\u00e8re, qui a vu plus de 20 talents \u00eatre lib\u00e9r\u00e9s \u00e0 travers la WWE, NXT et EVOLVE, une nouvelle information en coulisses commence \u00e0 circuler au sein de la compagnie.<\/p>\n\n\n\n<p>Selon les discussions internes, au moins une personne influente au sein de TKO ne serait pas favorable aux personnages plus sombres et au style surnaturel pr\u00e9sent dans la programmation de la WWE, et cette perception pousse plusieurs personnes en coulisses \u00e0 croire que cette pr\u00e9f\u00e9rence pourrait expliquer pourquoi certains talents correspondant \u00e0 ce profil ont \u00e9t\u00e9 lib\u00e9r\u00e9s.<\/p>\n\n\n\n<p>Les noms souvent mentionn\u00e9s dans cette discussion incluent The Wyatt Sicks, ainsi que Aleister Black et Zelina Vega.<\/p>\n\n\n\n<p>Il est important de pr\u00e9ciser qu\u2019il s\u2019agit pour le moment d\u2019une th\u00e9orie interne en circulation, et non d\u2019une directive confirm\u00e9e. N\u00e9anmoins, cette explication est rapidement devenue l\u2019une des plus partag\u00e9es parmi les talents et le personnel cherchant \u00e0 comprendre ces d\u00e9cisions.<\/p>\n\n\n\n<p>Pour les Wyatt Sicks tous s&rsquo;entendent que c&rsquo;\u00e9tait une question de temps vu la fa\u00e7on qu&rsquo;ils \u00e9taient utilis\u00e9s par la compagnie de Stamford. Par contre pour Black qui \u00e9tait revenu de la AEW et que son couple avec Zelina deviennent officiel \u00e0 la t\u00e9l\u00e9, cela restera le plus gros choc de cette vague de lib\u00e9rations de contrat. <\/p>\n\n\n\n<figure class=\"wp-block-embed is-type-wp-embed is-provider-info-lutte wp-block-embed-info-lutte\"><div class=\"wp-block-embed__wrapper\">\n<blockquote class=\"wp-embedded-content\" data-secret=\"D9jtARNqQp\"><a href=\"https:\/\/www.jdx.info\/lutte\/2026\/04\/26\/plusieurs-autres-reactions-des-superstars-de-la-wwe-liberees-vendredi\/\">Plusieurs autres R\u00e9actions des SuperStars de la WWE Lib\u00e9r\u00e9es Vendredi !<\/a><\/blockquote><iframe loading=\"lazy\" class=\"wp-embedded-content\" sandbox=\"allow-scripts\" security=\"restricted\" style=\"position: absolute; visibility: hidden;\" title=\"\u00ab\u00a0Plusieurs autres R\u00e9actions des SuperStars de la WWE Lib\u00e9r\u00e9es Vendredi !\u00a0\u00bb &#8212; Info-Lutte\" src=\"https:\/\/www.jdx.info\/lutte\/2026\/04\/26\/plusieurs-autres-reactions-des-superstars-de-la-wwe-liberees-vendredi\/embed\/#?secret=qxVgR66Rlg#?secret=D9jtARNqQp\" data-secret=\"D9jtARNqQp\" width=\"600\" height=\"338\" frameborder=\"0\" marginwidth=\"0\" marginheight=\"0\" scrolling=\"no\"><\/iframe>\n<\/div><\/figure>\n<p><\/p>","protected":false},"excerpt":{"rendered":"<p>Un changement de philosophie en interne pourrait expliquer certaines des coupures les plus inattendues du c\u00f4t\u00e9 de la WWE. \u00c0 la suite de la vague de d\u00e9parts de la semaine derni\u00e8re, qui a vu plus de 20 talents \u00eatre lib\u00e9r\u00e9s \u00e0 travers la WWE, NXT et EVOLVE, une nouvelle information en coulisses commence \u00e0 circuler&#8230;<\/p>\n","protected":false},"author":609,"featured_media":132982,"comment_status":"open","ping_status":"closed","sticky":false,"template":"","format":"standard","meta":{"footnotes":""},"categories":[24,30,4,100],"tags":[446,447,366,433],"ppma_author":[295],"class_list":["post-132981","post","type-post","status-publish","format-standard","has-post-thumbnail","hentry","category-aew-impact-njpw-roh","category-ex-wwe","category-news","category-tko","tag-aleister-black","tag-unclehowdy","tag-wyatt-sicks","tag-zelina-vega"],"authors":[{"term_id":295,"user_id":609,"is_guest":0,"slug":"rodrigo","display_name":"Rodrigue Tousignant","avatar_url":"https:\/\/secure.gravatar.com\/avatar\/51fe284bb6dbe8a6b4c2bf998ad658f4a9cd24b7e58f15ec85888070c7340ce6?s=96&d=mm&r=g","0":null,"1":"","2":"","3":"","4":"","5":"","6":"","7":"","8":""}],"_links":{"self":[{"href":"https:\/\/www.jdx.info\/lutte\/wp-json\/wp\/v2\/posts\/132981","targetHints":{"allow":["GET"]}}],"collection":[{"href":"https:\/\/www.jdx.info\/lutte\/wp-json\/wp\/v2\/posts"}],"about":[{"href":"https:\/\/www.jdx.info\/lutte\/wp-json\/wp\/v2\/types\/post"}],"author":[{"embeddable":true,"href":"https:\/\/www.jdx.info\/lutte\/wp-json\/wp\/v2\/users\/609"}],"replies":[{"embeddable":true,"href":"https:\/\/www.jdx.info\/lutte\/wp-json\/wp\/v2\/comments?post=132981"}],"version-history":[{"count":2,"href":"https:\/\/www.jdx.info\/lutte\/wp-json\/wp\/v2\/posts\/132981\/revisions"}],"predecessor-version":[{"id":132984,"href":"https:\/\/www.jdx.info\/lutte\/wp-json\/wp\/v2\/posts\/132981\/revisions\/132984"}],"wp:featuredmedia":[{"embeddable":true,"href":"https:\/\/www.jdx.info\/lutte\/wp-json\/wp\/v2\/media\/132982"}],"wp:attachment":[{"href":"https:\/\/www.jdx.info\/lutte\/wp-json\/wp\/v2\/media?parent=132981"}],"wp:term":[{"taxonomy":"category","embeddable":true,"href":"https:\/\/www.jdx.info\/lutte\/wp-json\/wp\/v2\/categories?post=132981"},{"taxonomy":"post_tag","embeddable":true,"href":"https:\/\/www.jdx.info\/lutte\/wp-json\/wp\/v2\/tags?post=132981"},{"taxonomy":"author","embeddable":true,"href":"https:\/\/www.jdx.info\/lutte\/wp-json\/wp\/v2\/ppma_author?post=132981"}],"curies":[{"name":"wp","href":"https:\/\/api.w.org\/{rel}","templated":true}]}}