{"id":132944,"date":"2026-05-01T00:05:00","date_gmt":"2026-05-01T04:05:00","guid":{"rendered":"https:\/\/www.jdx.info\/lutte\/?p=132944"},"modified":"2026-05-01T14:38:19","modified_gmt":"2026-05-01T18:38:19","slug":"plus-de-details-sur-les-grands-changements-a-venir-bientot-pour-wwe-smackdown","status":"publish","type":"post","link":"https:\/\/www.jdx.info\/lutte\/2026\/05\/01\/plus-de-details-sur-les-grands-changements-a-venir-bientot-pour-wwe-smackdown\/","title":{"rendered":"Plus de d\u00e9tails sur les grands changements \u00e0 venir bient\u00f4t pour WWE SmackDown"},"content":{"rendered":"\n<p>Un tableau plus clair se dessine concernant les allers-retours continus de WWE SmackDown entre les formats de trois et deux heures.<\/p>\n\n\n\n<p>Selon Bryan Alvarez, l\u2019accord actuel de la WWE avec NBCUniversal pr\u00e9voit un calendrier fixe qui verra SmackDown revenir \u00e0 deux heures \u00e0 partir de juillet, apr\u00e8s une p\u00e9riode de six mois d\u2019\u00e9pisodes prolong\u00e9s.<\/p>\n\n\n\n<blockquote class=\"wp-block-quote is-layout-flow wp-block-quote-is-layout-flow\">\n<p>\u00ab Le contact de la WWE avec USA pr\u00e9voit des \u00e9missions de trois heures de janvier \u00e0 fin juin chaque ann\u00e9e.  Donc ce sera un \u00e9v\u00e9nement permanent et il nous reste deux mois de spectacles de trois heures \u00e0 survivre. De juillet \u00e0 fin d\u00e9cembre, cela fera deux heures. \u00bb<\/p>\n<\/blockquote>\n\n\n\n<p>En d\u2019autres termes, le format plus long n\u2019est pas permanent. C\u2019est saisonnier.<\/p>\n\n\n\n<p>SmackDown a d\u2019abord fait le saut \u00e0 trois heures le 3 janvier 2025, avant de revenir \u00e0 sa dur\u00e9e traditionnelle de deux heures le 4 juillet de cette ann\u00e9e-l\u00e0. Le m\u00eame sch\u00e9ma s\u2019est r\u00e9p\u00e9t\u00e9 en 2026, l\u2019\u00e9mission s\u2019\u00e9tant \u00e0 nouveau \u00e9tendue le 2 janvier.<\/p>\n\n\n\n<p>Alvarez et Dave Meltzer ont d\u00e9taill\u00e9 davantage la structure de l\u2019accord lors d\u2019un r\u00e9cent \u00e9pisode de\u00a0<em>Wrestling Observer Radio<\/em>, confirmant que la s\u00e9paration du format est directement int\u00e9gr\u00e9e au contrat.<\/p>\n\n\n\n<p>Voici ce que Melzer avait \u00e0 dire :<\/p>\n\n\n\n<blockquote class=\"wp-block-quote is-layout-flow wp-block-quote-is-layout-flow\">\n<p>\u00ab Le contrat qu\u2019ils ont sign\u00e9 maintenant est de janvier jusqu\u2019\u00e0 fin juin qui serait de trois heures. Et puis fin juin, du premier juillet \u00e0 la fin d\u00e9cembre, cela ferait deux heures. Voil\u00e0 donc la nouveaut\u00e9, la structure actuelle de l\u2019accord. \u00bb<\/p>\n<\/blockquote>\n\n\n\n<p>Cette structure ne semble pas pr\u00eate \u00e0 changer de sit\u00f4t.<\/p>\n\n\n\n<blockquote class=\"wp-block-quote is-layout-flow wp-block-quote-is-layout-flow\">\n<p>\u00ab Pour un avenir pr\u00e9visible. Probablement pour les quatre prochaines ann\u00e9es \u00bb<\/p>\n<\/blockquote>\n\n\n\n<p>Pour les fans, cela signifie que l\u2019\u00e8re de SmackDown de trois heures continuera de revenir et de dispara\u00eetre par cycles. Du moins pour la dur\u00e9e de l\u2019accord actuel sur les droits m\u00e9diatiques. Comme mentionn\u00e9, les \u00e9l\u00e9ments de production devraient \u00e9galement \u00eatre modifi\u00e9s dans les semaines \u00e0 venir.<\/p>\n\n\n\n<p>Pour l&rsquo;international, Netflix va suivre le format du jour. <\/p>\n\n\n\n<p><\/p>\n<p><\/p>","protected":false},"excerpt":{"rendered":"<p>Un tableau plus clair se dessine concernant les allers-retours continus de WWE SmackDown entre les formats de trois et deux heures. Selon Bryan Alvarez, l\u2019accord actuel de la WWE avec NBCUniversal pr\u00e9voit un calendrier fixe qui verra SmackDown revenir \u00e0 deux heures \u00e0 partir de juillet, apr\u00e8s une p\u00e9riode de six mois d\u2019\u00e9pisodes prolong\u00e9s. \u00ab&#8230;<\/p>\n","protected":false},"author":665,"featured_media":133015,"comment_status":"open","ping_status":"closed","sticky":false,"template":"","format":"standard","meta":{"footnotes":""},"categories":[4,36,23],"tags":[32,153,107],"ppma_author":[289],"class_list":["post-132944","post","type-post","status-publish","format-standard","has-post-thumbnail","hentry","category-news","category-smackdown","category-wwe","tag-smackdown","tag-usa-network","tag-wwe"],"authors":[{"term_id":289,"user_id":665,"is_guest":0,"slug":"line","display_name":"Line Edmond","avatar_url":"https:\/\/secure.gravatar.com\/avatar\/852de09636413c90cdaa278312f9ea5bc4396768745424755cb63d99a05989d0?s=96&d=mm&r=g","0":null,"1":"","2":"","3":"","4":"","5":"","6":"","7":"","8":""}],"_links":{"self":[{"href":"https:\/\/www.jdx.info\/lutte\/wp-json\/wp\/v2\/posts\/132944","targetHints":{"allow":["GET"]}}],"collection":[{"href":"https:\/\/www.jdx.info\/lutte\/wp-json\/wp\/v2\/posts"}],"about":[{"href":"https:\/\/www.jdx.info\/lutte\/wp-json\/wp\/v2\/types\/post"}],"author":[{"embeddable":true,"href":"https:\/\/www.jdx.info\/lutte\/wp-json\/wp\/v2\/users\/665"}],"replies":[{"embeddable":true,"href":"https:\/\/www.jdx.info\/lutte\/wp-json\/wp\/v2\/comments?post=132944"}],"version-history":[{"count":2,"href":"https:\/\/www.jdx.info\/lutte\/wp-json\/wp\/v2\/posts\/132944\/revisions"}],"predecessor-version":[{"id":133016,"href":"https:\/\/www.jdx.info\/lutte\/wp-json\/wp\/v2\/posts\/132944\/revisions\/133016"}],"wp:featuredmedia":[{"embeddable":true,"href":"https:\/\/www.jdx.info\/lutte\/wp-json\/wp\/v2\/media\/133015"}],"wp:attachment":[{"href":"https:\/\/www.jdx.info\/lutte\/wp-json\/wp\/v2\/media?parent=132944"}],"wp:term":[{"taxonomy":"category","embeddable":true,"href":"https:\/\/www.jdx.info\/lutte\/wp-json\/wp\/v2\/categories?post=132944"},{"taxonomy":"post_tag","embeddable":true,"href":"https:\/\/www.jdx.info\/lutte\/wp-json\/wp\/v2\/tags?post=132944"},{"taxonomy":"author","embeddable":true,"href":"https:\/\/www.jdx.info\/lutte\/wp-json\/wp\/v2\/ppma_author?post=132944"}],"curies":[{"name":"wp","href":"https:\/\/api.w.org\/{rel}","templated":true}]}}