{"id":132934,"date":"2026-04-30T02:54:00","date_gmt":"2026-04-30T06:54:00","guid":{"rendered":"https:\/\/www.jdx.info\/lutte\/?p=132934"},"modified":"2026-04-30T15:13:24","modified_gmt":"2026-04-30T19:13:24","slug":"thunder-rosa-exprime-son-interet-pour-un-match-cheveux-contre-cheveux-mais-elle-ne-peux-pas-dire-contre-qui","status":"publish","type":"post","link":"https:\/\/www.jdx.info\/lutte\/2026\/04\/30\/thunder-rosa-exprime-son-interet-pour-un-match-cheveux-contre-cheveux-mais-elle-ne-peux-pas-dire-contre-qui\/","title":{"rendered":"Thunder Rosa exprime son int\u00e9r\u00eat pour un match cheveux contre cheveux mais elle ne peux pas dire contre qui !"},"content":{"rendered":"\n<p><strong>Thunder Rosa pr\u00eate \u00e0 risquer ses cheveux dans un match \u00e0 enjeux \u00e9lev\u00e9s<\/strong><\/p>\n\n\n\n<p>Thunder Rosa est ouverte \u00e0 augmenter consid\u00e9rablement les enjeux, si les conditions sont r\u00e9unies.<\/p>\n\n\n\n<p>La v\u00e9t\u00e9rane de la AEW a r\u00e9cemment \u00e9voqu\u00e9 l\u2019id\u00e9e de participer \u00e0 un match cheveux contre cheveux, une stipulation embl\u00e9matique de l\u2019industrie de la lutte professionnelle depuis des d\u00e9cennies. Avec la AEW ayant revisit\u00e9 ce concept r\u00e9cemment, il semble que Rosa ne serait pas contre prendre elle-m\u00eame cette place sous les projecteurs.<\/p>\n\n\n\n<p>Lors d\u2019un entretien avec Simon Miller dans Under The Mat, Rosa a confirm\u00e9 qu\u2019elle serait pr\u00eate non seulement \u00e0 participer \u00e0 un tel affrontement, mais aussi \u00e0 le perdre, selon le contexte.<\/p>\n\n\n\n<blockquote class=\"wp-block-quote is-layout-flow wp-block-quote-is-layout-flow\">\n<p>\u00ab Eh bien, si le prix est juste, oui. Non, mais je pense aussi que c\u2019est autre chose. \u00bb<\/p>\n<\/blockquote>\n\n\n\n<blockquote class=\"wp-block-quote is-layout-flow wp-block-quote-is-layout-flow\">\n<p>\u00ab Je ne l\u2019ai jamais fait. Tu sais, j\u2019ai d\u00e9j\u00e0 fait des matchs extr\u00eames. J\u2019ai fait des matchs en cage. J\u2019ai fait&#8230; Je ne sais pas. Tellement d\u2019autres matchs. \u00bb<\/p>\n<\/blockquote>\n\n\n\n<p>Il s\u2019agit d\u2019un nouveau d\u00e9fi qu\u2019elle n\u2019a pas encore relev\u00e9.<\/p>\n\n\n\n<p>Rosa s\u2019est b\u00e2tie une r\u00e9putation en participant \u00e0 des combats physiquement exigeants et atypiques tout au long de sa carri\u00e8re, ce qui fait d\u2019un match cheveux contre cheveux une progression logique pour repousser ses limites sur le ring.<\/p>\n\n\n\n<p>Cependant, lorsqu\u2019il est question d\u2019une adversaire potentielle pour ce combat, Rosa est rest\u00e9e volontairement vague. Mais intrigante.<\/p>\n\n\n\n<blockquote class=\"wp-block-quote is-layout-flow wp-block-quote-is-layout-flow\">\n<p>\u00ab La personne avec qui je veux le faire. Je ne peux pas prononcer son nom. \u00bb<\/p>\n<\/blockquote>\n\n\n\n<p>Cette d\u00e9claration suffit \u00e0 alimenter les sp\u00e9culations chez les fans.<\/p>\n\n\n\n<div style=\"position: relative; padding-bottom: 56.25%; height: 0; overflow: hidden;\">\n  <iframe \n    src=\"https:\/\/www.youtube.com\/embed\/mZMa83sn6HY\"\n    style=\"position: absolute; top:0; left:0; width:100%; height:100%;\"\n    frameborder=\"0\"\n    allowfullscreen>\n  <\/iframe>\n<\/div>\n<p><\/p>","protected":false},"excerpt":{"rendered":"<p>Thunder Rosa pr\u00eate \u00e0 risquer ses cheveux dans un match \u00e0 enjeux \u00e9lev\u00e9s Thunder Rosa est ouverte \u00e0 augmenter consid\u00e9rablement les enjeux, si les conditions sont r\u00e9unies. La v\u00e9t\u00e9rane de la AEW a r\u00e9cemment \u00e9voqu\u00e9 l\u2019id\u00e9e de participer \u00e0 un match cheveux contre cheveux, une stipulation embl\u00e9matique de l\u2019industrie de la lutte professionnelle depuis des&#8230;<\/p>\n","protected":false},"author":665,"featured_media":132971,"comment_status":"open","ping_status":"closed","sticky":false,"template":"","format":"standard","meta":{"footnotes":""},"categories":[38,24,4],"tags":[],"ppma_author":[289],"class_list":["post-132934","post","type-post","status-publish","format-standard","has-post-thumbnail","hentry","category-aew","category-aew-impact-njpw-roh","category-news"],"authors":[{"term_id":289,"user_id":665,"is_guest":0,"slug":"line","display_name":"Line Edmond","avatar_url":"https:\/\/secure.gravatar.com\/avatar\/852de09636413c90cdaa278312f9ea5bc4396768745424755cb63d99a05989d0?s=96&d=mm&r=g","0":null,"1":"","2":"","3":"","4":"","5":"","6":"","7":"","8":""}],"_links":{"self":[{"href":"https:\/\/www.jdx.info\/lutte\/wp-json\/wp\/v2\/posts\/132934","targetHints":{"allow":["GET"]}}],"collection":[{"href":"https:\/\/www.jdx.info\/lutte\/wp-json\/wp\/v2\/posts"}],"about":[{"href":"https:\/\/www.jdx.info\/lutte\/wp-json\/wp\/v2\/types\/post"}],"author":[{"embeddable":true,"href":"https:\/\/www.jdx.info\/lutte\/wp-json\/wp\/v2\/users\/665"}],"replies":[{"embeddable":true,"href":"https:\/\/www.jdx.info\/lutte\/wp-json\/wp\/v2\/comments?post=132934"}],"version-history":[{"count":2,"href":"https:\/\/www.jdx.info\/lutte\/wp-json\/wp\/v2\/posts\/132934\/revisions"}],"predecessor-version":[{"id":132972,"href":"https:\/\/www.jdx.info\/lutte\/wp-json\/wp\/v2\/posts\/132934\/revisions\/132972"}],"wp:featuredmedia":[{"embeddable":true,"href":"https:\/\/www.jdx.info\/lutte\/wp-json\/wp\/v2\/media\/132971"}],"wp:attachment":[{"href":"https:\/\/www.jdx.info\/lutte\/wp-json\/wp\/v2\/media?parent=132934"}],"wp:term":[{"taxonomy":"category","embeddable":true,"href":"https:\/\/www.jdx.info\/lutte\/wp-json\/wp\/v2\/categories?post=132934"},{"taxonomy":"post_tag","embeddable":true,"href":"https:\/\/www.jdx.info\/lutte\/wp-json\/wp\/v2\/tags?post=132934"},{"taxonomy":"author","embeddable":true,"href":"https:\/\/www.jdx.info\/lutte\/wp-json\/wp\/v2\/ppma_author?post=132934"}],"curies":[{"name":"wp","href":"https:\/\/api.w.org\/{rel}","templated":true}]}}