{"id":132923,"date":"2026-04-29T13:15:00","date_gmt":"2026-04-29T17:15:00","guid":{"rendered":"https:\/\/www.jdx.info\/lutte\/?p=132923"},"modified":"2026-04-29T14:02:34","modified_gmt":"2026-04-29T18:02:34","slug":"darby-allin-explique-limportance-de-sting-lors-de-son-sacre-a-la-aew-sting-compare-ce-moment-a-un-passage-marquant-avec-ric-flair","status":"publish","type":"post","link":"https:\/\/www.jdx.info\/lutte\/2026\/04\/29\/darby-allin-explique-limportance-de-sting-lors-de-son-sacre-a-la-aew-sting-compare-ce-moment-a-un-passage-marquant-avec-ric-flair\/","title":{"rendered":"Darby Allin explique l\u2019importance de Sting lors de son sacre \u00e0 la AEW, Sting compare ce moment \u00e0 un passage marquant avec Ric Flair !"},"content":{"rendered":"\n<p>Darby Allin est revenu sur l\u2019un des moments les plus importants de sa carri\u00e8re, en expliquant pourquoi la pr\u00e9sence de Sting a rendu ce sacre encore plus marquant.<\/p>\n\n\n\n<p>Allin a remport\u00e9 le Championnat du Monde de la AEW en battant Maxwell Jacob Friedman lors de l\u2019\u00e9pisode du 15 avril de Dynamite \u00e0 Everett, dans l\u2019\u00c9tat de Washington, franchissant une \u00e9tape majeure dans son ascension au sommet de la compagnie.<\/p>\n\n\n\n<p>Dans les coulisses avant le combat, Sting avait \u00e9t\u00e9 montr\u00e9 en train de lui donner quelques derniers conseils. Apr\u00e8s la victoire, le membre du Temple de la renomm\u00e9e de la WWE a rejoint son prot\u00e9g\u00e9 sur le ring pour c\u00e9l\u00e9brer ce moment charg\u00e9 d\u2019\u00e9motion. Cet instant a profond\u00e9ment marqu\u00e9 Allin.<\/p>\n\n\n\n<p>Dans une r\u00e9cente entrevue avec Yahoo Sports, il a expliqu\u00e9 \u00e0 quel point la pr\u00e9sence de Sting comptait pour lui, autant sur le plan professionnel que personnel.<\/p>\n\n\n\n<blockquote class=\"wp-block-quote is-layout-flow wp-block-quote-is-layout-flow\">\n<p>\u00ab Le fait d\u2019avoir Sting \u00e0 mes c\u00f4t\u00e9s\u2026 je lui ai d\u00e9j\u00e0 dit en priv\u00e9, je le respecte en dehors du ring comme personne d\u2019autre. Il a atteint le sommet de ce sport tout en restant l\u2019une des personnes les plus humbles et respect\u00e9es, et c\u2019est exactement ce que je voulais \u00eatre. \u00bb<\/p>\n<\/blockquote>\n\n\n\n<p>Allin a insist\u00e9 sur le fait qu\u2019il a toujours voulu rester fid\u00e8le \u00e0 lui-m\u00eame malgr\u00e9 le succ\u00e8s.<\/p>\n\n\n\n<blockquote class=\"wp-block-quote is-layout-flow wp-block-quote-is-layout-flow\">\n<p>\u00ab Je ne voulais pas que l\u2019ego ou la popularit\u00e9 prennent le dessus, parce que tout \u00e7a est \u00e9ph\u00e9m\u00e8re. Je veux pouvoir me regarder dans le miroir quand tout sera termin\u00e9. Et pour moi, Sting repr\u00e9sente parfaitement cet \u00e9tat d\u2019esprit. \u00bb<\/p>\n<\/blockquote>\n\n\n\n<p>Il a \u00e9galement soulign\u00e9 l\u2019importance de vivre ce moment sous le regard de son mentor.<\/p>\n\n\n\n<blockquote class=\"wp-block-quote is-layout-flow wp-block-quote-is-layout-flow\">\n<p>\u00ab Il est tr\u00e8s pos\u00e9. Le fait qu\u2019il soit l\u00e0, c\u2019\u00e9tait incroyable, parce qu\u2019il pouvait voir que je suivais ses conseils. Je ne me suis pas comport\u00e9 comme si j\u2019\u00e9tais le roi du monde apr\u00e8s ma victoire. Je suis tr\u00e8s reconnaissant pour tout \u00e7a. \u00bb<\/p>\n<\/blockquote>\n\n\n\n<p>Sting a lui aussi comment\u00e9 ce moment lors de l\u2019entrevue, en \u00e9voquant sa relation avec Allin et en \u00e9tablissant un parall\u00e8le avec son propre parcours aux c\u00f4t\u00e9s de Ric Flair.<\/p>\n\n\n\n<p>M\u00eame s\u2019il pr\u00e9cise que leur relation est diff\u00e9rente de sa rivalit\u00e9 avec Flair, Sting estime qu\u2019il y a une similitude dans la reconnaissance du potentiel.<\/p>\n\n\n\n<blockquote class=\"wp-block-quote is-layout-flow wp-block-quote-is-layout-flow\">\n<p>\u00ab J\u2019ai connu quelqu\u2019un comme Ric Flair qui avait la capacit\u00e9 de faire ou d\u00e9faire ma carri\u00e8re. Et je pense que j\u2019ai peut-\u00eatre eu cette m\u00eame influence avec Darby, m\u00eame si nous n\u2019\u00e9tions pas adversaires mais dans la m\u00eame \u00e9quipe. \u00bb<\/p>\n<\/blockquote>\n\n\n\n<blockquote class=\"wp-block-quote is-layout-flow wp-block-quote-is-layout-flow\">\n<p>\u00ab J\u2019ai vu quelque chose en lui, il a vu quelque chose en moi, et tout s\u2019est mis en place. \u00bb<\/p>\n<\/blockquote>\n\n\n\n<p>Un moment marquant pour Darby Allin, avec une v\u00e9ritable symbolique de transmission de la part de Sting.<\/p>\n\n\n\n<p>Allin doit maintenant d\u00e9fendre le Championnat du Monde de la AEW pour une deuxi\u00e8me semaine cons\u00e9cutive lors du Dynamite du 29 avril \u00e0 Fairfax, en Virginie, face \u00e0 Brody King.<\/p>\n\n\n\n<p>Soyez des n\u00f4tre ce soir pour le voir en direct, ou en reprise et les r\u00e9sultats complet en fin de soir\u00e9e.<\/p>\n\n\n\n<iframe loading=\"lazy\" width=\"560\" height=\"315\" src=\"https:\/\/www.youtube.com\/embed\/CAmOeUTztmc?si=Koe9d53X6-owvNB7\" title=\"YouTube video player\" frameborder=\"0\" allow=\"accelerometer; autoplay; clipboard-write; encrypted-media; gyroscope; picture-in-picture; web-share\" referrerpolicy=\"strict-origin-when-cross-origin\" allowfullscreen><\/iframe>\n<p><\/p>","protected":false},"excerpt":{"rendered":"<p>Darby Allin est revenu sur l\u2019un des moments les plus importants de sa carri\u00e8re, en expliquant pourquoi la pr\u00e9sence de Sting a rendu ce sacre encore plus marquant. Allin a remport\u00e9 le Championnat du Monde de la AEW en battant Maxwell Jacob Friedman lors de l\u2019\u00e9pisode du 15 avril de Dynamite \u00e0 Everett, dans l\u2019\u00c9tat&#8230;<\/p>\n","protected":false},"author":2,"featured_media":132924,"comment_status":"open","ping_status":"closed","sticky":false,"template":"","format":"standard","meta":{"footnotes":""},"categories":[38,24,30,77,187,4,83],"tags":[320,406,441],"ppma_author":[287],"class_list":["post-132923","post","type-post","status-publish","format-standard","has-post-thumbnail","hentry","category-aew","category-aew-impact-njpw-roh","category-ex-wwe","category-hall-of-fame","category-legends","category-news","category-wcw","tag-aew","tag-darby-allin","tag-sting"],"authors":[{"term_id":287,"user_id":2,"is_guest":0,"slug":"jason","display_name":"Jason Desc\u00f4teaux","avatar_url":"https:\/\/secure.gravatar.com\/avatar\/f64adf6d13198c3a532c061cecd8672089a1e9a3d07c702dffe886a7e55a15eb?s=96&d=mm&r=g","0":null,"1":"","2":"","3":"","4":"","5":"","6":"","7":"","8":""}],"_links":{"self":[{"href":"https:\/\/www.jdx.info\/lutte\/wp-json\/wp\/v2\/posts\/132923","targetHints":{"allow":["GET"]}}],"collection":[{"href":"https:\/\/www.jdx.info\/lutte\/wp-json\/wp\/v2\/posts"}],"about":[{"href":"https:\/\/www.jdx.info\/lutte\/wp-json\/wp\/v2\/types\/post"}],"author":[{"embeddable":true,"href":"https:\/\/www.jdx.info\/lutte\/wp-json\/wp\/v2\/users\/2"}],"replies":[{"embeddable":true,"href":"https:\/\/www.jdx.info\/lutte\/wp-json\/wp\/v2\/comments?post=132923"}],"version-history":[{"count":1,"href":"https:\/\/www.jdx.info\/lutte\/wp-json\/wp\/v2\/posts\/132923\/revisions"}],"predecessor-version":[{"id":132925,"href":"https:\/\/www.jdx.info\/lutte\/wp-json\/wp\/v2\/posts\/132923\/revisions\/132925"}],"wp:featuredmedia":[{"embeddable":true,"href":"https:\/\/www.jdx.info\/lutte\/wp-json\/wp\/v2\/media\/132924"}],"wp:attachment":[{"href":"https:\/\/www.jdx.info\/lutte\/wp-json\/wp\/v2\/media?parent=132923"}],"wp:term":[{"taxonomy":"category","embeddable":true,"href":"https:\/\/www.jdx.info\/lutte\/wp-json\/wp\/v2\/categories?post=132923"},{"taxonomy":"post_tag","embeddable":true,"href":"https:\/\/www.jdx.info\/lutte\/wp-json\/wp\/v2\/tags?post=132923"},{"taxonomy":"author","embeddable":true,"href":"https:\/\/www.jdx.info\/lutte\/wp-json\/wp\/v2\/ppma_author?post=132923"}],"curies":[{"name":"wp","href":"https:\/\/api.w.org\/{rel}","templated":true}]}}