{"id":132868,"date":"2026-04-29T02:32:00","date_gmt":"2026-04-29T06:32:00","guid":{"rendered":"https:\/\/www.jdx.info\/lutte\/?p=132868"},"modified":"2026-04-29T12:53:05","modified_gmt":"2026-04-29T16:53:05","slug":"jd-mcdonagh-parle-de-la-capacite-de-the-judgment-day-a-construire-des-stars-des-projets-de-vie-apres-la-wwe","status":"publish","type":"post","link":"https:\/\/www.jdx.info\/lutte\/2026\/04\/29\/jd-mcdonagh-parle-de-la-capacite-de-the-judgment-day-a-construire-des-stars-des-projets-de-vie-apres-la-wwe\/","title":{"rendered":"JD McDonagh parle de la capacit\u00e9 de The Judgment Day \u00e0 construire des stars, des projets de vie apr\u00e8s la WWE"},"content":{"rendered":"\n<p>JD McDonagh r\u00e9fl\u00e9chit d\u00e9j\u00e0 \u00e0 la vie apr\u00e8s la fin de sa carri\u00e8re sur le ring. Bien qu\u2019il reste concentr\u00e9 sur le pr\u00e9sent, la superstar de la WWE s\u2019est r\u00e9cemment ouverte sur ce \u00e0 quoi pourrait ressembler son avenir une fois qu\u2019il se retirera \u00e9ventuellement de la comp\u00e9tition active.<\/p>\n\n\n\n<p>Lors d\u2019une interview accord\u00e9e \u00e0 German Suplex Talk, McDonagh a r\u00e9fl\u00e9chi \u00e0 quel point le catch est profond\u00e9ment ancr\u00e9 dans sa vie et a clairement indiqu\u00e9 qu\u2019il n\u2019a pas l\u2019intention de quitter compl\u00e8tement le m\u00e9tier.<\/p>\n\n\n\n<blockquote class=\"wp-block-quote is-layout-flow wp-block-quote-is-layout-flow\">\n<p>\u00ab Je ne peux pas vraiment imaginer ma vie sans la lutte. Je fais du catch depuis que j\u2019ai 12 ans. Donc j\u2019ai l\u2019impression que le jour o\u00f9 je ne pourrai plus monter sur le ring et que je serai au niveau qui me satisfait et que je devrai arr\u00eater, je veux toujours \u00eatre impliqu\u00e9 et entour\u00e9 de catch. \u00bb<\/p>\n<\/blockquote>\n\n\n\n<p>Il a ensuite expos\u00e9 quelques voies possibles qu\u2019il pourrait emprunter, notamment travailler en coulisses \u00e0 la WWE ou m\u00eame rentrer en Irlande pour lancer sa propre initiative.<\/p>\n\n\n\n<blockquote class=\"wp-block-quote is-layout-flow wp-block-quote-is-layout-flow\">\n<p>\u00ab Que ce soit en tant que producteur, en aidant de nouvelles stars \u00e0 organiser leurs matchs, je ne sais pas, peut-\u00eatre que je retournerai en Irlande et ouvrirai ma propre salle de sport. Tu sais, l\u2019Acad\u00e9mie irlandaise ou quelque chose comme \u00e7a. Je ne sais pas, je n\u2019ai pas vraiment r\u00e9fl\u00e9chi \u00e0 ce point, pour \u00eatre honn\u00eate avec toi, je suis uniquement concentr\u00e9 l\u00e0-dessus. \u00bb<\/p>\n<\/blockquote>\n\n\n\n<p>Une \u00e9tape suivante naturelle, peut-\u00eatre.<\/p>\n\n\n\n<p>Ailleurs dans l\u2019interview, McDonagh a \u00e9galement \u00e9voqu\u00e9 le succ\u00e8s continu de The Judgment Day et ce qui a aid\u00e9 le groupe \u00e0 rester pertinent tout en valorisant ses membres.<\/p>\n\n\n\n<blockquote class=\"wp-block-quote is-layout-flow wp-block-quote-is-layout-flow\">\n<p>\u00ab Je pense que c\u2019est l\u2019une des plus grandes forces du Jugement Dernier : construire de nouvelles stars. Je sais que Priest et Rhea sont tous deux sortis du Jugement dernier champions du monde. Ils n\u2019auraient peut-\u00eatre pas gagn\u00e9 les championnats du monde sans le Judgment Day. \u00bb<\/p>\n<\/blockquote>\n\n\n\n<p>Il a poursuivi en soulignant l\u2019\u00e9volution de la formation du groupe et les avantages que cela a apport\u00e9s \u00e0 ses membres, y compris \u00e0 lui-m\u00eame.<\/p>\n\n\n\n<blockquote class=\"wp-block-quote is-layout-flow wp-block-quote-is-layout-flow\">\n<p>\u00ab Dom est \u00e9videmment une \u00e9norme star maintenant, moi-m\u00eame, \u00e7a a \u00e9t\u00e9 un excellent moyen pour moi de me rapprocher des fans de catch et de me mettre sur pied dans le roster principal, je pense que The Judgment Day a la long\u00e9vit\u00e9 car on garde un groupe de membres tournants et quand quelqu\u2019un devient un peu trop grand pour ses bottes, Il a un ego, veut \u00eatre le leader, on les met dehors et on revient au point du groupe entier : pas d\u2019ego, pas de leaders. \u00bb<\/p>\n<\/blockquote>\n\n\n\n<p><\/p>\n\n\n\n<iframe loading=\"lazy\" width=\"560\" height=\"315\" src=\"https:\/\/www.youtube.com\/embed\/Y4m_HxU5X18?si=DSu2tLlXxTd8NEB-\" title=\"YouTube video player\" frameborder=\"0\" allow=\"accelerometer; autoplay; clipboard-write; encrypted-media; gyroscope; picture-in-picture; web-share\" referrerpolicy=\"strict-origin-when-cross-origin\" allowfullscreen><\/iframe>\n<p><\/p>","protected":false},"excerpt":{"rendered":"<p>JD McDonagh r\u00e9fl\u00e9chit d\u00e9j\u00e0 \u00e0 la vie apr\u00e8s la fin de sa carri\u00e8re sur le ring. Bien qu\u2019il reste concentr\u00e9 sur le pr\u00e9sent, la superstar de la WWE s\u2019est r\u00e9cemment ouverte sur ce \u00e0 quoi pourrait ressembler son avenir une fois qu\u2019il se retirera \u00e9ventuellement de la comp\u00e9tition active. Lors d\u2019une interview accord\u00e9e \u00e0 German&#8230;<\/p>\n","protected":false},"author":665,"featured_media":132901,"comment_status":"open","ping_status":"closed","sticky":false,"template":"","format":"standard","meta":{"footnotes":""},"categories":[4,23],"tags":[439,128],"ppma_author":[289],"class_list":["post-132868","post","type-post","status-publish","format-standard","has-post-thumbnail","hentry","category-news","category-wwe","tag-jd-mcdonagh","tag-judgment-day"],"authors":[{"term_id":289,"user_id":665,"is_guest":0,"slug":"line","display_name":"Line Edmond","avatar_url":"https:\/\/secure.gravatar.com\/avatar\/852de09636413c90cdaa278312f9ea5bc4396768745424755cb63d99a05989d0?s=96&d=mm&r=g","0":null,"1":"","2":"","3":"","4":"","5":"","6":"","7":"","8":""}],"_links":{"self":[{"href":"https:\/\/www.jdx.info\/lutte\/wp-json\/wp\/v2\/posts\/132868","targetHints":{"allow":["GET"]}}],"collection":[{"href":"https:\/\/www.jdx.info\/lutte\/wp-json\/wp\/v2\/posts"}],"about":[{"href":"https:\/\/www.jdx.info\/lutte\/wp-json\/wp\/v2\/types\/post"}],"author":[{"embeddable":true,"href":"https:\/\/www.jdx.info\/lutte\/wp-json\/wp\/v2\/users\/665"}],"replies":[{"embeddable":true,"href":"https:\/\/www.jdx.info\/lutte\/wp-json\/wp\/v2\/comments?post=132868"}],"version-history":[{"count":2,"href":"https:\/\/www.jdx.info\/lutte\/wp-json\/wp\/v2\/posts\/132868\/revisions"}],"predecessor-version":[{"id":132902,"href":"https:\/\/www.jdx.info\/lutte\/wp-json\/wp\/v2\/posts\/132868\/revisions\/132902"}],"wp:featuredmedia":[{"embeddable":true,"href":"https:\/\/www.jdx.info\/lutte\/wp-json\/wp\/v2\/media\/132901"}],"wp:attachment":[{"href":"https:\/\/www.jdx.info\/lutte\/wp-json\/wp\/v2\/media?parent=132868"}],"wp:term":[{"taxonomy":"category","embeddable":true,"href":"https:\/\/www.jdx.info\/lutte\/wp-json\/wp\/v2\/categories?post=132868"},{"taxonomy":"post_tag","embeddable":true,"href":"https:\/\/www.jdx.info\/lutte\/wp-json\/wp\/v2\/tags?post=132868"},{"taxonomy":"author","embeddable":true,"href":"https:\/\/www.jdx.info\/lutte\/wp-json\/wp\/v2\/ppma_author?post=132868"}],"curies":[{"name":"wp","href":"https:\/\/api.w.org\/{rel}","templated":true}]}}