{"id":132768,"date":"2026-04-26T00:43:00","date_gmt":"2026-04-26T04:43:00","guid":{"rendered":"https:\/\/www.jdx.info\/lutte\/?p=132768"},"modified":"2026-04-26T15:41:58","modified_gmt":"2026-04-26T19:41:58","slug":"zelina-vega-sadresse-a-nouveau-a-la-publication-de-la-wwe-dans-un-deuxieme-communique-de-suivi","status":"publish","type":"post","link":"https:\/\/www.jdx.info\/lutte\/2026\/04\/26\/zelina-vega-sadresse-a-nouveau-a-la-publication-de-la-wwe-dans-un-deuxieme-communique-de-suivi\/","title":{"rendered":"Zelina Vega s\u2019adresse \u00e0 nouveau \u00e0 la publication de la WWE dans un deuxi\u00e8me communiqu\u00e9 de suivi"},"content":{"rendered":"\n<p>Zelina Vega s\u2019exprime apr\u00e8s son d\u00e9part de la WWE, partageant des messages \u00e9mouvants refl\u00e9tant \u00e0 la fois son passage dans l\u2019entreprise et le soutien qu\u2019elle a re\u00e7u.<\/p>\n\n\n\n<p>Comme mentionn\u00e9, Vega faisait partie des noms inclus dans la vague de coupes post-WrestleMania 42 vendredi, qui a \u00e9galement vu la lib\u00e9ration de son mari et partenaire \u00e0 l\u2019\u00e9cran Aleister Black.<\/p>\n\n\n\n<p>Ces coupes \u00e0 grande \u00e9chelle ont eu un impact sur les talents du roster principal, de NXT et de WWE EVOLVE.<\/p>\n\n\n\n<p>Peu apr\u00e8s la r\u00e9v\u00e9lation, Vega s\u2019est adress\u00e9 directement aux fans via X.<\/p>\n\n\n\n<p>\u00ab Mes fans comptent \u00e9norm\u00e9ment pour moi. J\u2019ai beaucoup perdu cette ann\u00e9e et dans ma vie en g\u00e9n\u00e9ral&#8230; mais je vous ai tous gagn\u00e9s. Merci. Votre soutien compte plus que vous ne le saurez jamais. \u00bb<\/p>\n\n\n\n<p>Une note sinc\u00e8re. Et pas la derni\u00e8re.<\/p>\n\n\n\n<p>Vega a encha\u00een\u00e9 samedi avec un autre message, cette fois en se concentrant sur ceux avec qui elle a travaill\u00e9 pendant son passage \u00e0 la WWE.<\/p>\n\n\n\n<blockquote class=\"wp-block-quote is-layout-flow wp-block-quote-is-layout-flow\">\n<p>\u00ab Je sais que je l\u2019ai dit en stream, mais je veux aussi remercier mes coll\u00e8gues, entra\u00eeneurs et tous ceux qui ont rendu possible ce que j\u2019ai fait \u00e0 la WWE. Le nombre de textos que j\u2019ai re\u00e7us de vous tous m\u2019a r\u00e9chauff\u00e9 le c\u0153ur jusqu\u2019aux larmes. Merci. Je me sens vraiment honor\u00e9e d\u2019avoir travaill\u00e9 avec vous. \u00bb<\/p>\n<\/blockquote>\n\n\n\n<p>La sortie de Vega faisait partie d\u2019une s\u00e9rie de coupes qui ont vu\u00a025 Superstars de la WWE \u00eatre lib\u00e9r\u00e9es \u00e0 travers plusieurs marques, marquant l\u2019un des bouleversements de roster post-WrestleMania les plus notables de m\u00e9moire r\u00e9cente.<\/p>\n\n\n\n<figure class=\"wp-block-embed is-type-wp-embed is-provider-info-lutte wp-block-embed-info-lutte\"><div class=\"wp-block-embed__wrapper\">\n<blockquote class=\"wp-embedded-content\" data-secret=\"eJ04oyqk2d\"><a href=\"https:\/\/www.jdx.info\/lutte\/2026\/04\/26\/plusieurs-autres-reactions-des-superstars-de-la-wwe-liberees-vendredi\/\">Plusieurs autres R\u00e9actions des SuperStars de la WWE Lib\u00e9r\u00e9es Vendredi !<\/a><\/blockquote><iframe loading=\"lazy\" class=\"wp-embedded-content\" sandbox=\"allow-scripts\" security=\"restricted\" style=\"position: absolute; visibility: hidden;\" title=\"\u00ab\u00a0Plusieurs autres R\u00e9actions des SuperStars de la WWE Lib\u00e9r\u00e9es Vendredi !\u00a0\u00bb &#8212; Info-Lutte\" src=\"https:\/\/www.jdx.info\/lutte\/2026\/04\/26\/plusieurs-autres-reactions-des-superstars-de-la-wwe-liberees-vendredi\/embed\/#?secret=z15S8gktVQ#?secret=eJ04oyqk2d\" data-secret=\"eJ04oyqk2d\" width=\"600\" height=\"338\" frameborder=\"0\" marginwidth=\"0\" marginheight=\"0\" scrolling=\"no\"><\/iframe>\n<\/div><\/figure>\n<p><\/p>","protected":false},"excerpt":{"rendered":"<p>Zelina Vega s\u2019exprime apr\u00e8s son d\u00e9part de la WWE, partageant des messages \u00e9mouvants refl\u00e9tant \u00e0 la fois son passage dans l\u2019entreprise et le soutien qu\u2019elle a re\u00e7u. Comme mentionn\u00e9, Vega faisait partie des noms inclus dans la vague de coupes post-WrestleMania 42 vendredi, qui a \u00e9galement vu la lib\u00e9ration de son mari et partenaire \u00e0&#8230;<\/p>\n","protected":false},"author":665,"featured_media":132798,"comment_status":"open","ping_status":"closed","sticky":false,"template":"","format":"standard","meta":{"footnotes":""},"categories":[23],"tags":[152,433],"ppma_author":[289],"class_list":["post-132768","post","type-post","status-publish","format-standard","has-post-thumbnail","hentry","category-wwe","tag-women-of-wrestling","tag-zelina-vega"],"authors":[{"term_id":289,"user_id":665,"is_guest":0,"slug":"line","display_name":"Line Edmond","avatar_url":"https:\/\/secure.gravatar.com\/avatar\/852de09636413c90cdaa278312f9ea5bc4396768745424755cb63d99a05989d0?s=96&d=mm&r=g","0":null,"1":"","2":"","3":"","4":"","5":"","6":"","7":"","8":""}],"_links":{"self":[{"href":"https:\/\/www.jdx.info\/lutte\/wp-json\/wp\/v2\/posts\/132768","targetHints":{"allow":["GET"]}}],"collection":[{"href":"https:\/\/www.jdx.info\/lutte\/wp-json\/wp\/v2\/posts"}],"about":[{"href":"https:\/\/www.jdx.info\/lutte\/wp-json\/wp\/v2\/types\/post"}],"author":[{"embeddable":true,"href":"https:\/\/www.jdx.info\/lutte\/wp-json\/wp\/v2\/users\/665"}],"replies":[{"embeddable":true,"href":"https:\/\/www.jdx.info\/lutte\/wp-json\/wp\/v2\/comments?post=132768"}],"version-history":[{"count":2,"href":"https:\/\/www.jdx.info\/lutte\/wp-json\/wp\/v2\/posts\/132768\/revisions"}],"predecessor-version":[{"id":132799,"href":"https:\/\/www.jdx.info\/lutte\/wp-json\/wp\/v2\/posts\/132768\/revisions\/132799"}],"wp:featuredmedia":[{"embeddable":true,"href":"https:\/\/www.jdx.info\/lutte\/wp-json\/wp\/v2\/media\/132798"}],"wp:attachment":[{"href":"https:\/\/www.jdx.info\/lutte\/wp-json\/wp\/v2\/media?parent=132768"}],"wp:term":[{"taxonomy":"category","embeddable":true,"href":"https:\/\/www.jdx.info\/lutte\/wp-json\/wp\/v2\/categories?post=132768"},{"taxonomy":"post_tag","embeddable":true,"href":"https:\/\/www.jdx.info\/lutte\/wp-json\/wp\/v2\/tags?post=132768"},{"taxonomy":"author","embeddable":true,"href":"https:\/\/www.jdx.info\/lutte\/wp-json\/wp\/v2\/ppma_author?post=132768"}],"curies":[{"name":"wp","href":"https:\/\/api.w.org\/{rel}","templated":true}]}}