{"id":131942,"date":"2026-05-01T14:08:49","date_gmt":"2026-05-01T18:08:49","guid":{"rendered":"https:\/\/www.jdx.info\/lutte\/?p=131942"},"modified":"2026-05-01T14:08:49","modified_gmt":"2026-05-01T18:08:49","slug":"mise-a-jour-en-coulisses-sur-le-retour-dadam-cole-et-le-statut-daew","status":"publish","type":"post","link":"https:\/\/www.jdx.info\/lutte\/2026\/05\/01\/mise-a-jour-en-coulisses-sur-le-retour-dadam-cole-et-le-statut-daew\/","title":{"rendered":"Mise \u00e0 jour en coulisses sur le retour d\u2019Adam Cole et le statut d\u2019AEW"},"content":{"rendered":"\n<p>Une mise \u00e0 jour a \u00e9t\u00e9 publi\u00e9e concernant le statut d\u2019Adam Cole et il ne semble pas que son retour soit imminent.<\/p>\n\n\n\n<p>La star de l\u2019AEW est mise \u00e0 l\u2019\u00e9cart depuis l\u2019ann\u00e9e derni\u00e8re en raison d\u2019une blessure et d\u2019apr\u00e8s les derni\u00e8res informations, aucun projet n\u2019est actuellement pr\u00e9vu pour qu\u2019il reprenne la comp\u00e9tition sur le ring. Il n\u2019y a \u00e9galement aucune indication que Cole voyageait avec AEW ou apparaissait lors d\u2019\u00e9v\u00e9nements sous quelque forme que ce soit \u00e0 ce moment-l\u00e0.<\/p>\n\n\n\n<p>\u00c0 bien des \u00e9gards, sa situation semble inchang\u00e9e par rapport \u00e0 l\u2019\u00e9poque de juillet, lorsque Cole a pris la difficile d\u00e9cision de renoncer au championnat AEW TNT \u00e0 All In : Texas.<\/p>\n\n\n\n<p>Ce n\u2019est pas un bon signe pour son retour.<\/p>\n\n\n\n<p>Malgr\u00e9 l\u2019incertitude entourant son retour, Cole est toujours consid\u00e9r\u00e9 comme tr\u00e8s appr\u00e9ci\u00e9 au sein de l\u2019AEW. La direction de l\u2019entreprise reste apparemment engag\u00e9e \u00e0 le maintenir dans l\u2019effectif \u00e0 l\u2019avenir, soulignant son importance pour la promotion m\u00eame lorsqu\u2019il est sur la touche.<\/p>\n\n\n\n<p>Apr\u00e8s AEW All In&nbsp;: Texas, des rapports ont \u00e9t\u00e9 publi\u00e9s sugg\u00e9rant que Cole avait des probl\u00e8mes li\u00e9s \u00e0 la commotion, bien que ni Cole ni AEW n\u2019aient officiellement confirm\u00e9 ces d\u00e9tails.<\/p>\n\n\n\n<p>Il y a cependant eu au moins une note positive.<\/p>\n\n\n\n<p>Lors d\u2019un \u00e9pisode r\u00e9cent de Being the Elite, Matt Jackson a partag\u00e9 qu\u2019il pense que Cole \u00ab s\u2019am\u00e9liore \u00bb chaque jour, offrant un peu d\u2019optimisme alors que les fans attendent encore son retour en action.<\/p>\n\n\n\n<p>(video<\/p>\n\n\n\n<p>wrestlingheadlines.com\/backstage-update-on-adam-coles-return-aew-status\/<\/p>\n<p><\/p>","protected":false},"excerpt":{"rendered":"<p>Une mise \u00e0 jour a \u00e9t\u00e9 publi\u00e9e concernant le statut d\u2019Adam Cole et il ne semble pas que son retour soit imminent. La star de l\u2019AEW est mise \u00e0 l\u2019\u00e9cart depuis l\u2019ann\u00e9e derni\u00e8re en raison d\u2019une blessure et d\u2019apr\u00e8s les derni\u00e8res informations, aucun projet n\u2019est actuellement pr\u00e9vu pour qu\u2019il reprenne la comp\u00e9tition sur le ring&#8230;.<\/p>\n","protected":false},"author":665,"featured_media":0,"comment_status":"open","ping_status":"closed","sticky":false,"template":"","format":"standard","meta":{"footnotes":""},"categories":[1],"tags":[],"ppma_author":[289],"class_list":["post-131942","post","type-post","status-publish","format-standard","hentry","category-uncategorized"],"authors":[{"term_id":289,"user_id":665,"is_guest":0,"slug":"line","display_name":"Line Edmond","avatar_url":"https:\/\/secure.gravatar.com\/avatar\/852de09636413c90cdaa278312f9ea5bc4396768745424755cb63d99a05989d0?s=96&d=mm&r=g","0":null,"1":"","2":"","3":"","4":"","5":"","6":"","7":"","8":""}],"_links":{"self":[{"href":"https:\/\/www.jdx.info\/lutte\/wp-json\/wp\/v2\/posts\/131942","targetHints":{"allow":["GET"]}}],"collection":[{"href":"https:\/\/www.jdx.info\/lutte\/wp-json\/wp\/v2\/posts"}],"about":[{"href":"https:\/\/www.jdx.info\/lutte\/wp-json\/wp\/v2\/types\/post"}],"author":[{"embeddable":true,"href":"https:\/\/www.jdx.info\/lutte\/wp-json\/wp\/v2\/users\/665"}],"replies":[{"embeddable":true,"href":"https:\/\/www.jdx.info\/lutte\/wp-json\/wp\/v2\/comments?post=131942"}],"version-history":[{"count":1,"href":"https:\/\/www.jdx.info\/lutte\/wp-json\/wp\/v2\/posts\/131942\/revisions"}],"predecessor-version":[{"id":131943,"href":"https:\/\/www.jdx.info\/lutte\/wp-json\/wp\/v2\/posts\/131942\/revisions\/131943"}],"wp:attachment":[{"href":"https:\/\/www.jdx.info\/lutte\/wp-json\/wp\/v2\/media?parent=131942"}],"wp:term":[{"taxonomy":"category","embeddable":true,"href":"https:\/\/www.jdx.info\/lutte\/wp-json\/wp\/v2\/categories?post=131942"},{"taxonomy":"post_tag","embeddable":true,"href":"https:\/\/www.jdx.info\/lutte\/wp-json\/wp\/v2\/tags?post=131942"},{"taxonomy":"author","embeddable":true,"href":"https:\/\/www.jdx.info\/lutte\/wp-json\/wp\/v2\/ppma_author?post=131942"}],"curies":[{"name":"wp","href":"https:\/\/api.w.org\/{rel}","templated":true}]}}