{"id":130661,"date":"2026-03-15T22:20:37","date_gmt":"2026-03-16T02:20:37","guid":{"rendered":"https:\/\/www.jdx.info\/lutte\/?p=130661"},"modified":"2026-03-15T22:20:39","modified_gmt":"2026-03-16T02:20:39","slug":"logan-paul-frustre-contre-la-wwe-apres-que-des-hommes-masques-lui-ont-coute-le-match-delimination-chamber","status":"publish","type":"post","link":"https:\/\/www.jdx.info\/lutte\/2026\/03\/15\/logan-paul-frustre-contre-la-wwe-apres-que-des-hommes-masques-lui-ont-coute-le-match-delimination-chamber\/","title":{"rendered":"Logan Paul Frustr\u00e9 contre la WWE apr\u00e8s que des hommes masqu\u00e9s lui ont co\u00fbt\u00e9 le match d&rsquo;Elimination Chamber !"},"content":{"rendered":"\n<p><strong>Logan Paul <\/strong>a exprim\u00e9 sa frustration envers les officiels de la <strong>WWE <\/strong>apr\u00e8s plusieurs interventions de personnalit\u00e9s masqu\u00e9es qui ont perturb\u00e9 des combats r\u00e9cents impliquant The Vision. La situation a atteint un point critique lors du WWE <strong>Elimination Chamber<\/strong>, o\u00f9 Paul semblait en position de remporter le match avant qu\u2019une intervention ext\u00e9rieure ne vienne changer l\u2019issue du combat. L\u2019incident est rapidement devenu un sujet de discussion dans l\u2019actualit\u00e9 de la WWE et les rumeurs entourant la compagnie, alors que plusieurs questions demeurent sur la mani\u00e8re dont ces individus parviennent \u00e0 acc\u00e9der au bord du ring sans \u00eatre arr\u00eat\u00e9s.<\/p>\n\n\n\n<p>Pendant le match, Adam Pearce est parvenu \u00e0 appr\u00e9hender l\u2019un des hommes masqu\u00e9s. Cependant, il s\u2019est av\u00e9r\u00e9 que cette personne n\u2019\u00e9tait pas une Superstar de la WWE, mais un individu non identifi\u00e9. Une seconde silhouette masqu\u00e9e a ensuite \u00e9t\u00e9 d\u00e9masqu\u00e9e au milieu du chaos et s\u2019est r\u00e9v\u00e9l\u00e9e \u00eatre Seth Rollins. Rollins a attaqu\u00e9 Paul avec un coup de pi\u00e9tinement, mettant fin \u00e0 sa progression dans le match. Selon plusieurs sources couvrant la derni\u00e8re \u00e9volution de l\u2019intrigue, cette intervention ferait partie d\u2019un angle plus large impliquant le groupe myst\u00e9rieux li\u00e9 \u00e0 The Vision.<\/p>\n\n\n\n<p>Lors de son podcast <strong>Impaulsive<\/strong>, logan s\u2019est demand\u00e9 pourquoi les arbitres et la direction de la WWE n\u2019avaient pas r\u00e9ussi \u00e0 emp\u00eacher ces perturbations r\u00e9p\u00e9t\u00e9es. <\/p>\n\n\n\n<blockquote class=\"wp-block-quote is-layout-flow wp-block-quote-is-layout-flow\">\n<p>\u00ab <em>Aussi, en fait, j\u2019en ai un peu marre de l\u2019organisation en ce moment parce que j\u2019ai l\u2019impression qu\u2019on sait que les hommes masqu\u00e9s courent partout, non ? Et personne ne les en emp\u00eache. <\/em>\u00bb <\/p>\n<\/blockquote>\n\n\n\n<p>Il a ensuite \u00e9voqu\u00e9 le moment o\u00f9 il pensait avoir le contr\u00f4le du match. \u00ab Je suis en feu dans la Chambre. J\u2019ai trois \u00e9liminations. Je vais gagner. Il est clair qu\u2019il me reste deux gars\u2026 et puis Seth Rollins arrive. \u00bb Paul a ajout\u00e9 que la situation aurait d\u00fb \u00eatre r\u00e9gl\u00e9e avant que l\u2019intervention ne survienne. <\/p>\n\n\n\n<blockquote class=\"wp-block-quote is-layout-flow wp-block-quote-is-layout-flow\">\n<p><em>\u00ab Fr\u00e9rot, s\u00e9curisez le p\u00e9rim\u00e8tre. \u00bb<\/em><\/p>\n<\/blockquote>\n\n\n\n<p>L\u2019intrigue autour des interventions masqu\u00e9es s\u2019est poursuivie cette semaine \u00e0 <strong>RAW <\/strong>o\u00f9 d\u2019autres personnages sont apparus sous des d\u00e9guisements similaires. L\u2019un d\u2019eux s\u2019est r\u00e9v\u00e9l\u00e9 \u00eatre Austin Theory, qui s\u2019est depuis alli\u00e9 \u00e0 la faction <strong>The Vision<\/strong>. D\u2019autres identit\u00e9s demeurent inconnues, laissant la porte ouverte \u00e0 de nouvelles r\u00e9v\u00e9lations alors que la WWE se pr\u00e9pare pour <strong>WrestleMania<\/strong>. Dans le cadre de l\u2019histoire, cet angle place plusieurs talents autour de la trame narrative de The Vision tout en alimentant les sp\u00e9culations concernant de possibles affrontements avant l\u2019\u00e9v\u00e9nement.<\/p>\n\n\n\n<figure class=\"wp-block-embed is-type-wp-embed is-provider-info-lutte wp-block-embed-info-lutte\"><div class=\"wp-block-embed__wrapper\">\n<blockquote class=\"wp-embedded-content\" data-secret=\"8dS12qmJ29\"><a href=\"https:\/\/www.jdx.info\/lutte\/2026\/03\/01\/full-highlights-top-elimination-chamber-2026-moments-wwe-top-10-feb-28-2026\/\">Full Highlights + Top Elimination Chamber 2026 moments: WWE Top 10, Feb. 28, 2026<\/a><\/blockquote><iframe loading=\"lazy\" class=\"wp-embedded-content\" sandbox=\"allow-scripts\" security=\"restricted\" style=\"position: absolute; visibility: hidden;\" title=\"\u00ab\u00a0Full Highlights + Top Elimination Chamber 2026 moments: WWE Top 10, Feb. 28, 2026\u00a0\u00bb &#8212; Info-Lutte\" src=\"https:\/\/www.jdx.info\/lutte\/2026\/03\/01\/full-highlights-top-elimination-chamber-2026-moments-wwe-top-10-feb-28-2026\/embed\/#?secret=J5NfhjhZ08#?secret=8dS12qmJ29\" data-secret=\"8dS12qmJ29\" width=\"600\" height=\"338\" frameborder=\"0\" marginwidth=\"0\" marginheight=\"0\" scrolling=\"no\"><\/iframe>\n<\/div><\/figure>\n<p><\/p>","protected":false},"excerpt":{"rendered":"<p>Logan Paul a exprim\u00e9 sa frustration envers les officiels de la WWE apr\u00e8s plusieurs interventions de personnalit\u00e9s masqu\u00e9es qui ont perturb\u00e9 des combats r\u00e9cents impliquant The Vision. La situation a atteint un point critique lors du WWE Elimination Chamber, o\u00f9 Paul semblait en position de remporter le match avant qu\u2019une intervention ext\u00e9rieure ne vienne changer&#8230;<\/p>\n","protected":false},"author":665,"featured_media":130692,"comment_status":"open","ping_status":"closed","sticky":false,"template":"","format":"standard","meta":{"footnotes":""},"categories":[79,4,23],"tags":[],"ppma_author":[289],"class_list":["post-130661","post","type-post","status-publish","format-standard","has-post-thumbnail","hentry","category-elimination-chamber","category-news","category-wwe"],"authors":[{"term_id":289,"user_id":665,"is_guest":0,"slug":"line","display_name":"Line Edmond","avatar_url":"https:\/\/secure.gravatar.com\/avatar\/852de09636413c90cdaa278312f9ea5bc4396768745424755cb63d99a05989d0?s=96&d=mm&r=g","0":null,"1":"","2":"","3":"","4":"","5":"","6":"","7":"","8":""}],"_links":{"self":[{"href":"https:\/\/www.jdx.info\/lutte\/wp-json\/wp\/v2\/posts\/130661","targetHints":{"allow":["GET"]}}],"collection":[{"href":"https:\/\/www.jdx.info\/lutte\/wp-json\/wp\/v2\/posts"}],"about":[{"href":"https:\/\/www.jdx.info\/lutte\/wp-json\/wp\/v2\/types\/post"}],"author":[{"embeddable":true,"href":"https:\/\/www.jdx.info\/lutte\/wp-json\/wp\/v2\/users\/665"}],"replies":[{"embeddable":true,"href":"https:\/\/www.jdx.info\/lutte\/wp-json\/wp\/v2\/comments?post=130661"}],"version-history":[{"count":2,"href":"https:\/\/www.jdx.info\/lutte\/wp-json\/wp\/v2\/posts\/130661\/revisions"}],"predecessor-version":[{"id":130693,"href":"https:\/\/www.jdx.info\/lutte\/wp-json\/wp\/v2\/posts\/130661\/revisions\/130693"}],"wp:featuredmedia":[{"embeddable":true,"href":"https:\/\/www.jdx.info\/lutte\/wp-json\/wp\/v2\/media\/130692"}],"wp:attachment":[{"href":"https:\/\/www.jdx.info\/lutte\/wp-json\/wp\/v2\/media?parent=130661"}],"wp:term":[{"taxonomy":"category","embeddable":true,"href":"https:\/\/www.jdx.info\/lutte\/wp-json\/wp\/v2\/categories?post=130661"},{"taxonomy":"post_tag","embeddable":true,"href":"https:\/\/www.jdx.info\/lutte\/wp-json\/wp\/v2\/tags?post=130661"},{"taxonomy":"author","embeddable":true,"href":"https:\/\/www.jdx.info\/lutte\/wp-json\/wp\/v2\/ppma_author?post=130661"}],"curies":[{"name":"wp","href":"https:\/\/api.w.org\/{rel}","templated":true}]}}