{"id":130604,"date":"2026-03-13T03:16:00","date_gmt":"2026-03-13T07:16:00","guid":{"rendered":"https:\/\/www.jdx.info\/lutte\/?p=130604"},"modified":"2026-03-13T15:42:18","modified_gmt":"2026-03-13T19:42:18","slug":"jim-ross-aborde-les-rumeurs-de-retour-de-steve-austin-a-la-wwe-pour-le-316-day-de-raw-au-texas","status":"publish","type":"post","link":"https:\/\/www.jdx.info\/lutte\/2026\/03\/13\/jim-ross-aborde-les-rumeurs-de-retour-de-steve-austin-a-la-wwe-pour-le-316-day-de-raw-au-texas\/","title":{"rendered":"Jim Ross aborde les rumeurs de retour de Steve Austin \u00e0 la WWE pour le \u00ab 3:16 Day \u00bb de Raw au Texas"},"content":{"rendered":"\n<p><strong>Jim Ross<\/strong> a abord\u00e9 les r\u00e9centes rumeurs selon lesquelles son ami de longue date <strong>Stone Cold<\/strong> Steve Austin pourrait revenir \u00e0 la <strong>WWE<\/strong>.<\/p>\n\n\n\n<p>Avant le RAW de la semaine prochaine le 16 mars \u00e0 San Antonio, TX., des rumeurs circulent concernant le retour possible du <strong>Texas Rattlesnake<\/strong>  pour l\u2019\u00e9dition <strong>3:16 Day<\/strong> de RAW dans <strong>The Lone Star State<\/strong>. Rappel qu&rsquo;aux USA ils \u00e9crivent les date mois, jour, ann\u00e9e ce qui fait que le 16 mars devient le 3\/16\/26 et chaque ann\u00e9es depuis belle lurette on prend le 3\/16 pour souligner le ma\u00eetre du Stunner. <\/p>\n\n\n\n<p>Le bon vieux J.R.  ne voit pas \u00ab Le Plouc Bionique \u00bb entrer dans le cercle carr\u00e9 pour un match s\u2019il devait revenir. <\/p>\n\n\n\n<p><strong>Voici ce qu&rsquo;il a d\u00e9clar\u00e9 sur son podcast:<\/strong><\/p>\n\n\n\n<blockquote class=\"wp-block-quote is-layout-flow wp-block-quote-is-layout-flow\">\n<p>\u00ab Lutter ? Non. Pour faire une apparition ou pour filmer un angle ou quelque chose dans ce genre ? Je peux imaginer que cela puisse arriver. \u00bb<\/p>\n<\/blockquote>\n\n\n\n<blockquote class=\"wp-block-quote is-layout-flow wp-block-quote-is-layout-flow\">\n<p> \u00ab Quant \u00e0 Steve qui aura un autre match, je ne vois pas \u00e7a. Je ne suis pas pessimiste, ni une &lsquo;Negative Nelly&rsquo; ou une &lsquo;Negative Nelson&rsquo; [ou] quoi que ce soit. \u00bb<\/p>\n<\/blockquote>\n\n\n\n<p>En poursuivant sur le sujet, le l\u00e9gendaire commentateur de catch professionnel a \u00e9voqu\u00e9 la sant\u00e9 d\u2019Austin.<\/p>\n\n\n\n<blockquote class=\"wp-block-quote is-layout-flow wp-block-quote-is-layout-flow\">\n<p>\u00ab Ce n\u2019est pas l\u00e0 qu\u2019il a la t\u00eate et il essaie de prendre soin de lui sur le plan de sa sant\u00e9. Tu sais, on oublie juste que ces gars-l\u00e0 ne sont pas Iron Man. Quand ils sont bless\u00e9s, ils sont bless\u00e9s. Et Austin a ce mauvais cou. Il a des genoux fragiles. Je ne pense pas que le risque en vaille la peine, franchement.<\/p>\n<\/blockquote>\n\n\n\n<blockquote class=\"wp-block-quote is-layout-flow wp-block-quote-is-layout-flow\">\n<p>\u00ab Je pense que c\u2019est ainsi que Steve verrait les choses et je le connais assez bien, mais je ne pense pas qu\u2019il y ait la moindre chance. Il y a \u00e9videmment une chance qu\u2019il puisse faire quelque chose, mais est-ce que je pense qu\u2019il va lutter ? Hors de question. \u00bb<\/p>\n<\/blockquote>\n\n\n\n<p><\/p>\n\n\n\n<figure class=\"wp-block-embed is-type-wp-embed is-provider-info-lutte wp-block-embed-info-lutte\"><div class=\"wp-block-embed__wrapper\">\n<blockquote class=\"wp-embedded-content\" data-secret=\"ntjN3JwUoY\"><a href=\"https:\/\/www.jdx.info\/lutte\/2026\/03\/13\/apparition-du-stone-cold-steve-austin-316-day-annoncee-est-ce-que-le-principal-interesse-y-sera\/\">Apparition du &lsquo;Stone Cold&rsquo; Steve Austin &lsquo;3:16 Day&rsquo; annonc\u00e9e. Est-ce que le principal int\u00e9ress\u00e9 y sera ?<\/a><\/blockquote><iframe loading=\"lazy\" class=\"wp-embedded-content\" sandbox=\"allow-scripts\" security=\"restricted\" style=\"position: absolute; visibility: hidden;\" title=\"\u00ab\u00a0Apparition du &lsquo;Stone Cold&rsquo; Steve Austin &lsquo;3:16 Day&rsquo; annonc\u00e9e. Est-ce que le principal int\u00e9ress\u00e9 y sera ?\u00a0\u00bb &#8212; Info-Lutte\" src=\"https:\/\/www.jdx.info\/lutte\/2026\/03\/13\/apparition-du-stone-cold-steve-austin-316-day-annoncee-est-ce-que-le-principal-interesse-y-sera\/embed\/#?secret=VJlpns4bur#?secret=ntjN3JwUoY\" data-secret=\"ntjN3JwUoY\" width=\"600\" height=\"338\" frameborder=\"0\" marginwidth=\"0\" marginheight=\"0\" scrolling=\"no\"><\/iframe>\n<\/div><\/figure>\n<p><\/p>","protected":false},"excerpt":{"rendered":"<p>Jim Ross a abord\u00e9 les r\u00e9centes rumeurs selon lesquelles son ami de longue date Stone Cold Steve Austin pourrait revenir \u00e0 la WWE. Avant le RAW de la semaine prochaine le 16 mars \u00e0 San Antonio, TX., des rumeurs circulent concernant le retour possible du Texas Rattlesnake pour l\u2019\u00e9dition 3:16 Day de RAW dans The&#8230;<\/p>\n","protected":false},"author":665,"featured_media":130625,"comment_status":"open","ping_status":"closed","sticky":false,"template":"","format":"standard","meta":{"footnotes":""},"categories":[77,4,43],"tags":[214],"ppma_author":[289],"class_list":["post-130604","post","type-post","status-publish","format-standard","has-post-thumbnail","hentry","category-hall-of-fame","category-news","category-raw-wwe","tag-214"],"authors":[{"term_id":289,"user_id":665,"is_guest":0,"slug":"line","display_name":"Line Edmond","avatar_url":"https:\/\/secure.gravatar.com\/avatar\/852de09636413c90cdaa278312f9ea5bc4396768745424755cb63d99a05989d0?s=96&d=mm&r=g","0":null,"1":"","2":"","3":"","4":"","5":"","6":"","7":"","8":""}],"_links":{"self":[{"href":"https:\/\/www.jdx.info\/lutte\/wp-json\/wp\/v2\/posts\/130604","targetHints":{"allow":["GET"]}}],"collection":[{"href":"https:\/\/www.jdx.info\/lutte\/wp-json\/wp\/v2\/posts"}],"about":[{"href":"https:\/\/www.jdx.info\/lutte\/wp-json\/wp\/v2\/types\/post"}],"author":[{"embeddable":true,"href":"https:\/\/www.jdx.info\/lutte\/wp-json\/wp\/v2\/users\/665"}],"replies":[{"embeddable":true,"href":"https:\/\/www.jdx.info\/lutte\/wp-json\/wp\/v2\/comments?post=130604"}],"version-history":[{"count":3,"href":"https:\/\/www.jdx.info\/lutte\/wp-json\/wp\/v2\/posts\/130604\/revisions"}],"predecessor-version":[{"id":130628,"href":"https:\/\/www.jdx.info\/lutte\/wp-json\/wp\/v2\/posts\/130604\/revisions\/130628"}],"wp:featuredmedia":[{"embeddable":true,"href":"https:\/\/www.jdx.info\/lutte\/wp-json\/wp\/v2\/media\/130625"}],"wp:attachment":[{"href":"https:\/\/www.jdx.info\/lutte\/wp-json\/wp\/v2\/media?parent=130604"}],"wp:term":[{"taxonomy":"category","embeddable":true,"href":"https:\/\/www.jdx.info\/lutte\/wp-json\/wp\/v2\/categories?post=130604"},{"taxonomy":"post_tag","embeddable":true,"href":"https:\/\/www.jdx.info\/lutte\/wp-json\/wp\/v2\/tags?post=130604"},{"taxonomy":"author","embeddable":true,"href":"https:\/\/www.jdx.info\/lutte\/wp-json\/wp\/v2\/ppma_author?post=130604"}],"curies":[{"name":"wp","href":"https:\/\/api.w.org\/{rel}","templated":true}]}}