{"id":130486,"date":"2026-03-10T14:22:00","date_gmt":"2026-03-10T18:22:00","guid":{"rendered":"https:\/\/www.jdx.info\/lutte\/?p=130486"},"modified":"2026-03-10T17:25:56","modified_gmt":"2026-03-10T21:25:56","slug":"charlotte-flair-affirme-quelle-est-une-star-aussi-grande-que-nimporte-quel-hommea-la-wwe-parle-de-sa-recente-blessure-et-de-sa-vie-apres-la-wwe-et-plus","status":"publish","type":"post","link":"https:\/\/www.jdx.info\/lutte\/2026\/03\/10\/charlotte-flair-affirme-quelle-est-une-star-aussi-grande-que-nimporte-quel-hommea-la-wwe-parle-de-sa-recente-blessure-et-de-sa-vie-apres-la-wwe-et-plus\/","title":{"rendered":"Charlotte Flair affirme qu\u2019elle est une star aussi grande que n\u2019importe quel homme\u00e0 la WWE, parle de sa r\u00e9cente blessure et de sa vie apr\u00e8s la WWE, et plus !"},"content":{"rendered":"\n<p>Charlotte Flair a r\u00e9cemment interview\u00e9<a href=\"https:\/\/www.jdx.info\/lutte\/2026\/03\/08\/wwe-champ-charlotte-flair-talks-recovery-and-returning-from-injury-strong-talk-mens-health\/\" target=\"_blank\" rel=\"noreferrer noopener\">\u00a0Bloomberg Talks<\/a>\u00a0pour une interview approfondie couvrant tout ce qui concerne le catch professionnel et la WWE.<\/p>\n\n\n\n<p>Au cours de la discussion, <strong>The Queen<\/strong> a parl\u00e9 de son statut de star aussi grande que n\u2019importe quel superstar masculin de la WWE, de sa r\u00e9cente pause sur ses blessures et de sa vie apr\u00e8s la WWE.<\/p>\n\n\n\n<p>Voici quelques points forts de l\u2019interview o\u00f9 elle aborde ces sujets avec ses r\u00e9flexions. Ci-dessous est \u00e9galement int\u00e9gr\u00e9 une archive audio compl\u00e8te de la discussion.<\/p>\n\n\n\n<p><strong>\u00c0 propos d\u2019\u00eatre une superstar f\u00e9minine de la WWE \u00e0 l\u2019\u00e8re moderne et de se sentir aussi star que n\u2019importe quel grand superstar masculin de la WWE :<\/strong><\/p>\n\n\n\n<blockquote class=\"wp-block-quote is-layout-flow wp-block-quote-is-layout-flow\">\n<p>\u00ab Je pense que les femmes qui m\u2019ont pr\u00e9c\u00e9d\u00e9e, celles qui ont contribu\u00e9 \u00e0 transformer l\u2019industrie et qui ont travaill\u00e9 fort pendant 20 ou 30 ans avant moi, ont probablement ressenti ce changement encore plus intens\u00e9ment.<\/p>\n\n\n\n<p>Quand j\u2019ai commenc\u00e9 avec le groupe de femmes qui est arriv\u00e9 en m\u00eame temps que moi et que je soutiens encore aujourd\u2019hui, nous n\u2019\u00e9tions pas toutes aussi proches que les gens pourraient le croire. Le succ\u00e8s, la comp\u00e9titivit\u00e9 et le d\u00e9sir d\u2019\u00eatre au sommet de la compagnie prennent parfois le dessus.<\/p>\n\n\n\n<p>Mais nous faisions partie de ce changement. Quand Stephanie McMahon nous a fait d\u00e9buter et qu\u2019une autre lutteuse est arriv\u00e9e un an plus tard, nous avons \u00e9t\u00e9 surnomm\u00e9es les Four Horsewomen.<\/p>\n\n\n\n<p>En 2015, lorsque le mouvement Give Divas a Chance est devenu viral pendant plusieurs jours, nous avons particip\u00e9 \u00e0 cette mont\u00e9e en puissance qui a permis aux femmes d\u2019obtenir le m\u00eame temps d\u2019antenne, les m\u00eames opportunit\u00e9s et les m\u00eames segments que les hommes.<\/p>\n\n\n\n<p>Finalement, Becky Lynch, Ronda Rousey et moi avons particip\u00e9 \u00e0 l\u2019\u00e9v\u00e9nement principal de WrestleMania 35 au MetLife Stadium.<\/p>\n\n\n\n<p>Si on avait pos\u00e9 la question \u00e0 quelqu\u2019un, peut-\u00eatre m\u00eame un an auparavant, sur la possibilit\u00e9 que des femmes assurent un \u00e9v\u00e9nement principal lors d\u2019un spectacle majeur, plusieurs auraient probablement ri.<\/p>\n\n\n\n<p>Mais ce que nous avons r\u00e9ussi \u00e0 b\u00e2tir, c\u2019est la preuve que les femmes peuvent vendre des produits d\u00e9riv\u00e9s, remplir des ar\u00e9nas, \u00eatre en t\u00eate d\u2019affiche et obtenir des chances \u00e9quitables sur le ring.<\/p>\n\n\n\n<p>Depuis le jour o\u00f9 j\u2019ai commenc\u00e9, j\u2019ai poursuivi un seul objectif jusqu\u2019\u00e0 aujourd\u2019hui. Est-ce que je sens que les choses ont chang\u00e9 de cette fa\u00e7on ? Absolument. Et est-ce que je pense \u00eatre aussi grande vedette que n\u2019importe quel homme ? Oui, sans h\u00e9sitation. \u00bb<\/p>\n<\/blockquote>\n\n\n\n<h3 class=\"wp-block-heading\">Sur sa blessure au ligament crois\u00e9 ant\u00e9rieur<\/h3>\n\n\n\n<p>Charlotte Flair est \u00e9galement revenue sur la blessure au genou qui l\u2019a tenue \u00e9loign\u00e9e du ring et sur l\u2019\u00e9tat d\u2019esprit dans lequel elle se trouvait \u00e0 ce moment.<\/p>\n\n\n\n<blockquote class=\"wp-block-quote is-layout-flow wp-block-quote-is-layout-flow\">\n<p>\u00ab Quand je me suis bless\u00e9e au genou et que j\u2019ai d\u00e9chir\u00e9 le ligament crois\u00e9 ant\u00e9rieur, je ne pense pas que j\u2019\u00e9tais dans le bon \u00e9tat d\u2019esprit.<\/p>\n\n\n\n<p>Il y avait peut-\u00eatre un syndrome de l\u2019imposteur, ce dialogue int\u00e9rieur que nous avons tous avec nous-m\u00eames. J\u2019avais l\u2019impression d\u2019\u00eatre dans une phase tr\u00e8s n\u00e9gative et je n\u2019en parlais pas vraiment.<\/p>\n\n\n\n<p>Il y avait aussi l\u2019anxi\u00e9t\u00e9 li\u00e9e au fait d\u2019\u00eatre une femme qui approche la quarantaine et aux attentes qui viennent avec cela. Je voulais pouvoir dire que je suis une femme qui a encore du temps devant elle, mais toute cette pression s\u2019accumulait.<\/p>\n\n\n\n<p>J\u2019ai parfois l\u2019impression que la raison pour laquelle je me suis bless\u00e9e au genou, c\u2019est parce que je n\u2019\u00e9tais pas compl\u00e8tement pr\u00e9sente mentalement au moment de performer.<\/p>\n\n\n\n<p>Pendant toute ma carri\u00e8re, je me suis toujours vue comme une femme de fer. Quand mon genou m\u2019a forc\u00e9e \u00e0 m\u2019arr\u00eater, je me suis rendu compte que je me d\u00e9finissais uniquement comme lutteuse professionnelle.<\/p>\n\n\n\n<p>Comme si c\u2019\u00e9tait tout ce que j\u2019\u00e9tais, alors que ce n\u2019est pas le cas. J\u2019ai une voix et peut-\u00eatre que c\u2019est le d\u00e9but de quelque chose de plus grand pour moi.<\/p>\n\n\n\n<p>J\u2019adore \u00eatre Charlotte, mais je veux amener Charlotte \u00e0 un autre niveau. Rendre ces conversations plus accessibles et moins taboues pour les gens, peu importe leur domaine, est quelque chose de tr\u00e8s important pour moi. \u00bb<\/p>\n<\/blockquote>\n\n\n\n<h3 class=\"wp-block-heading\">Sur ses projets apr\u00e8s sa carri\u00e8re dans la lutte<\/h3>\n\n\n\n<p>Charlotte Flair a \u00e9galement \u00e9voqu\u00e9 ses r\u00e9flexions concernant l\u2019avenir et ce qu\u2019elle souhaite accomplir apr\u00e8s la fin de sa carri\u00e8re \u00e0 la WWE.<\/p>\n\n\n\n<blockquote class=\"wp-block-quote is-layout-flow wp-block-quote-is-layout-flow\">\n<p>\u00ab Pour moi, il y a \u00e9videmment l\u2019aspect financier et le fait que la lutte est aussi une industrie. Mais lorsque l\u2019on ne sait pas exactement quoi faire ensuite, cela pousse \u00e0 r\u00e9fl\u00e9chir davantage.<\/p>\n\n\n\n<p>Je ne sais pas encore quelle sera ma prochaine \u00e9tape apr\u00e8s la WWE. Mais ce que je sais, c\u2019est que je veux aider les autres.<\/p>\n\n\n\n<p>C\u2019est pour cette raison que j\u2019ai investi dans certains projets, parce que je crois qu\u2019on ne peut jamais se tromper en aidant les gens et en contribuant \u00e0 cr\u00e9er un environnement s\u00e9curitaire pour eux.<\/p>\n\n\n\n<p>Je veux devenir la personne dont j\u2019aurais eu besoin lorsque j\u2019\u00e9tais plus jeune. Investir dans le bien-\u00eatre et le d\u00e9veloppement personnel pour les autres me semblait \u00eatre la direction id\u00e9ale. J\u2019ai donc voulu soutenir ces initiatives et agir comme investisseuse afin d\u2019aider ces projets \u00e0 se d\u00e9velopper. \u00bb<\/p>\n<\/blockquote>\n\n\n\n<p><\/p>\n\n\n\n<figure class=\"wp-block-embed is-type-wp-embed is-provider-info-lutte wp-block-embed-info-lutte\"><div class=\"wp-block-embed__wrapper\">\n<blockquote class=\"wp-embedded-content\" data-secret=\"Pdj9IlSTNL\"><a href=\"https:\/\/www.jdx.info\/lutte\/2026\/03\/08\/wwe-champ-charlotte-flair-talks-recovery-and-returning-from-injury-strong-talk-mens-health\/\">WWE Champ Charlotte Flair Talks Recovery and Returning From Injury | Strong Talk | Men&rsquo;s Health<\/a><\/blockquote><iframe loading=\"lazy\" class=\"wp-embedded-content\" sandbox=\"allow-scripts\" security=\"restricted\" style=\"position: absolute; visibility: hidden;\" title=\"\u00ab\u00a0WWE Champ Charlotte Flair Talks Recovery and Returning From Injury | Strong Talk | Men&rsquo;s Health\u00a0\u00bb &#8212; Info-Lutte\" src=\"https:\/\/www.jdx.info\/lutte\/2026\/03\/08\/wwe-champ-charlotte-flair-talks-recovery-and-returning-from-injury-strong-talk-mens-health\/embed\/#?secret=7Wr9atgHsZ#?secret=Pdj9IlSTNL\" data-secret=\"Pdj9IlSTNL\" width=\"600\" height=\"338\" frameborder=\"0\" marginwidth=\"0\" marginheight=\"0\" scrolling=\"no\"><\/iframe>\n<\/div><\/figure>\n<p><\/p>","protected":false},"excerpt":{"rendered":"<p>Charlotte Flair a r\u00e9cemment interview\u00e9\u00a0Bloomberg Talks\u00a0pour une interview approfondie couvrant tout ce qui concerne le catch professionnel et la WWE. Au cours de la discussion, The Queen a parl\u00e9 de son statut de star aussi grande que n\u2019importe quel superstar masculin de la WWE, de sa r\u00e9cente pause sur ses blessures et de sa vie&#8230;<\/p>\n","protected":false},"author":665,"featured_media":130512,"comment_status":"open","ping_status":"closed","sticky":false,"template":"","format":"standard","meta":{"footnotes":""},"categories":[4,23],"tags":[],"ppma_author":[289],"class_list":["post-130486","post","type-post","status-publish","format-standard","has-post-thumbnail","hentry","category-news","category-wwe"],"authors":[{"term_id":289,"user_id":665,"is_guest":0,"slug":"line","display_name":"Line Edmond","avatar_url":"https:\/\/secure.gravatar.com\/avatar\/852de09636413c90cdaa278312f9ea5bc4396768745424755cb63d99a05989d0?s=96&d=mm&r=g","0":null,"1":"","2":"","3":"","4":"","5":"","6":"","7":"","8":""}],"_links":{"self":[{"href":"https:\/\/www.jdx.info\/lutte\/wp-json\/wp\/v2\/posts\/130486","targetHints":{"allow":["GET"]}}],"collection":[{"href":"https:\/\/www.jdx.info\/lutte\/wp-json\/wp\/v2\/posts"}],"about":[{"href":"https:\/\/www.jdx.info\/lutte\/wp-json\/wp\/v2\/types\/post"}],"author":[{"embeddable":true,"href":"https:\/\/www.jdx.info\/lutte\/wp-json\/wp\/v2\/users\/665"}],"replies":[{"embeddable":true,"href":"https:\/\/www.jdx.info\/lutte\/wp-json\/wp\/v2\/comments?post=130486"}],"version-history":[{"count":2,"href":"https:\/\/www.jdx.info\/lutte\/wp-json\/wp\/v2\/posts\/130486\/revisions"}],"predecessor-version":[{"id":130513,"href":"https:\/\/www.jdx.info\/lutte\/wp-json\/wp\/v2\/posts\/130486\/revisions\/130513"}],"wp:featuredmedia":[{"embeddable":true,"href":"https:\/\/www.jdx.info\/lutte\/wp-json\/wp\/v2\/media\/130512"}],"wp:attachment":[{"href":"https:\/\/www.jdx.info\/lutte\/wp-json\/wp\/v2\/media?parent=130486"}],"wp:term":[{"taxonomy":"category","embeddable":true,"href":"https:\/\/www.jdx.info\/lutte\/wp-json\/wp\/v2\/categories?post=130486"},{"taxonomy":"post_tag","embeddable":true,"href":"https:\/\/www.jdx.info\/lutte\/wp-json\/wp\/v2\/tags?post=130486"},{"taxonomy":"author","embeddable":true,"href":"https:\/\/www.jdx.info\/lutte\/wp-json\/wp\/v2\/ppma_author?post=130486"}],"curies":[{"name":"wp","href":"https:\/\/api.w.org\/{rel}","templated":true}]}}