{"id":130483,"date":"2026-03-10T16:42:44","date_gmt":"2026-03-10T20:42:44","guid":{"rendered":"https:\/\/www.jdx.info\/lutte\/?p=130483"},"modified":"2026-03-10T17:05:50","modified_gmt":"2026-03-10T21:05:50","slug":"mise-a-jour-en-coulisses-sur-la-possible-apparition-de-steve-austin-le-16-mars-au-a-raw-la-semaine-prochaine","status":"publish","type":"post","link":"https:\/\/www.jdx.info\/lutte\/2026\/03\/10\/mise-a-jour-en-coulisses-sur-la-possible-apparition-de-steve-austin-le-16-mars-au-a-raw-la-semaine-prochaine\/","title":{"rendered":"Mise \u00e0 jour en coulisses sur la possible apparition de Steve Austin le 16 mars au \u00e0 RAW la semaine prochaine"},"content":{"rendered":"\n<p><strong>Stone Cold<\/strong> pourrait appara\u00eetre dans <strong>The Lone Star State<\/strong> pour l\u2019\u00e9pisode de <strong>RAW <\/strong>de la semaine prochaine sur Netflix.<\/p>\n\n\n\n<p>Avant l\u2019\u00e9pisode du 16 mars de RAW, qui se d\u00e9roule depuis le Frost Bank Center \u00e0 San Antonio, Texas, des rapports ont circul\u00e9 concernant la possibilit\u00e9 que la l\u00e9gende du WWE Hall of Fame &lsquo;Stone Cold&rsquo; Steve Austin revienne pour une apparition sp\u00e9ciale afin de c\u00e9l\u00e9brer le \u00ab 3:16 Day \u00bb, la \u00ab f\u00eate \u00bb annuelle en son honneur. Il faut savoir que les \u00c9tasuniens \u00e9crivent le mois jour et ann\u00e9e pour les dates ce qui donne le 3 du 16 chaque ann\u00e9e.<\/p>\n\n\n\n<p>Selon une source, des responsables de la WWE ont eu des discussions en coulisses concernant la possibilit\u00e9 que le <strong>Bionic Redneck<\/strong> apparaisse lors de l\u2019\u00e9mission du16 mars au Texas.<\/p>\n\n\n\n<p>Les responsables de la WWE seraient \u00ab tr\u00e8s optimistes \u00bb que les choses s\u2019arrangeront d\u00fbt au fait que le show rouge ait lieu directement \u00e0 la date mythique et que l\u2019\u00e9mission se d\u00e9roule dans l\u2019ancien \u00c9tat natal d\u2019Austin, le Texas, fait de la temp\u00eate parfaite pour qu\u2019une telle apparition se r\u00e9alise.<\/p>\n\n\n\n<p>Des sources au sein de la WWE semblent croire qu\u2019il y a au moins une chance d\u00e9cente que Steve Austin apparaisse, notant que la d\u00e9cision lui revient finalement.<\/p>\n\n\n\n<blockquote class=\"wp-block-quote is-layout-flow wp-block-quote-is-layout-flow\">\n<p>\u00ab Stone Cold peut faire ce qu\u2019il veut. S\u2019il veut \u00eatre l\u00e0, il sera l\u00e0. S\u2019il ne veut pas \u00eatre l\u00e0, il ne le sera pas. \u00bb<\/p>\n<\/blockquote>\n\n\n\n<p>Annonc\u00e9s pour cette soir\u00e9e l\u00e0 \u00e0 San Antonio, on retrouve le retour de Roman Reigns et Brock Lesnar, ainsi que le combat El Grande Americano contre OG El Grande Americano.<\/p>\n\n\n\n<figure class=\"wp-block-embed is-type-wp-embed is-provider-info-lutte wp-block-embed-info-lutte\"><div class=\"wp-block-embed__wrapper\">\n<blockquote class=\"wp-embedded-content\" data-secret=\"hBkfSxEanR\"><a href=\"https:\/\/www.jdx.info\/lutte\/2026\/03\/09\/stone-cold-declares-316day-a-national-holiday-raw-march-16-2020\/\">\u201cStone Cold\u201d declares\u00a0#316Day\u00a0a National Holiday: Raw, March 16, 2020<\/a><\/blockquote><iframe loading=\"lazy\" class=\"wp-embedded-content\" sandbox=\"allow-scripts\" security=\"restricted\" style=\"position: absolute; visibility: hidden;\" title=\"\u00ab\u00a0\u201cStone Cold\u201d declares\u00a0#316Day\u00a0a National Holiday: Raw, March 16, 2020\u00a0\u00bb &#8212; Info-Lutte\" src=\"https:\/\/www.jdx.info\/lutte\/2026\/03\/09\/stone-cold-declares-316day-a-national-holiday-raw-march-16-2020\/embed\/#?secret=pnlaGkW6Bk#?secret=hBkfSxEanR\" data-secret=\"hBkfSxEanR\" width=\"600\" height=\"338\" frameborder=\"0\" marginwidth=\"0\" marginheight=\"0\" scrolling=\"no\"><\/iframe>\n<\/div><\/figure>\n\n\n\n<p><\/p>\n<p><\/p>","protected":false},"excerpt":{"rendered":"<p>Stone Cold pourrait appara\u00eetre dans The Lone Star State pour l\u2019\u00e9pisode de RAW de la semaine prochaine sur Netflix. Avant l\u2019\u00e9pisode du 16 mars de RAW, qui se d\u00e9roule depuis le Frost Bank Center \u00e0 San Antonio, Texas, des rapports ont circul\u00e9 concernant la possibilit\u00e9 que la l\u00e9gende du WWE Hall of Fame &lsquo;Stone Cold&rsquo;&#8230;<\/p>\n","protected":false},"author":665,"featured_media":130500,"comment_status":"open","ping_status":"closed","sticky":false,"template":"","format":"standard","meta":{"footnotes":""},"categories":[77,4,43,87,23],"tags":[],"ppma_author":[289],"class_list":["post-130483","post","type-post","status-publish","format-standard","has-post-thumbnail","hentry","category-hall-of-fame","category-news","category-raw-wwe","category-road-to-wrestlemania","category-wwe"],"authors":[{"term_id":289,"user_id":665,"is_guest":0,"slug":"line","display_name":"Line Edmond","avatar_url":"https:\/\/secure.gravatar.com\/avatar\/852de09636413c90cdaa278312f9ea5bc4396768745424755cb63d99a05989d0?s=96&d=mm&r=g","0":null,"1":"","2":"","3":"","4":"","5":"","6":"","7":"","8":""}],"_links":{"self":[{"href":"https:\/\/www.jdx.info\/lutte\/wp-json\/wp\/v2\/posts\/130483","targetHints":{"allow":["GET"]}}],"collection":[{"href":"https:\/\/www.jdx.info\/lutte\/wp-json\/wp\/v2\/posts"}],"about":[{"href":"https:\/\/www.jdx.info\/lutte\/wp-json\/wp\/v2\/types\/post"}],"author":[{"embeddable":true,"href":"https:\/\/www.jdx.info\/lutte\/wp-json\/wp\/v2\/users\/665"}],"replies":[{"embeddable":true,"href":"https:\/\/www.jdx.info\/lutte\/wp-json\/wp\/v2\/comments?post=130483"}],"version-history":[{"count":3,"href":"https:\/\/www.jdx.info\/lutte\/wp-json\/wp\/v2\/posts\/130483\/revisions"}],"predecessor-version":[{"id":130505,"href":"https:\/\/www.jdx.info\/lutte\/wp-json\/wp\/v2\/posts\/130483\/revisions\/130505"}],"wp:featuredmedia":[{"embeddable":true,"href":"https:\/\/www.jdx.info\/lutte\/wp-json\/wp\/v2\/media\/130500"}],"wp:attachment":[{"href":"https:\/\/www.jdx.info\/lutte\/wp-json\/wp\/v2\/media?parent=130483"}],"wp:term":[{"taxonomy":"category","embeddable":true,"href":"https:\/\/www.jdx.info\/lutte\/wp-json\/wp\/v2\/categories?post=130483"},{"taxonomy":"post_tag","embeddable":true,"href":"https:\/\/www.jdx.info\/lutte\/wp-json\/wp\/v2\/tags?post=130483"},{"taxonomy":"author","embeddable":true,"href":"https:\/\/www.jdx.info\/lutte\/wp-json\/wp\/v2\/ppma_author?post=130483"}],"curies":[{"name":"wp","href":"https:\/\/api.w.org\/{rel}","templated":true}]}}