{"id":130475,"date":"2026-03-10T01:11:00","date_gmt":"2026-03-10T05:11:00","guid":{"rendered":"https:\/\/www.jdx.info\/lutte\/?p=130475"},"modified":"2026-03-10T16:32:33","modified_gmt":"2026-03-10T20:32:33","slug":"jd-mcdonagh-publie-une-declaration-sur-lexclusion-de-finn-balor-du-jugement-dernier-vous-nous-avez-tous-menti-pendant-des-mois","status":"publish","type":"post","link":"https:\/\/www.jdx.info\/lutte\/2026\/03\/10\/jd-mcdonagh-publie-une-declaration-sur-lexclusion-de-finn-balor-du-jugement-dernier-vous-nous-avez-tous-menti-pendant-des-mois\/","title":{"rendered":"JD McDonagh publie une d\u00e9claration sur l\u2019exclusion de Finn Balor du Jugement Dernier : \u00ab Vous nous avez tous menti pendant des mois \u00bb"},"content":{"rendered":"\n<p>JD McDonagh a bris\u00e9 son silence concernant\u00a0l\u2019expulsion de Finn Balor du Jugement Dernier.<\/p>\n\n\n\n<p>Pour ceux qui l\u2019ont manqu\u00e9, l\u2019\u00e9mission WWE Raw de cette semaine a pr\u00e9sent\u00e9 un segment o\u00f9 Dominik Mysterio et le reste de The Judgment Day attaquent Balor, le mettant hors du groupe.<\/p>\n\n\n\n<p>Dans un post partag\u00e9 sur son compte officiel X apr\u00e8s le concert, McDonagh a expliqu\u00e9 ses actions.<\/p>\n\n\n\n<blockquote class=\"wp-block-quote is-layout-flow wp-block-quote-is-layout-flow\">\n<p>\u00ab Tu nous as tous menti pendant des mois. Tu as de l\u2019ego. Tu voulais \u00eatre le leader. Tu jouais \u00e0 des jeux. Ce n\u2019a jamais \u00e9t\u00e9 le sujet du Jugement Dernier. Tu le savais avant. \u00bb<\/p>\n<\/blockquote>\n\n\n\n<blockquote class=\"wp-block-quote is-layout-flow wp-block-quote-is-layout-flow\">\n<p>\u00ab Judgment Day, c\u2019est ma famille et si quelqu\u2019un ose essayer d\u2019\u00e9craser l\u2019un d\u2019eux, on se fait \u00e9craser. \u00bb<\/p>\n<\/blockquote>\n\n\n\n<p>Pour ceux qui sont int\u00e9ress\u00e9s, vous pouvez consulter nos\u00a0<a href=\"https:\/\/www.jdx.info\/lutte\/2026\/03\/09\/resultats-et-video-pour-le-wwe-monday-night-raw-du-9-mars-2026\/\">r\u00e9sultats complets de Raw ici<\/a>.<\/p>\n\n\n\n<p>Tu nous as tous menti pendant des mois. Tu as un ego. Tu voulais \u00eatre le leader. Tu jouais \u00e0 des jeux. Ce n\u2019a jamais \u00e9t\u00e9 le sujet du Jugement Dernier. Tu le savais avant.<\/p>\n\n\n\n<p>Judgment Day, c\u2019est ma famille et si quelqu\u2019un ose essayer d\u2019\u00e9craser l\u2019un d\u2019eux, on se fait \u00e9craser.\u00a0<\/p>\n\n\n\n<center><div style=\"max-width:550px;margin:auto;\">\n  <iframe\n    src=\"https:\/\/platform.twitter.com\/embed\/Tweet.html?id=YeLmRUFL3r\"\n    style=\"border:none;width:100%;height:450px;\"\n    loading=\"lazy\"\n  ><\/iframe>\n<\/div><\/center>\n\n\n\n<figure class=\"wp-block-embed is-type-wp-embed is-provider-info-lutte wp-block-embed-info-lutte\"><div class=\"wp-block-embed__wrapper\">\n<blockquote class=\"wp-embedded-content\" data-secret=\"dLeJ5ZGaBC\"><a href=\"https:\/\/www.jdx.info\/lutte\/2026\/03\/09\/resultats-et-video-pour-le-wwe-monday-night-raw-du-9-mars-2026\/\">R\u00e9sultats et Vid\u00e9o pour le WWE Monday Night RAW du 9 Mars 2026 !<\/a><\/blockquote><iframe loading=\"lazy\" class=\"wp-embedded-content\" sandbox=\"allow-scripts\" security=\"restricted\" style=\"position: absolute; visibility: hidden;\" title=\"\u00ab\u00a0R\u00e9sultats et Vid\u00e9o pour le WWE Monday Night RAW du 9 Mars 2026 !\u00a0\u00bb &#8212; Info-Lutte\" src=\"https:\/\/www.jdx.info\/lutte\/2026\/03\/09\/resultats-et-video-pour-le-wwe-monday-night-raw-du-9-mars-2026\/embed\/#?secret=ULBQOQwfHi#?secret=dLeJ5ZGaBC\" data-secret=\"dLeJ5ZGaBC\" width=\"600\" height=\"338\" frameborder=\"0\" marginwidth=\"0\" marginheight=\"0\" scrolling=\"no\"><\/iframe>\n<\/div><\/figure>\n<p><\/p>","protected":false},"excerpt":{"rendered":"<p>JD McDonagh a bris\u00e9 son silence concernant\u00a0l\u2019expulsion de Finn Balor du Jugement Dernier. Pour ceux qui l\u2019ont manqu\u00e9, l\u2019\u00e9mission WWE Raw de cette semaine a pr\u00e9sent\u00e9 un segment o\u00f9 Dominik Mysterio et le reste de The Judgment Day attaquent Balor, le mettant hors du groupe. Dans un post partag\u00e9 sur son compte officiel X apr\u00e8s&#8230;<\/p>\n","protected":false},"author":665,"featured_media":130496,"comment_status":"open","ping_status":"closed","sticky":false,"template":"","format":"standard","meta":{"footnotes":""},"categories":[4,43,87,23],"tags":[],"ppma_author":[289],"class_list":["post-130475","post","type-post","status-publish","format-standard","has-post-thumbnail","hentry","category-news","category-raw-wwe","category-road-to-wrestlemania","category-wwe"],"authors":[{"term_id":289,"user_id":665,"is_guest":0,"slug":"line","display_name":"Line Edmond","avatar_url":"https:\/\/secure.gravatar.com\/avatar\/852de09636413c90cdaa278312f9ea5bc4396768745424755cb63d99a05989d0?s=96&d=mm&r=g","0":null,"1":"","2":"","3":"","4":"","5":"","6":"","7":"","8":""}],"_links":{"self":[{"href":"https:\/\/www.jdx.info\/lutte\/wp-json\/wp\/v2\/posts\/130475","targetHints":{"allow":["GET"]}}],"collection":[{"href":"https:\/\/www.jdx.info\/lutte\/wp-json\/wp\/v2\/posts"}],"about":[{"href":"https:\/\/www.jdx.info\/lutte\/wp-json\/wp\/v2\/types\/post"}],"author":[{"embeddable":true,"href":"https:\/\/www.jdx.info\/lutte\/wp-json\/wp\/v2\/users\/665"}],"replies":[{"embeddable":true,"href":"https:\/\/www.jdx.info\/lutte\/wp-json\/wp\/v2\/comments?post=130475"}],"version-history":[{"count":3,"href":"https:\/\/www.jdx.info\/lutte\/wp-json\/wp\/v2\/posts\/130475\/revisions"}],"predecessor-version":[{"id":130498,"href":"https:\/\/www.jdx.info\/lutte\/wp-json\/wp\/v2\/posts\/130475\/revisions\/130498"}],"wp:featuredmedia":[{"embeddable":true,"href":"https:\/\/www.jdx.info\/lutte\/wp-json\/wp\/v2\/media\/130496"}],"wp:attachment":[{"href":"https:\/\/www.jdx.info\/lutte\/wp-json\/wp\/v2\/media?parent=130475"}],"wp:term":[{"taxonomy":"category","embeddable":true,"href":"https:\/\/www.jdx.info\/lutte\/wp-json\/wp\/v2\/categories?post=130475"},{"taxonomy":"post_tag","embeddable":true,"href":"https:\/\/www.jdx.info\/lutte\/wp-json\/wp\/v2\/tags?post=130475"},{"taxonomy":"author","embeddable":true,"href":"https:\/\/www.jdx.info\/lutte\/wp-json\/wp\/v2\/ppma_author?post=130475"}],"curies":[{"name":"wp","href":"https:\/\/api.w.org\/{rel}","templated":true}]}}