{"id":130429,"date":"2026-03-09T14:11:00","date_gmt":"2026-03-09T18:11:00","guid":{"rendered":"https:\/\/www.jdx.info\/lutte\/?p=130429"},"modified":"2026-03-09T14:55:46","modified_gmt":"2026-03-09T18:55:46","slug":"aj-styles-souvre-sur-son-nouveau-role-a-la-wwe-apres-sa-retraite-son-nouveau-podcast-et-plus","status":"publish","type":"post","link":"https:\/\/www.jdx.info\/lutte\/2026\/03\/09\/aj-styles-souvre-sur-son-nouveau-role-a-la-wwe-apres-sa-retraite-son-nouveau-podcast-et-plus\/","title":{"rendered":"AJ Styles s\u2019ouvre sur son nouveau r\u00f4le \u00e0 la WWE apr\u00e8s sa retraite, son nouveau podcast et plus !"},"content":{"rendered":"\n<p>AJ Styles entame officiellement le prochain chapitre de sa carri\u00e8re \u00e0 la WWE. <\/p>\n\n\n\n<p>Apr\u00e8s sa retraite sur le ring au Royal Rumble plus t\u00f4t cette ann\u00e9e, le futur membre du Temple de la renomm\u00e9e de la WWE a r\u00e9v\u00e9l\u00e9 des d\u00e9tails sur le r\u00f4le qu\u2019il assume d\u00e9sormais en coulisses au sein de la soci\u00e9t\u00e9.<\/p>\n\n\n\n<p>Styles a \u00e9voqu\u00e9 ses nouvelles responsabilit\u00e9s lors de l\u2019\u00e9pisode d\u2019ouverture de son <a href=\"https:\/\/www.jdx.info\/lutte\/2026\/03\/08\/phenomenally-retro-episode-1-hosted-by-tony-giles-with-a-j-styles\/\" target=\"_blank\" rel=\"noreferrer noopener\">podcast Phenomenally Retro<\/a>, et ce bien que l\u2019\u00e9mission se concentre principalement sur sa passion de longue date pour les jeux vid\u00e9o, l\u2019ancien champion WWE a \u00e9galement \u00e9voqu\u00e9 comment il aide d\u00e9sormais la WWE \u00e0 identifier et d\u00e9velopper des talents.<\/p>\n\n\n\n<p>Selon Styles, une partie de son nouveau travail consiste \u00e0 rep\u00e9rer les prospects potentiels en ligne et \u00e0 voir o\u00f9 il peut les aider \u00e0 progresser.<\/p>\n\n\n\n<blockquote class=\"wp-block-quote is-layout-flow wp-block-quote-is-layout-flow\">\n<p>\u00ab Je suis sur internet et je regarde les talents parce que \u00e7a va faire un peu partie de mon travail \u00e0 la WWE maintenant. Je cherche du talent et je veux voir ce que je peux faire, si je peux faire quelque chose pour eux, s\u2019ils peuvent s\u2019am\u00e9liorer, tu sais, des petites choses comme \u00e7a. Parce que s\u2019il y a une possibilit\u00e9 qu\u2019ils obtiennent peut-\u00eatre un WWE ID [contrat] ou quelque chose comme \u00e7a, alors j\u2019esp\u00e8re que je pourrai faciliter et faire en sorte que cela arrive. \u00bb<\/p>\n<\/blockquote>\n\n\n\n<p>Mais le recrutement de talents n\u2019est qu\u2019une partie de la mission.<\/p>\n\n\n\n<p>Styles a \u00e9galement r\u00e9v\u00e9l\u00e9 que ses responsabilit\u00e9s incluraient la communication directe avec les talents du syst\u00e8me de la WWE, y compris ceux de NXT et m\u00eame les membres du roster principal, pour aider \u00e0 mesurer le moral et apporter un soutien lorsque n\u00e9cessaire.<\/p>\n\n\n\n<blockquote class=\"wp-block-quote is-layout-flow wp-block-quote-is-layout-flow\">\n<p>\u00ab Pour l\u2019instant, c\u2019est un peu lent, mais il va falloir passer des appels t\u00e9l\u00e9phoniques pour m\u2019assurer que mon travail est bien fait et que ce n\u2019est pas seulement avec des talents ind\u00e9pendants. Ce sera du talent de NXT et cela pourrait aussi signifier du talent du roster principal. Je vais aller \u00e0 Seattle pour le prochain Monday Night Raw, discuter avec des talents. Qui sait, parfois il faut parler \u00e0 quelqu\u2019un pour voir comment il se sent et peut-\u00eatre qu\u2019il veut aller au PC pour travailler sur certaines choses. Le moral, si je peux aider \u00e0 m\u2019assurer qu\u2019il reste l\u00e0 dans le bon sens, je veux \u00eatre ce gars-l\u00e0,\u00a0\u00bb continua-t-il.<\/p>\n<\/blockquote>\n\n\n\n<p>Ces commentaires aident \u00e0 clarifier les sp\u00e9culations qui avaient circul\u00e9 dans les semaines suivant la retraite de Styles sur son avenir \u00e0 la WWE.<\/p>\n\n\n\n<p><\/p>\n\n\n\n<figure class=\"wp-block-embed is-type-wp-embed is-provider-info-lutte wp-block-embed-info-lutte\"><div class=\"wp-block-embed__wrapper\">\n<blockquote class=\"wp-embedded-content\" data-secret=\"GMfLzQp8wP\"><a href=\"https:\/\/www.jdx.info\/lutte\/2026\/03\/08\/phenomenally-retro-episode-1-hosted-by-tony-giles-with-a-j-styles\/\">Phenomenally Retro &#8211; Episode 1 &#8211; Hosted by Tony Giles with A.J Styles<\/a><\/blockquote><iframe loading=\"lazy\" class=\"wp-embedded-content\" sandbox=\"allow-scripts\" security=\"restricted\" style=\"position: absolute; visibility: hidden;\" title=\"\u00ab\u00a0Phenomenally Retro &#8211; Episode 1 &#8211; Hosted by Tony Giles with A.J Styles\u00a0\u00bb &#8212; Info-Lutte\" src=\"https:\/\/www.jdx.info\/lutte\/2026\/03\/08\/phenomenally-retro-episode-1-hosted-by-tony-giles-with-a-j-styles\/embed\/#?secret=V6E5VdTBA7#?secret=GMfLzQp8wP\" data-secret=\"GMfLzQp8wP\" width=\"600\" height=\"338\" frameborder=\"0\" marginwidth=\"0\" marginheight=\"0\" scrolling=\"no\"><\/iframe>\n<\/div><\/figure>\n<p><\/p>","protected":false},"excerpt":{"rendered":"<p>AJ Styles entame officiellement le prochain chapitre de sa carri\u00e8re \u00e0 la WWE. Apr\u00e8s sa retraite sur le ring au Royal Rumble plus t\u00f4t cette ann\u00e9e, le futur membre du Temple de la renomm\u00e9e de la WWE a r\u00e9v\u00e9l\u00e9 des d\u00e9tails sur le r\u00f4le qu\u2019il assume d\u00e9sormais en coulisses au sein de la soci\u00e9t\u00e9. Styles&#8230;<\/p>\n","protected":false},"author":665,"featured_media":130451,"comment_status":"open","ping_status":"closed","sticky":false,"template":"","format":"standard","meta":{"footnotes":""},"categories":[4,23],"tags":[],"ppma_author":[289],"class_list":["post-130429","post","type-post","status-publish","format-standard","has-post-thumbnail","hentry","category-news","category-wwe"],"authors":[{"term_id":289,"user_id":665,"is_guest":0,"slug":"line","display_name":"Line Edmond","avatar_url":"https:\/\/secure.gravatar.com\/avatar\/852de09636413c90cdaa278312f9ea5bc4396768745424755cb63d99a05989d0?s=96&d=mm&r=g","0":null,"1":"","2":"","3":"","4":"","5":"","6":"","7":"","8":""}],"_links":{"self":[{"href":"https:\/\/www.jdx.info\/lutte\/wp-json\/wp\/v2\/posts\/130429","targetHints":{"allow":["GET"]}}],"collection":[{"href":"https:\/\/www.jdx.info\/lutte\/wp-json\/wp\/v2\/posts"}],"about":[{"href":"https:\/\/www.jdx.info\/lutte\/wp-json\/wp\/v2\/types\/post"}],"author":[{"embeddable":true,"href":"https:\/\/www.jdx.info\/lutte\/wp-json\/wp\/v2\/users\/665"}],"replies":[{"embeddable":true,"href":"https:\/\/www.jdx.info\/lutte\/wp-json\/wp\/v2\/comments?post=130429"}],"version-history":[{"count":2,"href":"https:\/\/www.jdx.info\/lutte\/wp-json\/wp\/v2\/posts\/130429\/revisions"}],"predecessor-version":[{"id":130452,"href":"https:\/\/www.jdx.info\/lutte\/wp-json\/wp\/v2\/posts\/130429\/revisions\/130452"}],"wp:featuredmedia":[{"embeddable":true,"href":"https:\/\/www.jdx.info\/lutte\/wp-json\/wp\/v2\/media\/130451"}],"wp:attachment":[{"href":"https:\/\/www.jdx.info\/lutte\/wp-json\/wp\/v2\/media?parent=130429"}],"wp:term":[{"taxonomy":"category","embeddable":true,"href":"https:\/\/www.jdx.info\/lutte\/wp-json\/wp\/v2\/categories?post=130429"},{"taxonomy":"post_tag","embeddable":true,"href":"https:\/\/www.jdx.info\/lutte\/wp-json\/wp\/v2\/tags?post=130429"},{"taxonomy":"author","embeddable":true,"href":"https:\/\/www.jdx.info\/lutte\/wp-json\/wp\/v2\/ppma_author?post=130429"}],"curies":[{"name":"wp","href":"https:\/\/api.w.org\/{rel}","templated":true}]}}