{"id":130406,"date":"2026-03-09T03:51:00","date_gmt":"2026-03-09T07:51:00","guid":{"rendered":"https:\/\/www.jdx.info\/lutte\/?p=130406"},"modified":"2026-03-09T13:14:38","modified_gmt":"2026-03-09T17:14:38","slug":"mandy-rose-revele-si-elle-revient-a-la-lutte-ou-non","status":"publish","type":"post","link":"https:\/\/www.jdx.info\/lutte\/2026\/03\/09\/mandy-rose-revele-si-elle-revient-a-la-lutte-ou-non\/","title":{"rendered":"Mandy Rose r\u00e9v\u00e8le si elle revient \u00e0 la lutte ou non"},"content":{"rendered":"\n<p><strong>Mandy Rose<\/strong>\u00a0semble avoir ferm\u00e9 la porte en revenant sur le ring. L\u2019ancienne star\u00a0de la WWE\u00a0a r\u00e9cemment \u00e9voqu\u00e9 son avenir en catch et a sugg\u00e9r\u00e9 que sa carri\u00e8re sur le ring est probablement termin\u00e9e apr\u00e8s son d\u00e9part controvers\u00e9 de la compagnie en 2022.<\/p>\n\n\n\n<p>Rose, connue sous le nom de <strong>La D\u00e9esse d\u2019Or<\/strong>, a \u00e9t\u00e9 licenci\u00e9e de la WWE apr\u00e8s avoir dirig\u00e9 une plateforme de contenu par abonnement qui aurait enfreint les politiques de l\u2019entreprise. Depuis, elle s\u2019est orient\u00e9e vers des projets commerciaux, notamment la cr\u00e9ation de sa marque de beaut\u00e9 et de soins\u00a0de la peau Amarose.<\/p>\n\n\n\n<p>Bien qu\u2019on l\u2019ait parfois vue s\u2019entra\u00eener avec\u00a0Elayna Black, qui avait auparavant \u00e9volu\u00e9 \u00e0 la WWE sous le nom\u00a0de Cora Jade, les sp\u00e9culations sur un possible retour persistent parmi les fans, mais lors d\u2019une apparition dans le\u00a0<em>podcast Prince St. Pizza<\/em>, Rose a expliqu\u00e9 que sa sortie \u00e0 la WWE avait effectivement marqu\u00e9 la fin de sa carri\u00e8re de catcheuse.<\/p>\n\n\n\n<blockquote class=\"wp-block-quote is-layout-flow wp-block-quote-is-layout-flow\">\n<p>\u00ab C\u2019\u00e9tait la fin de ma carri\u00e8re, ce qui est un peu comme, tu sais, j\u2019ai fini au sommet. J\u2019ai toujours voulu, mais je ne m\u2019attendais pas \u00e0 ce que ma carri\u00e8re se termine. C\u2019\u00e9tait juste quelque chose qui s\u2019est pass\u00e9. \u00bb<\/p>\n<\/blockquote>\n\n\n\n<p>Rose a soulign\u00e9 que sa derni\u00e8re exp\u00e9rience \u00e0 la WWE a consid\u00e9rablement \u00e9lev\u00e9 son profil et a contribu\u00e9 \u00e0 accro\u00eetre sa valeur en dehors du monde du catch.<\/p>\n\n\n\n<blockquote class=\"wp-block-quote is-layout-flow wp-block-quote-is-layout-flow\">\n<p>\u00ab J\u2019\u00e9tais reconnaissante d\u2019avoir eu cette p\u00e9riode car cela a vraiment multipli\u00e9 par dix ma participation dans l\u2019entreprise \u00bb<\/p>\n<\/blockquote>\n\n\n\n<p>Depuis son d\u00e9part de la WWE, Rose a d\u00e9clar\u00e9 avoir connu un grand succ\u00e8s financier gr\u00e2ce \u00e0 ses projets actuels. Selon elle, les opportunit\u00e9s qu\u2019elle a recherch\u00e9es en dehors du catch se sont r\u00e9v\u00e9l\u00e9es bien plus lucratives.<\/p>\n\n\n\n<blockquote class=\"wp-block-quote is-layout-flow wp-block-quote-is-layout-flow\">\n<p>\u00ab Ce que je fais maintenant, financi\u00e8rement, ce que j\u2019ai gagn\u00e9 depuis que je suis sortie de l\u00e0-bas est vraiment bien plus \u00e9lev\u00e9 \u00bb<\/p>\n<\/blockquote>\n\n\n\n<p>Au-del\u00e0 de l\u2019aspect financier, Rose a \u00e9galement cit\u00e9 le poids physique que la lutte a sur les artistes comme facteur dans sa d\u00e9cision de ne pas revenir.<\/p>\n\n\n\n<blockquote class=\"wp-block-quote is-layout-flow wp-block-quote-is-layout-flow\">\n<p>\u00ab J\u2019adore la lutte et j\u2019en suis reconnaissante. Mais personnellement, je ne veux pas avoir 50 ans et ne pas pouvoir sortir du lit. Je veux \u00eatre en bonne sant\u00e9. Je suis tr\u00e8s passionn\u00e9 de fitness et \u00e7a p\u00e8se \u00e9norm\u00e9ment sur ton corps. \u00bb<\/p>\n<\/blockquote>\n\n\n\n<p>Bien que Rose ait admis ne jamais s\u2019attendre \u00e0 ce que sa carri\u00e8re de catcheuse se termine ainsi, elle consid\u00e8re d\u00e9sormais ce r\u00e9sultat comme un tournant positif qui lui a permis de poursuivre d\u2019autres opportunit\u00e9s.<\/p>\n\n\n\n<p>En regardant vers l\u2019avenir, Rose semble satisfaite de se concentrer sur le business, le fitness et l\u2019expansion de sa marque plut\u00f4t que de revenir sur le ring.<\/p>\n\n\n\n<p><\/p>\n\n\n\n<p><\/p>\n<p><\/p>","protected":false},"excerpt":{"rendered":"<p>Mandy Rose\u00a0semble avoir ferm\u00e9 la porte en revenant sur le ring. L\u2019ancienne star\u00a0de la WWE\u00a0a r\u00e9cemment \u00e9voqu\u00e9 son avenir en catch et a sugg\u00e9r\u00e9 que sa carri\u00e8re sur le ring est probablement termin\u00e9e apr\u00e8s son d\u00e9part controvers\u00e9 de la compagnie en 2022. Rose, connue sous le nom de La D\u00e9esse d\u2019Or, a \u00e9t\u00e9 licenci\u00e9e de&#8230;<\/p>\n","protected":false},"author":665,"featured_media":130420,"comment_status":"open","ping_status":"closed","sticky":false,"template":"","format":"standard","meta":{"footnotes":""},"categories":[30,22,4,93],"tags":[],"ppma_author":[289],"class_list":["post-130406","post","type-post","status-publish","format-standard","has-post-thumbnail","hentry","category-ex-wwe","category-indy","category-news","category-nxt-ex-wwe"],"authors":[{"term_id":289,"user_id":665,"is_guest":0,"slug":"line","display_name":"Line Edmond","avatar_url":"https:\/\/secure.gravatar.com\/avatar\/852de09636413c90cdaa278312f9ea5bc4396768745424755cb63d99a05989d0?s=96&d=mm&r=g","0":null,"1":"","2":"","3":"","4":"","5":"","6":"","7":"","8":""}],"_links":{"self":[{"href":"https:\/\/www.jdx.info\/lutte\/wp-json\/wp\/v2\/posts\/130406","targetHints":{"allow":["GET"]}}],"collection":[{"href":"https:\/\/www.jdx.info\/lutte\/wp-json\/wp\/v2\/posts"}],"about":[{"href":"https:\/\/www.jdx.info\/lutte\/wp-json\/wp\/v2\/types\/post"}],"author":[{"embeddable":true,"href":"https:\/\/www.jdx.info\/lutte\/wp-json\/wp\/v2\/users\/665"}],"replies":[{"embeddable":true,"href":"https:\/\/www.jdx.info\/lutte\/wp-json\/wp\/v2\/comments?post=130406"}],"version-history":[{"count":2,"href":"https:\/\/www.jdx.info\/lutte\/wp-json\/wp\/v2\/posts\/130406\/revisions"}],"predecessor-version":[{"id":130421,"href":"https:\/\/www.jdx.info\/lutte\/wp-json\/wp\/v2\/posts\/130406\/revisions\/130421"}],"wp:featuredmedia":[{"embeddable":true,"href":"https:\/\/www.jdx.info\/lutte\/wp-json\/wp\/v2\/media\/130420"}],"wp:attachment":[{"href":"https:\/\/www.jdx.info\/lutte\/wp-json\/wp\/v2\/media?parent=130406"}],"wp:term":[{"taxonomy":"category","embeddable":true,"href":"https:\/\/www.jdx.info\/lutte\/wp-json\/wp\/v2\/categories?post=130406"},{"taxonomy":"post_tag","embeddable":true,"href":"https:\/\/www.jdx.info\/lutte\/wp-json\/wp\/v2\/tags?post=130406"},{"taxonomy":"author","embeddable":true,"href":"https:\/\/www.jdx.info\/lutte\/wp-json\/wp\/v2\/ppma_author?post=130406"}],"curies":[{"name":"wp","href":"https:\/\/api.w.org\/{rel}","templated":true}]}}