{"id":130093,"date":"2026-03-12T13:16:30","date_gmt":"2026-03-12T17:16:30","guid":{"rendered":"https:\/\/www.jdx.info\/lutte\/?p=130093"},"modified":"2026-03-12T13:16:30","modified_gmt":"2026-03-12T17:16:30","slug":"match-inconteste-pour-le-titre-wwe-ajoute-au-6-3-de-smackdown-lors-de-la-salle-delimination-apres-le-show","status":"publish","type":"post","link":"https:\/\/www.jdx.info\/lutte\/2026\/03\/12\/match-inconteste-pour-le-titre-wwe-ajoute-au-6-3-de-smackdown-lors-de-la-salle-delimination-apres-le-show\/","title":{"rendered":"Match incontest\u00e9 pour le titre WWE ajout\u00e9 au 6\/3 de SmackDown lors de la salle d\u2019\u00e9limination apr\u00e8s le show"},"content":{"rendered":"\n<p>La programmation pour le show WWE blue brand de la semaine prochaine a continu\u00e9 de prendre forme pendant le WWE Elimination Chamber 2026 Post-Show.<\/p>\n\n\n\n<p>\u00c0 la suite de la conclusion de l\u2019\u00e9v\u00e9nement en direct premium WWE Elimination Chamber le samedi soir 28 f\u00e9vrier au United Center de Chicago, Illinois, le directeur g\u00e9n\u00e9ral de SmackDown a annonc\u00e9 qu\u2019en raison des actions de Drew McIntyre lors du main event de la soir\u00e9e, il d\u00e9fendra son titre incontest\u00e9 de la WWE contre Cody Rhodes lors de l\u2019\u00e9pisode du 6 mars de l\u2019\u00e9mission.<\/p>\n\n\n\n<p>Comme mentionn\u00e9, The Irresistible Forces ont remport\u00e9 les titres par \u00e9quipe f\u00e9minins lors de l\u2019\u00e9pisode du 27 f\u00e9vrier, battant les anciennes championnes Rhea Ripley et Iyo Sky.<\/p>\n\n\n\n<p>Il a \u00e9t\u00e9 annonc\u00e9 apr\u00e8s leur victoire qu\u2019ils c\u00e9l\u00e9breraient leur titre lors de l\u2019\u00e9mission de la semaine prochaine, le 6\/03, de \u00ab la plus grande et la plus terrible fa\u00e7on possible \u00bb.<\/p>\n\n\n\n<p>Nick Aldis a \u00e9galement affirm\u00e9 que le SmackDown de la semaine prochaine, le 6\/03, mettra en sc\u00e8ne les fans d\u00e9couvrant qui sont les principaux pr\u00e9tendants aux championnats par \u00e9quipe de la WWE, d\u00e9tenus par The MFT\u2019s.<\/p>\n\n\n\n<p>N\u2019oubliez pas de nous rejoindre ici \u00e0 WrestlingHeadlines.com chaque vendredi soir \u00e0 20\/19h (heure du Pacifique) pour la couverture en&nbsp;<a href=\"https:\/\/www.wrestlingheadlines.com\/results\/smackdown\">direct des r\u00e9sultats de WWE SmackDown<\/a>.<\/p>\n\n\n\n<p>wrestlingheadlines.com\/undisputed-wwe-title-match-added-to-3-6-smackdown-during-elimination-chamber-post-show\/<\/p>\n<p><\/p>","protected":false},"excerpt":{"rendered":"<p>La programmation pour le show WWE blue brand de la semaine prochaine a continu\u00e9 de prendre forme pendant le WWE Elimination Chamber 2026 Post-Show. \u00c0 la suite de la conclusion de l\u2019\u00e9v\u00e9nement en direct premium WWE Elimination Chamber le samedi soir 28 f\u00e9vrier au United Center de Chicago, Illinois, le directeur g\u00e9n\u00e9ral de SmackDown a&#8230;<\/p>\n","protected":false},"author":665,"featured_media":0,"comment_status":"open","ping_status":"closed","sticky":false,"template":"","format":"standard","meta":{"footnotes":""},"categories":[1],"tags":[],"ppma_author":[289],"class_list":["post-130093","post","type-post","status-publish","format-standard","hentry","category-uncategorized"],"authors":[{"term_id":289,"user_id":665,"is_guest":0,"slug":"line","display_name":"Line Edmond","avatar_url":"https:\/\/secure.gravatar.com\/avatar\/852de09636413c90cdaa278312f9ea5bc4396768745424755cb63d99a05989d0?s=96&d=mm&r=g","0":null,"1":"","2":"","3":"","4":"","5":"","6":"","7":"","8":""}],"_links":{"self":[{"href":"https:\/\/www.jdx.info\/lutte\/wp-json\/wp\/v2\/posts\/130093","targetHints":{"allow":["GET"]}}],"collection":[{"href":"https:\/\/www.jdx.info\/lutte\/wp-json\/wp\/v2\/posts"}],"about":[{"href":"https:\/\/www.jdx.info\/lutte\/wp-json\/wp\/v2\/types\/post"}],"author":[{"embeddable":true,"href":"https:\/\/www.jdx.info\/lutte\/wp-json\/wp\/v2\/users\/665"}],"replies":[{"embeddable":true,"href":"https:\/\/www.jdx.info\/lutte\/wp-json\/wp\/v2\/comments?post=130093"}],"version-history":[{"count":1,"href":"https:\/\/www.jdx.info\/lutte\/wp-json\/wp\/v2\/posts\/130093\/revisions"}],"predecessor-version":[{"id":130094,"href":"https:\/\/www.jdx.info\/lutte\/wp-json\/wp\/v2\/posts\/130093\/revisions\/130094"}],"wp:attachment":[{"href":"https:\/\/www.jdx.info\/lutte\/wp-json\/wp\/v2\/media?parent=130093"}],"wp:term":[{"taxonomy":"category","embeddable":true,"href":"https:\/\/www.jdx.info\/lutte\/wp-json\/wp\/v2\/categories?post=130093"},{"taxonomy":"post_tag","embeddable":true,"href":"https:\/\/www.jdx.info\/lutte\/wp-json\/wp\/v2\/tags?post=130093"},{"taxonomy":"author","embeddable":true,"href":"https:\/\/www.jdx.info\/lutte\/wp-json\/wp\/v2\/ppma_author?post=130093"}],"curies":[{"name":"wp","href":"https:\/\/api.w.org\/{rel}","templated":true}]}}