{"id":129982,"date":"2026-03-12T13:16:30","date_gmt":"2026-03-12T17:16:30","guid":{"rendered":"https:\/\/www.jdx.info\/lutte\/?p=129982"},"modified":"2026-03-12T13:16:30","modified_gmt":"2026-03-12T17:16:30","slug":"cody-rhodes-sadresse-aux-reactions-negatives-face-a-la-phrase-je-nai-pas-eu-le-surnom-raheem-sans-raison-dans-wwe-smackdown","status":"publish","type":"post","link":"https:\/\/www.jdx.info\/lutte\/2026\/03\/12\/cody-rhodes-sadresse-aux-reactions-negatives-face-a-la-phrase-je-nai-pas-eu-le-surnom-raheem-sans-raison-dans-wwe-smackdown\/","title":{"rendered":"Cody Rhodes s\u2019adresse aux r\u00e9actions n\u00e9gatives face \u00e0 la phrase \u00ab Je n\u2019ai pas eu le surnom Raheem sans raison \u00bb dans WWE SmackDown"},"content":{"rendered":"\n<ul class=\"wp-block-list\"><\/ul>\n\n\n\n<p><em>\u00ab Et puis, j\u2019ai entendu dire que \u00e7a allait \u00eatre un concours de mesures &lsquo;tu sais quoi&rsquo;. Eh bien, ils sont tous les deux contents que je ne sois pas dedans, parce que je n\u2019ai pas eu le surnom Raheem pour rien.<\/em>\u00a0\u00bb<\/p>\n\n\n\n<p>Ce sont les paroles de \u00ab The American Nightmare \u00bb lors d\u2019une promo de l\u2019\u00e9pisode du 6 f\u00e9vrier de WWE SmackDown qui a suscit\u00e9 quelques r\u00e9actions n\u00e9gatives des fans.<\/p>\n\n\n\n<p>Lors d\u2019une r\u00e9cente interview&nbsp;<a href=\"https:\/\/www.youtube.com\/watch?v=tvuM9xqW45w\" rel=\"noreferrer noopener\" target=\"_Blank\">dans Under The Hood avec J-Hood<\/a>, l\u2019ancien champion incontest\u00e9 de la WWE a abord\u00e9 la controverse.<\/p>\n\n\n\n<p>\u00ab Je lui avais dit (\u00e0 Brandi Rhodes) que je pourrais le dire \u00bb, se souvenait Cody. \u00ab Je me suis sentie mal parce que je lui ai dit et elle a dit : &lsquo;Oh, tu dois le dire. C\u2019est dr\u00f4le. \u00bb Je ne voulais pas aborder Roman (Reigns) ou (CM) Punk de mani\u00e8re adversaire. Je ne lutte contre aucun de vous deux. Vous vous battez entre vous et c\u2019est g\u00e9nial. Je sens que ces choses viendront. \u00bb<\/p>\n\n\n\n<p>Rhodes poursuivit, expliquant pourquoi il trouvait cette phrase dr\u00f4le qui avait du sens dans cette situation.<\/p>\n\n\n\n<p>\u00ab Je voulais aborder les choses avec un peu de l\u00e9g\u00e8ret\u00e9 parce que je savais que d\u2019autres allaient le faire sous un autre angle \u00bb, a-t-il d\u00e9clar\u00e9. \u00ab Et je trouvais \u00e7a dr\u00f4le mais ensuite je me suis senti mal parce que je ne veux jamais que quelqu\u2019un \u00e9pouse une lign\u00e9e. Je me disais : \u00ab Oh, eh bien, si je ne peux pas dire \u00e7a&#8230; \u00bb J\u2019ai fait mes tests sur le terrain et j\u2019esp\u00e8re ne pas avoir offens\u00e9 qui que ce soit. Je l\u2019ai vraiment soutenu et quand on voit un Manchester United dans la bio et une photo d\u2019anime en tant qu\u2019avatar se plaindre, je dois demander, de quoi nous plaignons-nous vraiment ? C\u2019est plus une blague positive qu\u2019il ne pourrait jamais y en avoir sur les hommes surdou\u00e9s. Je ne peux pas vraiment m\u2019en f\u00e2cher et je ne peux pas vraiment revenir en arri\u00e8re&#8230; J\u2019ai dit : \u00ab Je ne vais pas passer mon chemin jusqu\u2019\u00e0 WrestleMania \u00e0 parler de deux autres gars. C\u2019est l\u00e0 que \u00e7a s\u2019arr\u00eate pour moi \u00bb, et j\u2019ai choisi un super endroit pour le faire. Charlotte, en Caroline du Nord, c\u2019\u00e9tait l\u2019endroit donc oui, je l\u2019ai dit et c\u2019est l\u00e0 o\u00f9 j\u2019en suis. \u00bb<\/p>\n\n\n\n<p>Cody Rhodes participe au match masculin Elimination Chamber ce samedi lors de l\u2019\u00e9v\u00e9nement WWE Elimination Chamber : Chicago premium live show.<\/p>\n\n\n\n<p>N\u2019oubliez pas de nous rejoindre ici sur WrestlingHeadlines.com le 28\/2 pour la couverture en direct des r\u00e9sultats de WWE Elimination Chamber : Chicago.<\/p>\n\n\n\n<p>(video<\/p>\n\n\n\n<p>wrestlingheadlines.com\/cody-rhodes-addresses-backlash-to-i-didnt-get-the-nickname-raheem-for-no-reason-line-on-wwe-smackdown\/<\/p>\n<p><\/p>","protected":false},"excerpt":{"rendered":"<p>\u00ab Et puis, j\u2019ai entendu dire que \u00e7a allait \u00eatre un concours de mesures &lsquo;tu sais quoi&rsquo;. Eh bien, ils sont tous les deux contents que je ne sois pas dedans, parce que je n\u2019ai pas eu le surnom Raheem pour rien.\u00a0\u00bb Ce sont les paroles de \u00ab The American Nightmare \u00bb lors d\u2019une promo&#8230;<\/p>\n","protected":false},"author":665,"featured_media":0,"comment_status":"open","ping_status":"closed","sticky":false,"template":"","format":"standard","meta":{"footnotes":""},"categories":[1],"tags":[],"ppma_author":[289],"class_list":["post-129982","post","type-post","status-publish","format-standard","hentry","category-uncategorized"],"authors":[{"term_id":289,"user_id":665,"is_guest":0,"slug":"line","display_name":"Line Edmond","avatar_url":"https:\/\/secure.gravatar.com\/avatar\/852de09636413c90cdaa278312f9ea5bc4396768745424755cb63d99a05989d0?s=96&d=mm&r=g","0":null,"1":"","2":"","3":"","4":"","5":"","6":"","7":"","8":""}],"_links":{"self":[{"href":"https:\/\/www.jdx.info\/lutte\/wp-json\/wp\/v2\/posts\/129982","targetHints":{"allow":["GET"]}}],"collection":[{"href":"https:\/\/www.jdx.info\/lutte\/wp-json\/wp\/v2\/posts"}],"about":[{"href":"https:\/\/www.jdx.info\/lutte\/wp-json\/wp\/v2\/types\/post"}],"author":[{"embeddable":true,"href":"https:\/\/www.jdx.info\/lutte\/wp-json\/wp\/v2\/users\/665"}],"replies":[{"embeddable":true,"href":"https:\/\/www.jdx.info\/lutte\/wp-json\/wp\/v2\/comments?post=129982"}],"version-history":[{"count":1,"href":"https:\/\/www.jdx.info\/lutte\/wp-json\/wp\/v2\/posts\/129982\/revisions"}],"predecessor-version":[{"id":129983,"href":"https:\/\/www.jdx.info\/lutte\/wp-json\/wp\/v2\/posts\/129982\/revisions\/129983"}],"wp:attachment":[{"href":"https:\/\/www.jdx.info\/lutte\/wp-json\/wp\/v2\/media?parent=129982"}],"wp:term":[{"taxonomy":"category","embeddable":true,"href":"https:\/\/www.jdx.info\/lutte\/wp-json\/wp\/v2\/categories?post=129982"},{"taxonomy":"post_tag","embeddable":true,"href":"https:\/\/www.jdx.info\/lutte\/wp-json\/wp\/v2\/tags?post=129982"},{"taxonomy":"author","embeddable":true,"href":"https:\/\/www.jdx.info\/lutte\/wp-json\/wp\/v2\/ppma_author?post=129982"}],"curies":[{"name":"wp","href":"https:\/\/api.w.org\/{rel}","templated":true}]}}