{"id":129978,"date":"2026-03-12T13:16:30","date_gmt":"2026-03-12T17:16:30","guid":{"rendered":"https:\/\/www.jdx.info\/lutte\/?p=129978"},"modified":"2026-03-12T13:16:30","modified_gmt":"2026-03-12T17:16:30","slug":"oba-femi-ne-sait-toujours-pas-quel-type-de-catcheur-il-veut-etre-avant-le-transfert-du-roster-principal-de-la-wwe","status":"publish","type":"post","link":"https:\/\/www.jdx.info\/lutte\/2026\/03\/12\/oba-femi-ne-sait-toujours-pas-quel-type-de-catcheur-il-veut-etre-avant-le-transfert-du-roster-principal-de-la-wwe\/","title":{"rendered":"Oba Femi ne sait toujours pas quel type de catcheur il veut \u00eatre avant le transfert du roster principal de la WWE"},"content":{"rendered":"\n<p>Oba Femi trace sa voie.<\/p>\n\n\n\n<p>Et il n\u2019est pas encore tout \u00e0 fait s\u00fbr de ce \u00e0 quoi ressemble cette destination finale.<\/p>\n\n\n\n<p>La star montante de la WWE est r\u00e9cemment apparue dans&nbsp;<a href=\"https:\/\/youtu.be\/6cibDh4xci0\" rel=\"noreferrer noopener\" target=\"_Blank\">No-Contest Wrestling<\/a>, o\u00f9 il s\u2019est confi\u00e9 sur son \u00e9volution \u00e0 l\u2019int\u00e9rieur et \u00e0 l\u2019ext\u00e9rieur du ring. Au cours de la conversation, Femi a cr\u00e9dit\u00e9 John Cena de l\u2019avoir aid\u00e9 \u00e0 d\u00e9velopper un esprit d\u2019affaires bien plus t\u00f4t dans sa carri\u00e8re que beaucoup avant lui.<\/p>\n\n\n\n<p>\u00ab C\u2019est \u00e0 cause de gars comme John, tu sais, qui sortent l\u00e0-bas et parlent de ces choses. Maintenant, je n\u2019ai plus \u00e0 traverser tout ce processus difficile qu\u2019il a travers\u00e9 \u00bb, dit Femi. \u00ab Donc je suis reconnaissant pour ce genre de choses, d\u2019avoir ces personnes qui l\u2019ont fait dans ma vie. C\u2019est tout ce qui se r\u00e9sume. \u00bb<\/p>\n\n\n\n<p>Quant \u00e0 son identit\u00e9 sur le ring, cependant, Femi admet que le plan est encore en cours de r\u00e9daction.<\/p>\n\n\n\n<p>Il a reconnu qu\u2019il existe plusieurs chemins vers la grandeur \u00e0 la WWE. D\u2019un c\u00f4t\u00e9, il y a la force physiquement dominante et imparable \u2014 un peu comme Brock Lesnar. De l\u2019autre, il y a des arcs narratifs longs et \u00e9motionnellement nuanc\u00e9s, comme ceux vus dans la saga The Bloodline.<\/p>\n\n\n\n<p>\u00ab Je ne sais pas si je vais avoir exactement une s\u00e9rie \u00e0 la John Cena. Je suis encore en train de d\u00e9couvrir quel genre de run je veux vraiment faire. Tu sais, il y a le type fort et dominant \u00e0 la Brock Lesnar. Et puis il y a les s\u00e9ries sc\u00e9naristiques comme The Bloodline. Je ne sais pas encore quel sera mon h\u00e9ritage. Mais au moins, je sais ce qui est juste. Avec cela, \u00e0 l\u2019avenir, nous verrons o\u00f9 les vents nous m\u00e8nent. \u00bb<\/p>\n\n\n\n<p>C\u2019est une perspective r\u00e9fl\u00e9chie venant d\u2019un talent encore au d\u00e9but de son parcours.<\/p>\n\n\n\n<p>Un autre aspect de cette \u00e9volution a \u00e9t\u00e9 sa pr\u00e9sentation. Pendant son passage \u00e0 NXT, Femi adopta une posture calme et sto\u00efque. R\u00e9cemment, cependant, il a pris la d\u00e9cision consciente de devenir plus vocal, notamment en critiquant davantage ses adversaires.<\/p>\n\n\n\n<p>Et peut-\u00eatre le plus r\u00e9v\u00e9lateur de tout, Femi dit qu\u2019il travaille \u00e0 changer compl\u00e8tement son \u00e9tat d\u2019esprit concernant le vestiaire.<\/p>\n\n\n\n<p>Le respect, c\u2019est une chose.<\/p>\n\n\n\n<p>L\u2019idol\u00e2trie en est une autre.<\/p>\n\n\n\n<p>\u00ab Ce truc de fandom doit dispara\u00eetre \u00bb, dit Femi. \u00ab Les gars qui s\u2019attardent l\u00e0-dessus, je ne pense pas qu\u2019ils s\u2019en sortent particuli\u00e8rement bien, si tu veux mon avis. D\u00e8s que tu commenceras \u00e0 voir ces gars comme tes rivaux, mieux ce sera pour toi. \u00bb<\/p>\n\n\n\n<p>(video<\/p>\n\n\n\n<p>wrestlingheadlines.com\/oba-femi-still-unsure-what-kind-of-wrestler-he-wants-to-be-ahead-of-wwe-main-roster-move\/<\/p>\n<p><\/p>","protected":false},"excerpt":{"rendered":"<p>Oba Femi trace sa voie. Et il n\u2019est pas encore tout \u00e0 fait s\u00fbr de ce \u00e0 quoi ressemble cette destination finale. La star montante de la WWE est r\u00e9cemment apparue dans&nbsp;No-Contest Wrestling, o\u00f9 il s\u2019est confi\u00e9 sur son \u00e9volution \u00e0 l\u2019int\u00e9rieur et \u00e0 l\u2019ext\u00e9rieur du ring. Au cours de la conversation, Femi a cr\u00e9dit\u00e9&#8230;<\/p>\n","protected":false},"author":665,"featured_media":0,"comment_status":"open","ping_status":"closed","sticky":false,"template":"","format":"standard","meta":{"footnotes":""},"categories":[1],"tags":[],"ppma_author":[289],"class_list":["post-129978","post","type-post","status-publish","format-standard","hentry","category-uncategorized"],"authors":[{"term_id":289,"user_id":665,"is_guest":0,"slug":"line","display_name":"Line Edmond","avatar_url":"https:\/\/secure.gravatar.com\/avatar\/852de09636413c90cdaa278312f9ea5bc4396768745424755cb63d99a05989d0?s=96&d=mm&r=g","0":null,"1":"","2":"","3":"","4":"","5":"","6":"","7":"","8":""}],"_links":{"self":[{"href":"https:\/\/www.jdx.info\/lutte\/wp-json\/wp\/v2\/posts\/129978","targetHints":{"allow":["GET"]}}],"collection":[{"href":"https:\/\/www.jdx.info\/lutte\/wp-json\/wp\/v2\/posts"}],"about":[{"href":"https:\/\/www.jdx.info\/lutte\/wp-json\/wp\/v2\/types\/post"}],"author":[{"embeddable":true,"href":"https:\/\/www.jdx.info\/lutte\/wp-json\/wp\/v2\/users\/665"}],"replies":[{"embeddable":true,"href":"https:\/\/www.jdx.info\/lutte\/wp-json\/wp\/v2\/comments?post=129978"}],"version-history":[{"count":1,"href":"https:\/\/www.jdx.info\/lutte\/wp-json\/wp\/v2\/posts\/129978\/revisions"}],"predecessor-version":[{"id":129979,"href":"https:\/\/www.jdx.info\/lutte\/wp-json\/wp\/v2\/posts\/129978\/revisions\/129979"}],"wp:attachment":[{"href":"https:\/\/www.jdx.info\/lutte\/wp-json\/wp\/v2\/media?parent=129978"}],"wp:term":[{"taxonomy":"category","embeddable":true,"href":"https:\/\/www.jdx.info\/lutte\/wp-json\/wp\/v2\/categories?post=129978"},{"taxonomy":"post_tag","embeddable":true,"href":"https:\/\/www.jdx.info\/lutte\/wp-json\/wp\/v2\/tags?post=129978"},{"taxonomy":"author","embeddable":true,"href":"https:\/\/www.jdx.info\/lutte\/wp-json\/wp\/v2\/ppma_author?post=129978"}],"curies":[{"name":"wp","href":"https:\/\/api.w.org\/{rel}","templated":true}]}}