{"id":129950,"date":"2026-03-12T13:16:30","date_gmt":"2026-03-12T17:16:30","guid":{"rendered":"https:\/\/www.jdx.info\/lutte\/?p=129950"},"modified":"2026-03-12T13:16:30","modified_gmt":"2026-03-12T17:16:30","slug":"sarah-valhalla-rowe-sarah-logan-confirme-quelle-a-pris-sa-retraite-du-catch-professionnel","status":"publish","type":"post","link":"https:\/\/www.jdx.info\/lutte\/2026\/03\/12\/sarah-valhalla-rowe-sarah-logan-confirme-quelle-a-pris-sa-retraite-du-catch-professionnel\/","title":{"rendered":"Sarah \u00ab Valhalla \u00bb Rowe (Sarah Logan) confirme qu\u2019elle a pris sa retraite du catch professionnel"},"content":{"rendered":"\n<p>Une autre ancienne superstar de la WWE a officiellement cl\u00f4t\u00e9 sa carri\u00e8re sur le ring.<\/p>\n\n\n\n<p>L\u2019ancienne talentueuse de la WWE Sarah Rowe, connue des fans sous le nom de Sarah Logan puis de Valhalla aux c\u00f4t\u00e9s des Viking Raiders \u00e0 la WWE, a confirm\u00e9 qu\u2019elle en avait fini avec le catch professionnel.<\/p>\n\n\n\n<p>Rowe, qui a fait partie de l\u2019entreprise de 2014 \u00e0 2020 puis de nouveau de 2022 \u00e0 2025, a r\u00e9v\u00e9l\u00e9 dans le podcast&nbsp;<a href=\"https:\/\/youtu.be\/ZLejGm2F9Zw\" rel=\"noreferrer noopener\" target=\"_Blank\">Wise Traditions<\/a>&nbsp;qu\u2019elle s\u2019est pleinement adapt\u00e9e \u00e0 la vie de colonne et de m\u00e8re.<\/p>\n\n\n\n<p>En r\u00e9fl\u00e9chissant \u00e0 la fa\u00e7on dont tout avait commenc\u00e9, Rowe a admis qu\u2019elle n\u2019avait pas vraiment adopt\u00e9 ce changement de mode de vie.<\/p>\n\n\n\n<p>\u00ab Tr\u00e8s prudemment. Non, en fait, je me suis juste plong\u00e9 directement, pas du tout prudemment. Donc, quand le COVID est arriv\u00e9, ils ont laiss\u00e9 partir environ 150 catcheurs. J\u2019\u00e9tais l\u2019un de ces catcheurs \u00e0 l\u2019\u00e9poque qui ont \u00e9t\u00e9 licenci\u00e9s. Donc, mon mari a quand m\u00eame \u00e9t\u00e9 embauch\u00e9. J\u2019ai \u00e9t\u00e9 licenci\u00e9. Alors, on s\u2019est dit, faisons un b\u00e9b\u00e9 et voyons voir, j\u2019ai toujours voulu cultiver ma propre nourriture. Je viens d\u2019une famille d\u2019agriculteurs qui louaient des terres pour cultiver, mais c\u2019\u00e9tait tr\u00e8s similaire \u00e0 l\u2019agriculture traditionnelle, comme tous les Angus rouges nourris au ma\u00efs, tout \u00e7a. Et donc, je savais que je voulais revenir \u00e0 \u00e7a, mais je voulais faire les choses diff\u00e9remment parce que je sais ce que je sais. \u00bb<\/p>\n\n\n\n<p>Cette sortie inattendue s\u2019est av\u00e9r\u00e9e \u00eatre le catalyseur d\u2019une toute nouvelle direction dans la vie.<\/p>\n\n\n\n<p>Rowe a expliqu\u00e9 qu\u2019elle avait imm\u00e9diatement commenc\u00e9 \u00e0 envisager de lancer une ferme sur leur propri\u00e9t\u00e9.<\/p>\n\n\n\n<p>\u00ab Et le jour o\u00f9 j\u2019ai \u00e9t\u00e9 vir\u00e9, j\u2019ai commenc\u00e9 \u00e0 chercher pour ouvrir une ferme ici parce qu\u2019on avait la terre. On a achet\u00e9 un endroit avec environ 20 acres de champs agricoles. \u00bb<\/p>\n\n\n\n<p>Ce qui avait commenc\u00e9 avec le ma\u00efs s\u2019est rapidement \u00e9tendu. Selon Rowe, la ferme s\u2019est d\u00e9velopp\u00e9e pour inclure du foin, des vaches et m\u00eame des vaches des Highlands, car elle et sa famille se sont pleinement investis dans ce mode de vie.<\/p>\n\n\n\n<p>La femme de 32 ans s\u2019est \u00e9galement confi\u00e9e sur le temps qu\u2019elle pensait \u00e0 la vie au-del\u00e0 de la lutte. Sur la route, l\u2019id\u00e9e de devenir \u00e0 la fois fermi\u00e8re et m\u00e8re semblait presque idyllique.<\/p>\n\n\n\n<p>\u00ab D\u2019accord, alors quand j\u2019\u00e9tais sur la route et que je pensais \u00e0 devenir m\u00e8re et fermi\u00e8re, tu te dis, waouh, \u00e7a a l\u2019air tellement paisible. Genre et si je ne veux jamais revenir \u00e0 la lutte ? Et si je voulais juste rester \u00e0 la ferme ? Et une fois que c\u2019est arriv\u00e9 et une fois que j\u2019ai, parce que j\u2019ai \u00e9t\u00e9 vir\u00e9e, j\u2019ai eu un b\u00e9b\u00e9, j\u2019ai \u00e9t\u00e9 r\u00e9embauch\u00e9e et donc j\u2019ai \u00e9t\u00e9 r\u00e9embauch\u00e9e et puis j\u2019ai simplement quitt\u00e9 l\u2019entreprise d\u00e9finitivement. Mon contrat vient d\u2019expirer le 5 et je ne le renouvellerai pas,\u00a0\u00bb a ajout\u00e9 Rowe.<\/p>\n\n\n\n<p>Cela scella officiellement son d\u00e9part.<\/p>\n\n\n\n<p>Pourtant, la transition n\u2019a pas \u00e9t\u00e9 sans d\u00e9fis. Apr\u00e8s des ann\u00e9es de mode de vie effr\u00e9n\u00e9 dans la lutte, s\u2019adapter \u00e0 la paix s\u2019est av\u00e9r\u00e9 plus difficile que pr\u00e9vu.<\/p>\n\n\n\n<p>\u00ab Donc, au d\u00e9but, je me disais, je ne veux pas revenir \u00e0 la lutte. Peut-\u00eatre que je veux juste d\u00e9marrer une ferme et \u00eatre fermi\u00e8re et m\u00e8re. Et une fois cela arriv\u00e9, mon corps n\u2019\u00e9tait pas habitu\u00e9 \u00e0 cette paix. Et j\u2019avais peur de \u00e7a. Et je n\u2019ai jamais, je n\u2019ai jamais eu l\u2019impression d\u2019en faire assez. \u00bb<\/p>\n\n\n\n<p>Rowe a \u00e9galement \u00e9voqu\u00e9 les diff\u00e9rences entre son \u00e9ducation et celle de son mari, notant la diversit\u00e9 de leurs perspectives sur les r\u00f4les familiaux. Issue d\u2019un foyer avec deux parents travailleurs et des difficult\u00e9s diff\u00e9rentes, elle a d\u00fb s\u2019adapter \u00e0 un nouveau rythme de vie centr\u00e9 sur la maison et la terre.<\/p>\n\n\n\n<p>Finalement, elle a confirm\u00e9 que son chapitre sur le ring \u00e9tait officiellement termin\u00e9.<\/p>\n\n\n\n<p>\u00ab \u00c9videmment, j\u2019ai quitt\u00e9 la lutte pour me concentrer uniquement sur ces choses. Et j\u2019essaie vraiment de cultiver un environnement o\u00f9 tout ce qui vit sur ma ferme est nourri et pris en charge de la vie \u00e0 la mort. \u00bb<\/p>\n\n\n\n<p>Avec son contrat expir\u00e9 et sans intention de revenir, Rowe s\u2019est compl\u00e8tement \u00e9loign\u00e9e du catch professionnel pour se concentrer sur la foi, la famille et l\u2019agriculture.<\/p>\n\n\n\n<p>(video<\/p>\n\n\n\n<p>wrestlingheadlines.com\/sarah-valhalla-rowe-sarah-logan-confirms-she-has-retired-from-pro-wrestling\/<\/p>\n<p><\/p>","protected":false},"excerpt":{"rendered":"<p>Une autre ancienne superstar de la WWE a officiellement cl\u00f4t\u00e9 sa carri\u00e8re sur le ring. L\u2019ancienne talentueuse de la WWE Sarah Rowe, connue des fans sous le nom de Sarah Logan puis de Valhalla aux c\u00f4t\u00e9s des Viking Raiders \u00e0 la WWE, a confirm\u00e9 qu\u2019elle en avait fini avec le catch professionnel. Rowe, qui a&#8230;<\/p>\n","protected":false},"author":665,"featured_media":0,"comment_status":"open","ping_status":"closed","sticky":false,"template":"","format":"standard","meta":{"footnotes":""},"categories":[1],"tags":[],"ppma_author":[289],"class_list":["post-129950","post","type-post","status-publish","format-standard","hentry","category-uncategorized"],"authors":[{"term_id":289,"user_id":665,"is_guest":0,"slug":"line","display_name":"Line Edmond","avatar_url":"https:\/\/secure.gravatar.com\/avatar\/852de09636413c90cdaa278312f9ea5bc4396768745424755cb63d99a05989d0?s=96&d=mm&r=g","0":null,"1":"","2":"","3":"","4":"","5":"","6":"","7":"","8":""}],"_links":{"self":[{"href":"https:\/\/www.jdx.info\/lutte\/wp-json\/wp\/v2\/posts\/129950","targetHints":{"allow":["GET"]}}],"collection":[{"href":"https:\/\/www.jdx.info\/lutte\/wp-json\/wp\/v2\/posts"}],"about":[{"href":"https:\/\/www.jdx.info\/lutte\/wp-json\/wp\/v2\/types\/post"}],"author":[{"embeddable":true,"href":"https:\/\/www.jdx.info\/lutte\/wp-json\/wp\/v2\/users\/665"}],"replies":[{"embeddable":true,"href":"https:\/\/www.jdx.info\/lutte\/wp-json\/wp\/v2\/comments?post=129950"}],"version-history":[{"count":1,"href":"https:\/\/www.jdx.info\/lutte\/wp-json\/wp\/v2\/posts\/129950\/revisions"}],"predecessor-version":[{"id":129951,"href":"https:\/\/www.jdx.info\/lutte\/wp-json\/wp\/v2\/posts\/129950\/revisions\/129951"}],"wp:attachment":[{"href":"https:\/\/www.jdx.info\/lutte\/wp-json\/wp\/v2\/media?parent=129950"}],"wp:term":[{"taxonomy":"category","embeddable":true,"href":"https:\/\/www.jdx.info\/lutte\/wp-json\/wp\/v2\/categories?post=129950"},{"taxonomy":"post_tag","embeddable":true,"href":"https:\/\/www.jdx.info\/lutte\/wp-json\/wp\/v2\/tags?post=129950"},{"taxonomy":"author","embeddable":true,"href":"https:\/\/www.jdx.info\/lutte\/wp-json\/wp\/v2\/ppma_author?post=129950"}],"curies":[{"name":"wp","href":"https:\/\/api.w.org\/{rel}","templated":true}]}}