{"id":129888,"date":"2026-03-12T13:16:30","date_gmt":"2026-03-12T17:16:30","guid":{"rendered":"https:\/\/www.jdx.info\/lutte\/?p=129888"},"modified":"2026-03-12T13:16:30","modified_gmt":"2026-03-12T17:16:30","slug":"actualites-en-coulisses-sur-la-surprise-daj-styles-par-la-wwe-avec-lannonce-de-son-intronisation-au-hall-of-fame-de-la-wwe","status":"publish","type":"post","link":"https:\/\/www.jdx.info\/lutte\/2026\/03\/12\/actualites-en-coulisses-sur-la-surprise-daj-styles-par-la-wwe-avec-lannonce-de-son-intronisation-au-hall-of-fame-de-la-wwe\/","title":{"rendered":"Actualit\u00e9s en coulisses sur la surprise d\u2019AJ Styles par la WWE avec l\u2019annonce de son intronisation au Hall of Fame de la WWE"},"content":{"rendered":"\n<p>La WWE a offert une surprise \u00ab ph\u00e9nom\u00e9nale \u00bb lundi soir.<\/p>\n\n\n\n<p>Les derniers instants du WWE Raw de lundi ont offert un adieu \u00e9mouvant \u00e0 Styles, mais ce qui s\u2019est pass\u00e9 apr\u00e8s son discours \u00e9tait quelque chose auquel m\u00eame lui ne s\u2019attendait pas.<\/p>\n\n\n\n<p>Apr\u00e8s que \u00ab The Phenomenal One \u00bb ait d\u00e9pos\u00e9 sa veste et ses gants sur le ring suite \u00e0 son discours de retraite, les lumi\u00e8res de l\u2019ar\u00e8ne ont chang\u00e9 et The Undertaker est sorti.<\/p>\n\n\n\n<p>Ce qui semblait d\u2019abord \u00eatre un nouvel hommage s\u2019est rapidement transform\u00e9 en quelque chose de bien plus grand,&nbsp;<a href=\"https:\/\/wrestlingheadlines.com\/newest-inductee-into-2026-class-of-wwe-hall-of-fame-announced\/\">alors qu\u2019Undertaker annon\u00e7ait Styles qu\u2019il serait intronis\u00e9 au Hall of Fame de la WWE<\/a>.<\/p>\n\n\n\n<p>Selon Bryan Alvarez de&nbsp;<a href=\"https:\/\/f4wonline.com\/\" rel=\"noreferrer noopener\" target=\"_Blank\">F4WOnline.com<\/a>, le moment \u00e9tait totalement l\u00e9gitime.<\/p>\n\n\n\n<p>\u00ab Toute cette histoire \u00e0 la fin avec l\u2019Undertaker et l\u2019annonce du Hall of Fame a \u00e9t\u00e9 une v\u00e9ritable surprise pour AJ \u00bb, a-t-il \u00e9crit. \u00ab Ceux qu\u2019ils n\u2019ont pas remarqu\u00e9s. \u00bb<\/p>\n\n\n\n<p>L\u2019\u00e9pisode de WWE Raw \u00e0 Atlanta \u00e9tait centr\u00e9 sur la c\u00e9l\u00e9bration de la carri\u00e8re de Styles. Sa performance sur le ring a officiellement pris fin au Royal Rumble le mois dernier, o\u00f9 il a \u00e9t\u00e9 battu par Gunther lors de son dernier match.<\/p>\n\n\n\n<p>La c\u00e9r\u00e9monie du WWE Hall of Fame a lieu pendant la semaine de WrestleMania \u00e0 Las Vegas, NV. en avril. La seule autre intronis\u00e9e officiellement annonc\u00e9e est Stephanie McMahon.<\/p>\n\n\n\n<p>wrestlingheadlines.com\/backstage-news-on-wwe-surprising-aj-styles-with-wwe-hall-of-fame-induction-announcement\/<\/p>\n<p><\/p>","protected":false},"excerpt":{"rendered":"<p>La WWE a offert une surprise \u00ab ph\u00e9nom\u00e9nale \u00bb lundi soir. Les derniers instants du WWE Raw de lundi ont offert un adieu \u00e9mouvant \u00e0 Styles, mais ce qui s\u2019est pass\u00e9 apr\u00e8s son discours \u00e9tait quelque chose auquel m\u00eame lui ne s\u2019attendait pas. Apr\u00e8s que \u00ab The Phenomenal One \u00bb ait d\u00e9pos\u00e9 sa veste et&#8230;<\/p>\n","protected":false},"author":665,"featured_media":0,"comment_status":"open","ping_status":"closed","sticky":false,"template":"","format":"standard","meta":{"footnotes":""},"categories":[1],"tags":[],"ppma_author":[289],"class_list":["post-129888","post","type-post","status-publish","format-standard","hentry","category-uncategorized"],"authors":[{"term_id":289,"user_id":665,"is_guest":0,"slug":"line","display_name":"Line Edmond","avatar_url":"https:\/\/secure.gravatar.com\/avatar\/852de09636413c90cdaa278312f9ea5bc4396768745424755cb63d99a05989d0?s=96&d=mm&r=g","0":null,"1":"","2":"","3":"","4":"","5":"","6":"","7":"","8":""}],"_links":{"self":[{"href":"https:\/\/www.jdx.info\/lutte\/wp-json\/wp\/v2\/posts\/129888","targetHints":{"allow":["GET"]}}],"collection":[{"href":"https:\/\/www.jdx.info\/lutte\/wp-json\/wp\/v2\/posts"}],"about":[{"href":"https:\/\/www.jdx.info\/lutte\/wp-json\/wp\/v2\/types\/post"}],"author":[{"embeddable":true,"href":"https:\/\/www.jdx.info\/lutte\/wp-json\/wp\/v2\/users\/665"}],"replies":[{"embeddable":true,"href":"https:\/\/www.jdx.info\/lutte\/wp-json\/wp\/v2\/comments?post=129888"}],"version-history":[{"count":1,"href":"https:\/\/www.jdx.info\/lutte\/wp-json\/wp\/v2\/posts\/129888\/revisions"}],"predecessor-version":[{"id":129889,"href":"https:\/\/www.jdx.info\/lutte\/wp-json\/wp\/v2\/posts\/129888\/revisions\/129889"}],"wp:attachment":[{"href":"https:\/\/www.jdx.info\/lutte\/wp-json\/wp\/v2\/media?parent=129888"}],"wp:term":[{"taxonomy":"category","embeddable":true,"href":"https:\/\/www.jdx.info\/lutte\/wp-json\/wp\/v2\/categories?post=129888"},{"taxonomy":"post_tag","embeddable":true,"href":"https:\/\/www.jdx.info\/lutte\/wp-json\/wp\/v2\/tags?post=129888"},{"taxonomy":"author","embeddable":true,"href":"https:\/\/www.jdx.info\/lutte\/wp-json\/wp\/v2\/ppma_author?post=129888"}],"curies":[{"name":"wp","href":"https:\/\/api.w.org\/{rel}","templated":true}]}}