{"id":129836,"date":"2026-03-12T13:16:30","date_gmt":"2026-03-12T17:16:30","guid":{"rendered":"https:\/\/www.jdx.info\/lutte\/?p=129836"},"modified":"2026-03-12T13:16:30","modified_gmt":"2026-03-12T17:16:30","slug":"backstage-news-sur-la-wwe-qui-pourrait-changer-le-personnage-de-lyra-valkyria-a-lapproche-de-wrestlemania-42","status":"publish","type":"post","link":"https:\/\/www.jdx.info\/lutte\/2026\/03\/12\/backstage-news-sur-la-wwe-qui-pourrait-changer-le-personnage-de-lyra-valkyria-a-lapproche-de-wrestlemania-42\/","title":{"rendered":"Backstage News sur la WWE qui pourrait changer le personnage de Lyra Valkyria \u00e0 l\u2019approche de WrestleMania 42"},"content":{"rendered":"\n<p>Un changement de personnage potentiel pourrait se profile \u00e0 l\u2019horizon pour Lyra Valkyria \u00e0 l\u2019approche de la saison de WrestleMania.<\/p>\n\n\n\n<p>Selon une source, des discussions cr\u00e9atives sont en cours au sein de la WWE concernant un possible changement de direction pour Valkyria avant WrestleMania 42. L\u2019id\u00e9e \u00e9voqu\u00e9e, selon les rumeurs, donnerait \u00e0 son personnage une dimension plus agressive.<\/p>\n\n\n\n<p>Ce changement propos\u00e9 provient de la frustration croissante partag\u00e9e par Valkyria et Bayley d\u2019\u00eatre n\u00e9glig\u00e9e dans leur qu\u00eate du championnat par \u00e9quipe f\u00e9minine WWE. On pense que les revers persistants pourraient servir de catalyseur \u00e0 une pr\u00e9sentation plus intense \u00e0 l\u2019avenir.<\/p>\n\n\n\n<p>\u00c0 ce stade, il reste incertain \u00e0 quel point ces discussions sont avanc\u00e9es ni quand une \u00e9volution potentielle des personnages pourrait se d\u00e9rouler \u00e0 la t\u00e9l\u00e9vision. Plus de d\u00e9tails sont attendus d\u00e8s qu\u2019ils seront disponibles.<\/p>\n\n\n\n<p>Valkyria est alli\u00e9e \u00e0 Bayley depuis octobre dernier et les deux ont \u00e9galement travaill\u00e9 ensemble avant WrestleMania 41. Leur partenariat a \u00e9t\u00e9 une partie constante de la division f\u00e9minine du WWE Monday Night Raw ces derniers mois.<\/p>\n\n\n\n<p>Fait int\u00e9ressant, Valkyria a r\u00e9cemment parl\u00e9 de sa dynamique \u00e0 l\u2019\u00e9cran avec Bayley (voir vid\u00e9o ci-dessous), notant que Bayley fait ressortir son c\u00f4t\u00e9 \u00ab idiot \u00bb, un commentaire qui laissait entrevoir l\u2019\u00e9nergie amusante et chaotique derri\u00e8re leur couple. Reste \u00e0 voir si ce ton \u00e9voluera vers quelque chose de plus s\u00e9rieux en 2026.<\/p>\n\n\n\n<p>(video<\/p>\n\n\n\n<p>wrestlingheadlines.com\/backstage-news-on-wwe-possibly-changing-lyra-valkyrias-character-heading-into-wrestlemania-42\/<\/p>\n<p><\/p>","protected":false},"excerpt":{"rendered":"<p>Un changement de personnage potentiel pourrait se profile \u00e0 l\u2019horizon pour Lyra Valkyria \u00e0 l\u2019approche de la saison de WrestleMania. Selon une source, des discussions cr\u00e9atives sont en cours au sein de la WWE concernant un possible changement de direction pour Valkyria avant WrestleMania 42. L\u2019id\u00e9e \u00e9voqu\u00e9e, selon les rumeurs, donnerait \u00e0 son personnage une&#8230;<\/p>\n","protected":false},"author":665,"featured_media":0,"comment_status":"open","ping_status":"closed","sticky":false,"template":"","format":"standard","meta":{"footnotes":""},"categories":[1],"tags":[],"ppma_author":[289],"class_list":["post-129836","post","type-post","status-publish","format-standard","hentry","category-uncategorized"],"authors":[{"term_id":289,"user_id":665,"is_guest":0,"slug":"line","display_name":"Line Edmond","avatar_url":"https:\/\/secure.gravatar.com\/avatar\/852de09636413c90cdaa278312f9ea5bc4396768745424755cb63d99a05989d0?s=96&d=mm&r=g","0":null,"1":"","2":"","3":"","4":"","5":"","6":"","7":"","8":""}],"_links":{"self":[{"href":"https:\/\/www.jdx.info\/lutte\/wp-json\/wp\/v2\/posts\/129836","targetHints":{"allow":["GET"]}}],"collection":[{"href":"https:\/\/www.jdx.info\/lutte\/wp-json\/wp\/v2\/posts"}],"about":[{"href":"https:\/\/www.jdx.info\/lutte\/wp-json\/wp\/v2\/types\/post"}],"author":[{"embeddable":true,"href":"https:\/\/www.jdx.info\/lutte\/wp-json\/wp\/v2\/users\/665"}],"replies":[{"embeddable":true,"href":"https:\/\/www.jdx.info\/lutte\/wp-json\/wp\/v2\/comments?post=129836"}],"version-history":[{"count":1,"href":"https:\/\/www.jdx.info\/lutte\/wp-json\/wp\/v2\/posts\/129836\/revisions"}],"predecessor-version":[{"id":129837,"href":"https:\/\/www.jdx.info\/lutte\/wp-json\/wp\/v2\/posts\/129836\/revisions\/129837"}],"wp:attachment":[{"href":"https:\/\/www.jdx.info\/lutte\/wp-json\/wp\/v2\/media?parent=129836"}],"wp:term":[{"taxonomy":"category","embeddable":true,"href":"https:\/\/www.jdx.info\/lutte\/wp-json\/wp\/v2\/categories?post=129836"},{"taxonomy":"post_tag","embeddable":true,"href":"https:\/\/www.jdx.info\/lutte\/wp-json\/wp\/v2\/tags?post=129836"},{"taxonomy":"author","embeddable":true,"href":"https:\/\/www.jdx.info\/lutte\/wp-json\/wp\/v2\/ppma_author?post=129836"}],"curies":[{"name":"wp","href":"https:\/\/api.w.org\/{rel}","templated":true}]}}