{"id":129780,"date":"2026-03-12T13:16:30","date_gmt":"2026-03-12T17:16:30","guid":{"rendered":"https:\/\/www.jdx.info\/lutte\/?p=129780"},"modified":"2026-03-12T13:16:30","modified_gmt":"2026-03-12T17:16:30","slug":"liv-morgan-sadresse-a-crying-dans-un-segment-promo-du-16-fevrier-de-wwe-raw","status":"publish","type":"post","link":"https:\/\/www.jdx.info\/lutte\/2026\/03\/12\/liv-morgan-sadresse-a-crying-dans-un-segment-promo-du-16-fevrier-de-wwe-raw\/","title":{"rendered":"Liv Morgan s\u2019adresse \u00e0 Crying dans un segment promo du 16 f\u00e9vrier de WWE Raw"},"content":{"rendered":"\n<p>Liv Morgan remet la v\u00e9rit\u00e9 \u00e0 l\u2019\u00e9vidence.<\/p>\n\n\n\n<p>Lors de l\u2019\u00e9pisode du 16 f\u00e9vrier de WWE Monday Night Raw, Morgan s\u2019est assise pour un segment tendu en face \u00e0 face avec Stephanie Vaquer, avec Dominik Mysterio servant de traducteur espagnol de Morgan. \u00c0 un moment du segment, Morgan semblait visiblement \u00e9mue, les larmes aux yeux alors que les paroles de Vaquer lui \u00e9taient transmises.<\/p>\n\n\n\n<p>Naturellement, les fans ont suppos\u00e9 que ce moment avait touch\u00e9 une corde sensible.<\/p>\n\n\n\n<p>Mais selon Morgan, il y avait une autre raison \u00e0 ces larmes qui s\u2019installent.<\/p>\n\n\n\n<p>Dans une nouvelle interview accord\u00e9e \u00e0&nbsp;<a href=\"https:\/\/www.youtube.com\/watch?v=GaAltMseUqU\" rel=\"noreferrer noopener\" target=\"_Blank\">Going Ringside de News4Jax<\/a>&nbsp;(voir la vid\u00e9o ci-dessous), Morgan a expliqu\u00e9 que sa r\u00e9action n\u2019avait rien \u00e0 voir avec ce que Vaquer a dit, mais tout \u00e0 voir avec une malheureuse rencontre avec des d\u00e9bris a\u00e9riens.<\/p>\n\n\n\n<p>\u00ab Heureusement, j\u2019avais Papa Dom pour me traduire, tu sais, ce qui m\u2019a un peu plus fait mal d\u2019entendre ces mots sortir de la voix de Dominik, \u00bb dit Morgan.<\/p>\n\n\n\n<p>Elle a ensuite clarifi\u00e9 ce qui s\u2019\u00e9tait r\u00e9ellement pass\u00e9.<\/p>\n\n\n\n<p>\u00ab Mais, tu sais, honn\u00eatement, j\u2019ai eu, je ne sais pas si tu pouvais le voir \u00e0 la cam\u00e9ra, mais comme un \u00e9norme morceau de poussi\u00e8re est tomb\u00e9 dans mon \u0153il. Un \u00e9norme morceau de poussi\u00e8re m\u2019est entr\u00e9 dans l\u2019\u0153il et je me suis dit : waouh. C\u2019est donc de l\u00e0 que sont venues les larmes. On aurait dit que je pleurais \u00e0 ce qu\u2019elle disait, mais cette \u00e9norme particule de poussi\u00e8re m\u2019a frapp\u00e9 au visage. \u00bb<\/p>\n\n\n\n<p>Liv Morgan doit appara\u00eetre lundi au WWE Raw pour d\u00e9cider \u00e0 WrestleMania 42 le titre qu\u2019elle va conqu\u00e9rir. Apr\u00e8s avoir remport\u00e9 le Royal Rumble 2026, Morgan a obtenu le droit de d\u00e9fier soit la championne f\u00e9minine de la WWE, Jade Cargill, soit la championne du monde f\u00e9minine de la WWE, Stephanie Vaquer.<\/p>\n\n\n\n<p>N\u2019oubliez pas de nous rejoindre ici \u00e0 WrestlingHeadlines.com chaque lundi soir \u00e0 20\/19h (heure du Capital) pour la couverture en direct&nbsp;<a href=\"https:\/\/www.wrestlingheadlines.com\/results\/raw\">des r\u00e9sultats WWE Raw<\/a>.<\/p>\n\n\n\n<p>(video<\/p>\n\n\n\n<p>wrestlingheadlines.com\/liv-morgan-addresses-crying-in-promo-segment-on-february-16-episode-of-wwe-raw\/<\/p>\n<p><\/p>","protected":false},"excerpt":{"rendered":"<p>Liv Morgan remet la v\u00e9rit\u00e9 \u00e0 l\u2019\u00e9vidence. Lors de l\u2019\u00e9pisode du 16 f\u00e9vrier de WWE Monday Night Raw, Morgan s\u2019est assise pour un segment tendu en face \u00e0 face avec Stephanie Vaquer, avec Dominik Mysterio servant de traducteur espagnol de Morgan. \u00c0 un moment du segment, Morgan semblait visiblement \u00e9mue, les larmes aux yeux alors&#8230;<\/p>\n","protected":false},"author":665,"featured_media":0,"comment_status":"open","ping_status":"closed","sticky":false,"template":"","format":"standard","meta":{"footnotes":""},"categories":[1],"tags":[],"ppma_author":[289],"class_list":["post-129780","post","type-post","status-publish","format-standard","hentry","category-uncategorized"],"authors":[{"term_id":289,"user_id":665,"is_guest":0,"slug":"line","display_name":"Line Edmond","avatar_url":"https:\/\/secure.gravatar.com\/avatar\/852de09636413c90cdaa278312f9ea5bc4396768745424755cb63d99a05989d0?s=96&d=mm&r=g","0":null,"1":"","2":"","3":"","4":"","5":"","6":"","7":"","8":""}],"_links":{"self":[{"href":"https:\/\/www.jdx.info\/lutte\/wp-json\/wp\/v2\/posts\/129780","targetHints":{"allow":["GET"]}}],"collection":[{"href":"https:\/\/www.jdx.info\/lutte\/wp-json\/wp\/v2\/posts"}],"about":[{"href":"https:\/\/www.jdx.info\/lutte\/wp-json\/wp\/v2\/types\/post"}],"author":[{"embeddable":true,"href":"https:\/\/www.jdx.info\/lutte\/wp-json\/wp\/v2\/users\/665"}],"replies":[{"embeddable":true,"href":"https:\/\/www.jdx.info\/lutte\/wp-json\/wp\/v2\/comments?post=129780"}],"version-history":[{"count":1,"href":"https:\/\/www.jdx.info\/lutte\/wp-json\/wp\/v2\/posts\/129780\/revisions"}],"predecessor-version":[{"id":129781,"href":"https:\/\/www.jdx.info\/lutte\/wp-json\/wp\/v2\/posts\/129780\/revisions\/129781"}],"wp:attachment":[{"href":"https:\/\/www.jdx.info\/lutte\/wp-json\/wp\/v2\/media?parent=129780"}],"wp:term":[{"taxonomy":"category","embeddable":true,"href":"https:\/\/www.jdx.info\/lutte\/wp-json\/wp\/v2\/categories?post=129780"},{"taxonomy":"post_tag","embeddable":true,"href":"https:\/\/www.jdx.info\/lutte\/wp-json\/wp\/v2\/tags?post=129780"},{"taxonomy":"author","embeddable":true,"href":"https:\/\/www.jdx.info\/lutte\/wp-json\/wp\/v2\/ppma_author?post=129780"}],"curies":[{"name":"wp","href":"https:\/\/api.w.org\/{rel}","templated":true}]}}