{"id":129751,"date":"2026-03-09T14:06:09","date_gmt":"2026-03-09T18:06:09","guid":{"rendered":"https:\/\/www.jdx.info\/lutte\/?p=129751"},"modified":"2026-03-09T14:06:09","modified_gmt":"2026-03-09T18:06:09","slug":"aj-styles-revele-des-temps-difficiles-passes-avec-cm-punk-expliquant-pourquoi-il-na-pas-pris-sa-retraite-a-wrestlemania","status":"publish","type":"post","link":"https:\/\/www.jdx.info\/lutte\/2026\/03\/09\/aj-styles-revele-des-temps-difficiles-passes-avec-cm-punk-expliquant-pourquoi-il-na-pas-pris-sa-retraite-a-wrestlemania\/","title":{"rendered":"AJ Styles r\u00e9v\u00e8le des \u00ab temps difficiles \u00bb pass\u00e9s avec CM Punk, expliquant pourquoi il n\u2019a pas pris sa retraite \u00e0 WrestleMania"},"content":{"rendered":"\n<p>Comme mentionn\u00e9,&nbsp;<a href=\"https:\/\/wrestlingheadlines.com\/wwe-releases-special-22-minute-behind-the-scenes-vlog-looking-at-aj-styles-farewell-tour\/\">la WWE a publi\u00e9 vendredi un vlog sp\u00e9cial AJ Styles Farewell Tour<\/a>&nbsp;via la cha\u00eene YouTube officielle de&nbsp;<a href=\"https:\/\/nym2-ib.adnxs.com\/click2?e=wqT_3QKgAfCBoAAAAAMAxBkFAQiRtuLMBhCX5bDy-77at1AYxPfun8iOuIRcIIDbvREo_3swtV444wNAy6zCdUjd_rgBUABaA1VTRGIDRVVSaAFwAXjGzNwBgAEAiAEBkAECmAEFoAECqQFNgOLqKCXQP7EB-SZ78QCtzj-5AQAAAEAK1xBAwQH5JgkUBMkBESg02AEA4AEA8AHCjQT4AQA.\/s=1c4fa88bfb63bc9950c797678cf94ab1f249bf43\/bcr=AAAAAAAA8D8=\/pp=${AUCTION_PRICE}\/bn=0\/clickenc=https%3A%2F%2Fwww.bing.com%2Faclick%3Fld%3De8fCbB881IL5MbVtsC_YG9TjVUCUyX4zlqTs5nAWuqMlCuvGiJnMRWlSyMCd4UMrZCNZIL2hnVTeykbX_SdFquksrfg-GmL-qH5G32oyvCrdKVXM-ls7r2KkJqionZpzB7YyWfKcMFxDyGsfwsOqTK0l8RIk69fFYywpsF40qTdiL-KAvutNYNcpPeFxfInNDL-m9TccLDn5gldQges7wo21sJ5V8%26u%3DaHR0cHMlM2ElMmYlMmZhcmVwYWlyLmNhJTJmZnIlMmZtb250cmVhbC1mcmVlemVyLXJlcGFpciUyZiUzZm1zY2xraWQlM2Q3MDg1NTBkNTI2ODExZmE0Yzg2YzM5NGRiZDkzMDM0YiUyNnV0bV9zb3VyY2UlM2RiaW5nJTI2dXRtX21lZGl1bSUzZGNwYyUyNnV0bV9jYW1wYWlnbiUzZE1vbnRyZWFsJTI1MjBTZWFyY2glMjUyMENhbXBhaWduJTI1MjAoRlIpXyUyNnV0bV90ZXJtJTNkcmVwYXJlciUyNTIwdGlyb2lyJTI1MjBjb25nZWxhdGV1ciUyNnV0bV9jb250ZW50JTNkRnJlZXplcg%26rlid%3D708550d526811fa4c86c394dbd93034b\" target=\"_blank\" rel=\"noreferrer noopener\">La soci\u00e9t\u00e9<\/a>.<\/p>\n\n\n\n<p>Avant l\u2019hommage \u00e0 AJ Styles lors du WWE Raw de lundi sur Netflix depuis la State Farm Arena \u00e0 Atlanta, GA, le vlog de 22 minutes revient sur les moments cl\u00e9s et les moments forts des derni\u00e8res apparitions \u00e0 la WWE de \u00ab The Phenomenal One \u00bb.<\/p>\n\n\n\n<p>Pendant le vlog, Styles a parl\u00e9 des \u00ab moments difficiles \u00bb pass\u00e9s avec CM Punk et a expliqu\u00e9 pourquoi il n\u2019a pas pris sa retraite \u00e0 WrestleMania 41.<\/p>\n\n\n\n<p>Voici quelques points forts du vlog o\u00f9 il aborde ces sujets avec ses r\u00e9flexions.<\/p>\n\n\n\n<p><strong>Sur les \u00ab temps difficiles \u00bb pass\u00e9s avec CM Punk :<\/strong>&nbsp;\u00ab Je ne pense pas qu\u2019il comprenne \u00e0 quel point \u00e7a compte pour moi parce qu\u2019on a travers\u00e9 des moments difficiles, lui et moi. \u00c7a m\u2019a vraiment d\u00e9rang\u00e9 parce qu\u2019on \u00e9tait si proches \u00e0 un moment donn\u00e9. Ensuite, tu t\u2019es retrouv\u00e9 emport\u00e9 dans tes bulles et ce genre de choses, des malentendus. C\u2019est nul. Nous sommes la preuve vivante que vivre et apprendre, oublier, pardonner, avancer, la vie est trop courte pour \u00eatre en col\u00e8re l\u2019un contre l\u2019autre pour des b\u00eatises. Punk et moi ne pensons pas beaucoup de la m\u00eame chose, mais \u00e7a ne nous s\u00e9pare pas du fait d\u2019\u00eatre amis et d\u2019\u00eatre reconnaissants l\u2019un envers l\u2019autre. C\u2019est tellement stupide de vivre comme \u00e7a, j\u2019aimerais que tout le monde puisse comprendre \u00e7a. Nous allons avoir des diff\u00e9rends, nous ne serons pas d\u2019accord sur tout, mais nous pouvons nous mettre d\u2019accord pour rester civilis\u00e9s. Nous avons tous les deux dit des choses dans le pass\u00e9 que nous aimerions pouvoir reprendre. Cela dit, je suis tellement reconnaissant pour ce match ce soir. Le Canada, de tous les endroits, \u00e9tait incroyable. \u00bb<\/p>\n\n\n\n<p><strong>Sur les plans initiaux de retraite \u00e0 WrestleMania 41 jusqu\u2019\u00e0 une blessure :<\/strong>&nbsp;\u00ab Tout le monde veut prendre sa retraite \u00e0 WrestleMania, le plus grand show de l\u2019ann\u00e9e que nous organisons. J\u2019allais faire exactement \u00e7a, mais je reviens d\u2019une blessure qui \u00e9tait cens\u00e9e me mettre \u00e0 la retraite. C\u2019est la plupart qui se retire. Une fois gu\u00e9ri et assez \u00e0 l\u2019aise pour courir et faire ce qu\u2019il fallait pour \u00eatre AJ Styles, \u00e7a ne me semblait plus juste de revenir deux mois juste pour prendre ma retraite. \u00c7a ne semblait pas juste et je me suis dit, quelle fa\u00e7on de pouvoir partir au pay-per-view o\u00f9 tu as fait ses d\u00e9buts. J\u2019esp\u00e8re qu\u2019\u00e0 la fin de ce match, je me l\u00e8verai sur mes deux pieds et je lancerai une derni\u00e8re fois le P1 que j\u2019avais sur mes gants, et je marcherai. \u00bb<\/p>\n\n\n\n<p>N\u2019oubliez pas de nous rejoindre ici \u00e0 WrestlingHeadlines.com lundi soir pour la couverture en direct&nbsp;<a href=\"https:\/\/www.wrestlingheadlines.com\/results\/raw\">des r\u00e9sultats WWE Raw<\/a>, y compris l\u2019hommage \u00e0 AJ Styles.<\/p>\n\n\n\n<p>(video   le m\u00eame<\/p>\n\n\n\n<p>wrestlingheadlines.com\/aj-styles-reveals-rough-times-in-the-past-with-cm-punk-explains-why-he-didnt-retire-at-wrestlemania\/<\/p>\n<p><\/p>","protected":false},"excerpt":{"rendered":"<p>Comme mentionn\u00e9,&nbsp;la WWE a publi\u00e9 vendredi un vlog sp\u00e9cial AJ Styles Farewell Tour&nbsp;via la cha\u00eene YouTube officielle de&nbsp;La soci\u00e9t\u00e9. Avant l\u2019hommage \u00e0 AJ Styles lors du WWE Raw de lundi sur Netflix depuis la State Farm Arena \u00e0 Atlanta, GA, le vlog de 22 minutes revient sur les moments cl\u00e9s et les moments forts des&#8230;<\/p>\n","protected":false},"author":665,"featured_media":0,"comment_status":"open","ping_status":"closed","sticky":false,"template":"","format":"standard","meta":{"footnotes":""},"categories":[1],"tags":[],"ppma_author":[289],"class_list":["post-129751","post","type-post","status-publish","format-standard","hentry","category-uncategorized"],"authors":[{"term_id":289,"user_id":665,"is_guest":0,"slug":"line","display_name":"Line Edmond","avatar_url":"https:\/\/secure.gravatar.com\/avatar\/852de09636413c90cdaa278312f9ea5bc4396768745424755cb63d99a05989d0?s=96&d=mm&r=g","0":null,"1":"","2":"","3":"","4":"","5":"","6":"","7":"","8":""}],"_links":{"self":[{"href":"https:\/\/www.jdx.info\/lutte\/wp-json\/wp\/v2\/posts\/129751","targetHints":{"allow":["GET"]}}],"collection":[{"href":"https:\/\/www.jdx.info\/lutte\/wp-json\/wp\/v2\/posts"}],"about":[{"href":"https:\/\/www.jdx.info\/lutte\/wp-json\/wp\/v2\/types\/post"}],"author":[{"embeddable":true,"href":"https:\/\/www.jdx.info\/lutte\/wp-json\/wp\/v2\/users\/665"}],"replies":[{"embeddable":true,"href":"https:\/\/www.jdx.info\/lutte\/wp-json\/wp\/v2\/comments?post=129751"}],"version-history":[{"count":1,"href":"https:\/\/www.jdx.info\/lutte\/wp-json\/wp\/v2\/posts\/129751\/revisions"}],"predecessor-version":[{"id":129752,"href":"https:\/\/www.jdx.info\/lutte\/wp-json\/wp\/v2\/posts\/129751\/revisions\/129752"}],"wp:attachment":[{"href":"https:\/\/www.jdx.info\/lutte\/wp-json\/wp\/v2\/media?parent=129751"}],"wp:term":[{"taxonomy":"category","embeddable":true,"href":"https:\/\/www.jdx.info\/lutte\/wp-json\/wp\/v2\/categories?post=129751"},{"taxonomy":"post_tag","embeddable":true,"href":"https:\/\/www.jdx.info\/lutte\/wp-json\/wp\/v2\/tags?post=129751"},{"taxonomy":"author","embeddable":true,"href":"https:\/\/www.jdx.info\/lutte\/wp-json\/wp\/v2\/ppma_author?post=129751"}],"curies":[{"name":"wp","href":"https:\/\/api.w.org\/{rel}","templated":true}]}}