{"id":129747,"date":"2026-03-09T14:06:09","date_gmt":"2026-03-09T18:06:09","guid":{"rendered":"https:\/\/www.jdx.info\/lutte\/?p=129747"},"modified":"2026-03-09T14:06:09","modified_gmt":"2026-03-09T18:06:09","slug":"la-wwe-publie-un-vlog-special-de-22-minutes-en-coulisses-sur-la-tournee-dadieu-daj-styles","status":"publish","type":"post","link":"https:\/\/www.jdx.info\/lutte\/2026\/03\/09\/la-wwe-publie-un-vlog-special-de-22-minutes-en-coulisses-sur-la-tournee-dadieu-daj-styles\/","title":{"rendered":"La WWE publie un vlog sp\u00e9cial de 22 minutes en coulisses sur la tourn\u00e9e d\u2019adieu d\u2019AJ Styles"},"content":{"rendered":"\n<p>AJ Styles a pris sa retraite de la WWE.<\/p>\n\n\n\n<p>Apr\u00e8s sa d\u00e9faite contre Gunther au WWE Royal Rumble : Riyadh, \u00ab The Phenomenal \u00bb a mis fin \u00e0 sa carri\u00e8re l\u00e9gendaire de catcheur.<\/p>\n\n\n\n<p>Lundi, la WWE rendra hommage \u00e0 AJ Styles avec un hommage sp\u00e9cial lors de leur \u00e9pisode hebdomadaire de Monday Night Raw sur Netflix, qui se diffuse depuis la State Farm Arena \u00e0 Atlanta, GA, pr\u00e8s de la ville natale de Styles.<\/p>\n\n\n\n<p>Avant le show, des\u00a0<a href=\"https:\/\/wrestlingheadlines.com\/backstage-news-on-aj-styles-being-seen-at-wwe-performance-center-ahead-of-2-23-raw-tribute\/\">rapports ont \u00e9t\u00e9 signal\u00e9s sur AJ Styles aper\u00e7us au WWE Performance Center<\/a> et m\u00eame des rapports sur des\u00a0<a href=\"https:\/\/wrestlingheadlines.com\/backstage-update-on-special-plans-for-aj-styles-tribute-on-february-23-wwe-raw-in-atlanta-ga\/\">projets sp\u00e9ciaux de la WWE pour l\u2019hommage du 23 f\u00e9vrier \u00e0 Atlanta<\/a>.<\/p>\n\n\n\n<p>Dans une autre mise \u00e0 jour, la WWE a publi\u00e9 un blog vid\u00e9o complet de plus de 22 minutes en coulisses via sa cha\u00eene YouTube officielle, qui revient sur les derniers jours de la carri\u00e8re l\u00e9gendaire de Styles \u00e0 la WWE.<\/p>\n\n\n\n<p>La description officielle de la vid\u00e9o, que vous pouvez regarder int\u00e9gralement via le lecteur multim\u00e9dia int\u00e9gr\u00e9 ci-dessous, se lit comme suit :<\/p>\n\n\n\n<blockquote class=\"wp-block-quote is-layout-flow wp-block-quote-is-layout-flow\">\n<h4 class=\"wp-block-heading\"><strong>Tourn\u00e9e d\u2019adieu d\u2019AJ Styles : VLOG WWE<\/strong><\/h4>\n\n\n\n<p>Obtenez un acc\u00e8s total \u00e0 AJ Styles pour les quatre derniers mois de sa carri\u00e8re, alors que The Phenomenal One se pr\u00e9pare pour Royal Rumble 2026.<\/p>\n<\/blockquote>\n\n\n\n<p>N\u2019oubliez pas de nous rejoindre ici \u00e0 WrestlingHeadlines.com lundi soir pour la couverture en direct&nbsp;<a href=\"https:\/\/www.wrestlingheadlines.com\/results\/raw\">des r\u00e9sultats WWE Raw<\/a>, y compris l\u2019hommage \u00e0 AJ Styles.<\/p>\n\n\n\n<p>(video<\/p>\n\n\n\n<p>wrestlingheadlines.com\/wwe-releases-special-22-minute-behind-the-scenes-vlog-looking-at-aj-styles-farewell-tour\/<\/p>\n<p><\/p>","protected":false},"excerpt":{"rendered":"<p>AJ Styles a pris sa retraite de la WWE. Apr\u00e8s sa d\u00e9faite contre Gunther au WWE Royal Rumble : Riyadh, \u00ab The Phenomenal \u00bb a mis fin \u00e0 sa carri\u00e8re l\u00e9gendaire de catcheur. Lundi, la WWE rendra hommage \u00e0 AJ Styles avec un hommage sp\u00e9cial lors de leur \u00e9pisode hebdomadaire de Monday Night Raw sur&#8230;<\/p>\n","protected":false},"author":665,"featured_media":0,"comment_status":"open","ping_status":"closed","sticky":false,"template":"","format":"standard","meta":{"footnotes":""},"categories":[1],"tags":[],"ppma_author":[289],"class_list":["post-129747","post","type-post","status-publish","format-standard","hentry","category-uncategorized"],"authors":[{"term_id":289,"user_id":665,"is_guest":0,"slug":"line","display_name":"Line Edmond","avatar_url":"https:\/\/secure.gravatar.com\/avatar\/852de09636413c90cdaa278312f9ea5bc4396768745424755cb63d99a05989d0?s=96&d=mm&r=g","0":null,"1":"","2":"","3":"","4":"","5":"","6":"","7":"","8":""}],"_links":{"self":[{"href":"https:\/\/www.jdx.info\/lutte\/wp-json\/wp\/v2\/posts\/129747","targetHints":{"allow":["GET"]}}],"collection":[{"href":"https:\/\/www.jdx.info\/lutte\/wp-json\/wp\/v2\/posts"}],"about":[{"href":"https:\/\/www.jdx.info\/lutte\/wp-json\/wp\/v2\/types\/post"}],"author":[{"embeddable":true,"href":"https:\/\/www.jdx.info\/lutte\/wp-json\/wp\/v2\/users\/665"}],"replies":[{"embeddable":true,"href":"https:\/\/www.jdx.info\/lutte\/wp-json\/wp\/v2\/comments?post=129747"}],"version-history":[{"count":1,"href":"https:\/\/www.jdx.info\/lutte\/wp-json\/wp\/v2\/posts\/129747\/revisions"}],"predecessor-version":[{"id":129748,"href":"https:\/\/www.jdx.info\/lutte\/wp-json\/wp\/v2\/posts\/129747\/revisions\/129748"}],"wp:attachment":[{"href":"https:\/\/www.jdx.info\/lutte\/wp-json\/wp\/v2\/media?parent=129747"}],"wp:term":[{"taxonomy":"category","embeddable":true,"href":"https:\/\/www.jdx.info\/lutte\/wp-json\/wp\/v2\/categories?post=129747"},{"taxonomy":"post_tag","embeddable":true,"href":"https:\/\/www.jdx.info\/lutte\/wp-json\/wp\/v2\/tags?post=129747"},{"taxonomy":"author","embeddable":true,"href":"https:\/\/www.jdx.info\/lutte\/wp-json\/wp\/v2\/ppma_author?post=129747"}],"curies":[{"name":"wp","href":"https:\/\/api.w.org\/{rel}","templated":true}]}}