{"id":129682,"date":"2026-03-09T14:06:09","date_gmt":"2026-03-09T18:06:09","guid":{"rendered":"https:\/\/www.jdx.info\/lutte\/?p=129682"},"modified":"2026-03-09T14:06:09","modified_gmt":"2026-03-09T18:06:09","slug":"kevin-nash-sexcuse-davoir-utilise-un-terme-offensant-en-parlant-de-la-superstar-de-la-wwe-jevon-evans","status":"publish","type":"post","link":"https:\/\/www.jdx.info\/lutte\/2026\/03\/09\/kevin-nash-sexcuse-davoir-utilise-un-terme-offensant-en-parlant-de-la-superstar-de-la-wwe-jevon-evans\/","title":{"rendered":"Kevin Nash s\u2019excuse d\u2019avoir utilis\u00e9 un terme offensant en parlant de la superstar de la WWE Je\u2019Von Evans"},"content":{"rendered":"\n<p>Kevin Nash tente d\u2019\u00e9claircir les choses apr\u00e8s des propos controvers\u00e9s qu\u2019il a tenus sur la pr\u00e9sentation de Je\u2019Von Evans.<\/p>\n\n\n\n<p>Lors d\u2019un \u00e9pisode r\u00e9cent de son podcast \u00ab Kliq This \u00bb, le membre du Hall of Fame de la WWE a partag\u00e9 ses impressions sur la programmation actuelle d\u2019Evans, louant les capacit\u00e9s athl\u00e9tiques du jeune star tout en sugg\u00e9rant qu\u2019il aimerait voir une autre dimension du personnage.<\/p>\n\n\n\n<p>\u00ab C\u2019est un athl\u00e8te incroyable. Il est un peu trop en train de nourrir Mr. Bojangles pour moi. J\u2019aimerais qu\u2019il soit un peu plus urbain \u00bb, a d\u00e9clar\u00e9 Nash. \u00ab Je comprends que c\u2019est Netflix. Je comprends qu\u2019il existe un grand monde ailleurs que celui que Kevin Nash, un de gar\u00e7on de 66 ans, de Detroit, veut, mais je veux juste qu\u2019il ait un petit avantage. \u00bb<\/p>\n\n\n\n<p>Les commentaires ont rapidement attir\u00e9 l\u2019attention en ligne.<\/p>\n\n\n\n<p>Peu apr\u00e8s, l\u2019ancien vedette de la WWE et de la WCW a r\u00e9pondu aux r\u00e9actions n\u00e9gatives sur les r\u00e9seaux sociaux, s\u2019excusant pour la terminologie qu\u2019il avait utilis\u00e9e tout en tentant d\u2019expliquer son point de vue plus large sur la direction du personnage.<\/p>\n\n\n\n<p>\u00ab Combien de fois as-tu entendu le terme Oncle Tom ? Il y a fort probablement eu un usage d\u00e9gradant. Si vous avez vraiment lu la litt\u00e9rature, l\u2019oncle Tom a \u00e9t\u00e9 fouett\u00e9 \u00e0 mort pour avoir aid\u00e9 \u00e0 lib\u00e9rer deux esclaves f\u00e9minines \u00bb, \u00e9crivait Nash. \u00ab Je m\u2019excuse d\u2019avoir utilis\u00e9 le terme M. Bogangles, c\u2019\u00e9tait de mauvais go\u00fbt et manifestement offensant. Je vois simplement le talent pouss\u00e9 dans une direction avec laquelle je ne suis pas d\u2019accord. Il devrait \u00eatre la version masculine de Sol Ruca. Plus contemporain qu\u2019urbain. C\u2019est dr\u00f4le comme je suis g\u00e9n\u00e9ralement la seule personne \u00e0 pr\u00eater attention au d\u00e9veloppement du talent noir. \u00bb<\/p>\n\n\n\n<p>Je\u2019Von Evans s\u2019est qualifi\u00e9 pour le match masculin Elimination Chamber gr\u00e2ce \u00e0 une victoire lors du main event du WWE Raw de lundi.<\/p>\n\n\n\n<p>WWE Elimination Chamber aura lieu le 28 f\u00e9vrier 2026, en direct depuis le United Center \u00e0 Chicago, Illinois.<\/p>\n\n\n\n<p>wrestlingheadlines.com\/kevin-nash-apologizes-for-using-offensive-term-when-talking-about-wwe-superstar-jevon-evans\/<\/p>\n<p><\/p>","protected":false},"excerpt":{"rendered":"<p>Kevin Nash tente d\u2019\u00e9claircir les choses apr\u00e8s des propos controvers\u00e9s qu\u2019il a tenus sur la pr\u00e9sentation de Je\u2019Von Evans. Lors d\u2019un \u00e9pisode r\u00e9cent de son podcast \u00ab Kliq This \u00bb, le membre du Hall of Fame de la WWE a partag\u00e9 ses impressions sur la programmation actuelle d\u2019Evans, louant les capacit\u00e9s athl\u00e9tiques du jeune star&#8230;<\/p>\n","protected":false},"author":665,"featured_media":0,"comment_status":"open","ping_status":"closed","sticky":false,"template":"","format":"standard","meta":{"footnotes":""},"categories":[1],"tags":[],"ppma_author":[289],"class_list":["post-129682","post","type-post","status-publish","format-standard","hentry","category-uncategorized"],"authors":[{"term_id":289,"user_id":665,"is_guest":0,"slug":"line","display_name":"Line Edmond","avatar_url":"https:\/\/secure.gravatar.com\/avatar\/852de09636413c90cdaa278312f9ea5bc4396768745424755cb63d99a05989d0?s=96&d=mm&r=g","0":null,"1":"","2":"","3":"","4":"","5":"","6":"","7":"","8":""}],"_links":{"self":[{"href":"https:\/\/www.jdx.info\/lutte\/wp-json\/wp\/v2\/posts\/129682","targetHints":{"allow":["GET"]}}],"collection":[{"href":"https:\/\/www.jdx.info\/lutte\/wp-json\/wp\/v2\/posts"}],"about":[{"href":"https:\/\/www.jdx.info\/lutte\/wp-json\/wp\/v2\/types\/post"}],"author":[{"embeddable":true,"href":"https:\/\/www.jdx.info\/lutte\/wp-json\/wp\/v2\/users\/665"}],"replies":[{"embeddable":true,"href":"https:\/\/www.jdx.info\/lutte\/wp-json\/wp\/v2\/comments?post=129682"}],"version-history":[{"count":1,"href":"https:\/\/www.jdx.info\/lutte\/wp-json\/wp\/v2\/posts\/129682\/revisions"}],"predecessor-version":[{"id":129683,"href":"https:\/\/www.jdx.info\/lutte\/wp-json\/wp\/v2\/posts\/129682\/revisions\/129683"}],"wp:attachment":[{"href":"https:\/\/www.jdx.info\/lutte\/wp-json\/wp\/v2\/media?parent=129682"}],"wp:term":[{"taxonomy":"category","embeddable":true,"href":"https:\/\/www.jdx.info\/lutte\/wp-json\/wp\/v2\/categories?post=129682"},{"taxonomy":"post_tag","embeddable":true,"href":"https:\/\/www.jdx.info\/lutte\/wp-json\/wp\/v2\/tags?post=129682"},{"taxonomy":"author","embeddable":true,"href":"https:\/\/www.jdx.info\/lutte\/wp-json\/wp\/v2\/ppma_author?post=129682"}],"curies":[{"name":"wp","href":"https:\/\/api.w.org\/{rel}","templated":true}]}}