{"id":129667,"date":"2026-03-09T14:06:09","date_gmt":"2026-03-09T18:06:09","guid":{"rendered":"https:\/\/www.jdx.info\/lutte\/?p=129667"},"modified":"2026-03-09T14:06:09","modified_gmt":"2026-03-09T18:06:09","slug":"mise-a-jour-en-coulisses-sur-les-plans-speciaux-pour-lhommage-a-aj-styles-le-23-fevrier-a-wwe-raw-a-atlanta-ga","status":"publish","type":"post","link":"https:\/\/www.jdx.info\/lutte\/2026\/03\/09\/mise-a-jour-en-coulisses-sur-les-plans-speciaux-pour-lhommage-a-aj-styles-le-23-fevrier-a-wwe-raw-a-atlanta-ga\/","title":{"rendered":"Mise \u00e0 jour en coulisses sur les plans sp\u00e9ciaux pour l\u2019hommage \u00e0 AJ Styles le 23 f\u00e9vrier \u00e0 WWE Raw \u00e0 Atlanta, GA."},"content":{"rendered":"\n<p>De plus en plus de d\u00e9tails commencent \u00e0 \u00e9merger concernant&nbsp;<a href=\"https:\/\/wrestlingheadlines.com\/aj-styles-tribute-announced-for-2-23-elimination-chamber-go-home-episode-of-wwe-raw-in-atlanta-ga\/\">la c\u00e9l\u00e9bration sp\u00e9ciale pr\u00e9vue pour AJ Styles<\/a>&nbsp;dans l\u2019\u00e9pisode de WWE Raw de la semaine prochaine.<\/p>\n\n\n\n<p>Comme mentionn\u00e9 lors de l\u2019\u00e9mission de lundi, la WWE rendra hommage \u00e0 Styles lors d\u2019une grande c\u00e9l\u00e9bration sur le ring.<\/p>\n\n\n\n<p>Voici maintenant une mise \u00e0 jour int\u00e9ressante sur l\u2019importance que pourrait avoir ce segment.<\/p>\n\n\n\n<p>Selon Bryan Alvarez de&nbsp;<a href=\"https:\/\/f4wonline.com\/\" rel=\"noreferrer noopener\" target=\"_Blank\">F4WOnline.com<\/a>, la soci\u00e9t\u00e9 recrute plus que de simples membres du roster de Raw pour l\u2019occasion.<\/p>\n\n\n\n<p>\u00ab Les talents de Smackdown seront envoy\u00e9s \u00e0 Raw cette semaine (\u00e0 venir) pour la c\u00e9l\u00e9bration d\u2019AJ \u00bb, a \u00e9crit Alvarez.<\/p>\n\n\n\n<p>Ce d\u00e9tail sugg\u00e8re que la WWE pourrait planifier quelque chose de plus grand qu\u2019un simple hommage classique \u00e0 l\u2019effectif, transformant potentiellement le segment en un moment inter-marques.<\/p>\n\n\n\n<p>Cette c\u00e9l\u00e9bration intervient un peu plus de trois semaines apr\u00e8s la d\u00e9faite de Styles face \u00e0 Gunther lors du WWE Royal Rumble 2026 \u00e0 Riyad, en Arabie Saoudite.<\/p>\n\n\n\n<p>Malgr\u00e9 une indiff\u00e9rence dans ce combat de championnat tr\u00e8s m\u00e9diatis\u00e9, il semble que la WWE pr\u00e9sente le prochain segment de Raw comme un moment majeur pour \u00ab The Phenomenal One \u00bb.<\/p>\n\n\n\n<p>WWE Raw aura lieu pr\u00e8s de la ville natale d\u2019AJ Styles \u00e0 l\u2019Allstate Arena d\u2019Atlanta, en G\u00e9orgie, lundi soir prochain, le 23 f\u00e9vrier 2026.<\/p>\n\n\n\n<p>\u00c9galement annonc\u00e9s pour le Raw du 23\/02 \u00e0 Atlanta est le retour de Brock Lesnar, ainsi que la derni\u00e8re paire de matchs qualificatifs Elimination Chamber.<\/p>\n\n\n\n<p>N\u2019oubliez pas de nous rejoindre ici \u00e0 WrestlingHeadlines.com chaque lundi soir \u00e0 20\/19h (heure du Capital) pour la couverture en direct\u00a0<a href=\"https:\/\/www.wrestlingheadlines.com\/results\/raw\">des r\u00e9sultats WWE Raw<\/a>.<\/p>\n\n\n\n<p>(video<\/p>\n\n\n\n<p>wrestlingheadlines.com\/backstage-update-on-special-plans-for-aj-styles-tribute-on-february-23-wwe-raw-in-atlanta-ga\/<\/p>\n<p><\/p>","protected":false},"excerpt":{"rendered":"<p>De plus en plus de d\u00e9tails commencent \u00e0 \u00e9merger concernant&nbsp;la c\u00e9l\u00e9bration sp\u00e9ciale pr\u00e9vue pour AJ Styles&nbsp;dans l\u2019\u00e9pisode de WWE Raw de la semaine prochaine. Comme mentionn\u00e9 lors de l\u2019\u00e9mission de lundi, la WWE rendra hommage \u00e0 Styles lors d\u2019une grande c\u00e9l\u00e9bration sur le ring. Voici maintenant une mise \u00e0 jour int\u00e9ressante sur l\u2019importance que pourrait&#8230;<\/p>\n","protected":false},"author":665,"featured_media":0,"comment_status":"open","ping_status":"closed","sticky":false,"template":"","format":"standard","meta":{"footnotes":""},"categories":[1],"tags":[],"ppma_author":[289],"class_list":["post-129667","post","type-post","status-publish","format-standard","hentry","category-uncategorized"],"authors":[{"term_id":289,"user_id":665,"is_guest":0,"slug":"line","display_name":"Line Edmond","avatar_url":"https:\/\/secure.gravatar.com\/avatar\/852de09636413c90cdaa278312f9ea5bc4396768745424755cb63d99a05989d0?s=96&d=mm&r=g","0":null,"1":"","2":"","3":"","4":"","5":"","6":"","7":"","8":""}],"_links":{"self":[{"href":"https:\/\/www.jdx.info\/lutte\/wp-json\/wp\/v2\/posts\/129667","targetHints":{"allow":["GET"]}}],"collection":[{"href":"https:\/\/www.jdx.info\/lutte\/wp-json\/wp\/v2\/posts"}],"about":[{"href":"https:\/\/www.jdx.info\/lutte\/wp-json\/wp\/v2\/types\/post"}],"author":[{"embeddable":true,"href":"https:\/\/www.jdx.info\/lutte\/wp-json\/wp\/v2\/users\/665"}],"replies":[{"embeddable":true,"href":"https:\/\/www.jdx.info\/lutte\/wp-json\/wp\/v2\/comments?post=129667"}],"version-history":[{"count":1,"href":"https:\/\/www.jdx.info\/lutte\/wp-json\/wp\/v2\/posts\/129667\/revisions"}],"predecessor-version":[{"id":129670,"href":"https:\/\/www.jdx.info\/lutte\/wp-json\/wp\/v2\/posts\/129667\/revisions\/129670"}],"wp:attachment":[{"href":"https:\/\/www.jdx.info\/lutte\/wp-json\/wp\/v2\/media?parent=129667"}],"wp:term":[{"taxonomy":"category","embeddable":true,"href":"https:\/\/www.jdx.info\/lutte\/wp-json\/wp\/v2\/categories?post=129667"},{"taxonomy":"post_tag","embeddable":true,"href":"https:\/\/www.jdx.info\/lutte\/wp-json\/wp\/v2\/tags?post=129667"},{"taxonomy":"author","embeddable":true,"href":"https:\/\/www.jdx.info\/lutte\/wp-json\/wp\/v2\/ppma_author?post=129667"}],"curies":[{"name":"wp","href":"https:\/\/api.w.org\/{rel}","templated":true}]}}