{"id":128963,"date":"2026-01-29T11:11:00","date_gmt":"2026-01-29T16:11:00","guid":{"rendered":"https:\/\/www.jdx.info\/lutte\/?p=128963"},"modified":"2026-01-29T13:23:38","modified_gmt":"2026-01-29T18:23:38","slug":"jeff-hardy-revele-letat-de-la-blessure-au-cou-jai-eu-deux-disques-bombes","status":"publish","type":"post","link":"https:\/\/www.jdx.info\/lutte\/2026\/01\/29\/jeff-hardy-revele-letat-de-la-blessure-au-cou-jai-eu-deux-disques-bombes\/","title":{"rendered":"Jeff Hardy r\u00e9v\u00e8le l\u2019\u00e9tat de la blessure au cou : \u00ab J\u2019ai eu deux disques bomb\u00e9s&#8230; \u00bb"},"content":{"rendered":"\n<p>Jeff Hardy et Matt Hardy ont r\u00e9cemment \u00e9t\u00e9 invit\u00e9s \u00e0 l\u2019\u00e9mission <strong>INSIGHT with Chris Van Vliet<\/strong> pour une entrevue approfondie portant sur leur carri\u00e8re et sur plusieurs aspects de la lutte professionnelle.<\/p>\n\n\n\n<p>Au cours de la discussion, Jeff Hardy, connu sous le surnom de <strong>\u00ab L\u2019\u00e9nigme charismatique \u00bb<\/strong>, est revenu en d\u00e9tail sur son \u00e9tat de sant\u00e9 et sur la blessure s\u00e9rieuse qu\u2019il a subie.<\/p>\n\n\n\n<p>Voici les principaux extraits de l\u2019entrevue, accompagn\u00e9s de ses explications.<\/p>\n\n\n\n<p><strong>Concernant sa blessure au cou :<\/strong><\/p>\n\n\n\n<blockquote class=\"wp-block-quote is-layout-flow wp-block-quote-is-layout-flow\">\n<p>\u00ab \u00c7a va mieux. Les lundi et mardi derniers m\u2019ont vraiment fait du bien. Ensuite, nous avons pris l\u2019avion pour venir ici et je me suis endormi dans une position un peu \u00e9trange. Je me souviens avoir relev\u00e9 la t\u00eate brusquement \u00e0 un moment et j\u2019ai ressenti une douleur. C\u2019\u00e9tait donc un peu plus sensible que lundi et mardi, mais dans l\u2019ensemble, je me sens bien. Il y a une nette am\u00e9lioration. Cela fait maintenant un peu plus de trois mois. J\u2019ai deux disques bomb\u00e9s du c\u00f4t\u00e9 gauche de mon cou. \u00bb<\/p>\n<\/blockquote>\n\n\n\n<p><strong>\u00c0 propos du moment o\u00f9 la blessure est survenue :<\/strong><\/p>\n\n\n\n<blockquote class=\"wp-block-quote is-layout-flow wp-block-quote-is-layout-flow\">\n<p>\u00ab C\u2019est arriv\u00e9 lorsque nous avons perdu les titres au show NXT Halloween Havoc. C\u2019\u00e9tait le genre de situation o\u00f9 on ne pouvait rien remarquer sur le moment. Tout semblait correct, comme si j\u2019avais atterri \u00e0 plat, alors que j\u2019\u00e9tais sur les \u00e9paules d\u2019un adversaire plus massif. Un autre lutteur a saut\u00e9 de l\u2019\u00e9chelle et m\u2019a frapp\u00e9 avec une clothesline. L\u2019id\u00e9e \u00e9tait que je traverse la table, mais j\u2019ai l\u00e9g\u00e8rement d\u00e9pass\u00e9 celle-ci. La table s\u2019est bris\u00e9e et ma t\u00eate a frapp\u00e9 le tapis. C\u2019\u00e9tait un effet de coup de fouet cervical. C\u2019\u00e9tait tr\u00e8s violent. Honn\u00eatement, \u00e7a ressemblait \u00e0 une commotion c\u00e9r\u00e9brale et j\u2019\u00e9tais tout pr\u00e8s de perdre connaissance. C\u2019est \u00e0 ce moment-l\u00e0 que c\u2019est arriv\u00e9. Deux disques bomb\u00e9s du c\u00f4t\u00e9 gauche de mon cou, mais aujourd\u2019hui, je me sens beaucoup mieux. \u00bb<\/p>\n<\/blockquote>\n\n\n\n<p>Les Hardy seront en action ce soir \u00e0 Albuquerque, au Nouveau-Mexique. Une couverture compl\u00e8te des r\u00e9sultats de <strong>la TNA iMPACT<\/strong> sera disponible sur le site apr\u00e8s l\u2019\u00e9v\u00e9nement.<\/p>\n\n\n\n<center><iframe loading=\"lazy\" width=\"560\" height=\"315\" src=\"https:\/\/www.youtube.com\/embed\/zk6XuqU-ySU?si=7EcR1d3lc074X6FG\" title=\"YouTube video player\" frameborder=\"0\" allow=\"accelerometer; autoplay; clipboard-write; encrypted-media; gyroscope; picture-in-picture; web-share\" referrerpolicy=\"strict-origin-when-cross-origin\" allowfullscreen><\/iframe><\/center>\n\n\n\n<p><\/p>\n<p><\/p>","protected":false},"excerpt":{"rendered":"<p>Jeff Hardy et Matt Hardy ont r\u00e9cemment \u00e9t\u00e9 invit\u00e9s \u00e0 l\u2019\u00e9mission INSIGHT with Chris Van Vliet pour une entrevue approfondie portant sur leur carri\u00e8re et sur plusieurs aspects de la lutte professionnelle. Au cours de la discussion, Jeff Hardy, connu sous le surnom de \u00ab L\u2019\u00e9nigme charismatique \u00bb, est revenu en d\u00e9tail sur son \u00e9tat&#8230;<\/p>\n","protected":false},"author":665,"featured_media":128971,"comment_status":"open","ping_status":"closed","sticky":false,"template":"","format":"standard","meta":{"footnotes":""},"categories":[24,30,187,4,41],"tags":[],"ppma_author":[289],"class_list":["post-128963","post","type-post","status-publish","format-standard","has-post-thumbnail","hentry","category-aew-impact-njpw-roh","category-ex-wwe","category-legends","category-news","category-tna-impact"],"authors":[{"term_id":289,"user_id":665,"is_guest":0,"slug":"line","display_name":"Line Edmond","avatar_url":"https:\/\/secure.gravatar.com\/avatar\/852de09636413c90cdaa278312f9ea5bc4396768745424755cb63d99a05989d0?s=96&d=mm&r=g","0":null,"1":"","2":"","3":"","4":"","5":"","6":"","7":"","8":""}],"_links":{"self":[{"href":"https:\/\/www.jdx.info\/lutte\/wp-json\/wp\/v2\/posts\/128963","targetHints":{"allow":["GET"]}}],"collection":[{"href":"https:\/\/www.jdx.info\/lutte\/wp-json\/wp\/v2\/posts"}],"about":[{"href":"https:\/\/www.jdx.info\/lutte\/wp-json\/wp\/v2\/types\/post"}],"author":[{"embeddable":true,"href":"https:\/\/www.jdx.info\/lutte\/wp-json\/wp\/v2\/users\/665"}],"replies":[{"embeddable":true,"href":"https:\/\/www.jdx.info\/lutte\/wp-json\/wp\/v2\/comments?post=128963"}],"version-history":[{"count":2,"href":"https:\/\/www.jdx.info\/lutte\/wp-json\/wp\/v2\/posts\/128963\/revisions"}],"predecessor-version":[{"id":128970,"href":"https:\/\/www.jdx.info\/lutte\/wp-json\/wp\/v2\/posts\/128963\/revisions\/128970"}],"wp:featuredmedia":[{"embeddable":true,"href":"https:\/\/www.jdx.info\/lutte\/wp-json\/wp\/v2\/media\/128971"}],"wp:attachment":[{"href":"https:\/\/www.jdx.info\/lutte\/wp-json\/wp\/v2\/media?parent=128963"}],"wp:term":[{"taxonomy":"category","embeddable":true,"href":"https:\/\/www.jdx.info\/lutte\/wp-json\/wp\/v2\/categories?post=128963"},{"taxonomy":"post_tag","embeddable":true,"href":"https:\/\/www.jdx.info\/lutte\/wp-json\/wp\/v2\/tags?post=128963"},{"taxonomy":"author","embeddable":true,"href":"https:\/\/www.jdx.info\/lutte\/wp-json\/wp\/v2\/ppma_author?post=128963"}],"curies":[{"name":"wp","href":"https:\/\/api.w.org\/{rel}","templated":true}]}}