{"id":128912,"date":"2026-01-27T14:22:00","date_gmt":"2026-01-27T19:22:00","guid":{"rendered":"https:\/\/www.jdx.info\/lutte\/?p=128912"},"modified":"2026-01-27T16:43:40","modified_gmt":"2026-01-27T21:43:40","slug":"cm-punk-rend-hommage-a-aj-styles-apres-la-diffusion-lundi-soir-je-te-lai-chuchote-tout-a-lheure-je-me-fiche-de-qui-le-sait-publiquement","status":"publish","type":"post","link":"https:\/\/www.jdx.info\/lutte\/2026\/01\/27\/cm-punk-rend-hommage-a-aj-styles-apres-la-diffusion-lundi-soir-je-te-lai-chuchote-tout-a-lheure-je-me-fiche-de-qui-le-sait-publiquement\/","title":{"rendered":"CM Punk rend hommage \u00e0 AJ Styles apr\u00e8s la diffusion lundi soir : \u00ab Je te l\u2019ai chuchot\u00e9 tout \u00e0 l\u2019heure, je me fiche de qui le sait publiquement&#8230; \u00bb"},"content":{"rendered":"\n<p>CM Punk est honor\u00e9 de consid\u00e9rer AJ Styles comme un ami. Apr\u00e8s leur combat principal pour le championnat du monde poids lourd de la WWE lors de l\u2019\u00e9pisode \u00ab go-home \u00bb de RAW avant le Royal Rumble : Riyadh \u00e0 la Scotiabank Arena \u00e0 Toronto, Ontario, Canada, le lundi 26 janvier 2026, The Best in the World \u00bb et \u00ab The Phenomenal \u00bb ont partag\u00e9 un moment sp\u00e9cial apr\u00e8s l\u2019arr\u00eat des cam\u00e9ras.<\/p>\n\n\n\n<p>Heureusement, certains fans pr\u00e9sents avaient leur t\u00e9l\u00e9phone sorti pour immortaliser ce moment touchant, et voici ce qu&rsquo;a d\u00e9clar\u00e9 Punk \u00e0 propos de Styles en parlant sur le ring apr\u00e8s le programme hebdomadaire WWE sur Netflix.<\/p>\n\n\n\n<blockquote class=\"wp-block-quote is-layout-flow wp-block-quote-is-layout-flow\">\n<p>\u00ab \u00c9coutez, je ne sais pas ce qui se passe \u00e0 Riyad, en Arabie Saoudite, quand AJ Styles affronte Gunther, je sais juste que je vais rester coll\u00e9 au moniteur \u00e0 regarder comme chacun d\u2019entre vous. Je le pense quand je le dis-le, AJ, je te l\u2019ai murmur\u00e9 tout \u00e0 l\u2019heure : peu importe qui le sait publiquement, \u00e7a a \u00e9t\u00e9 un privil\u00e8ge de te conna\u00eetre. \u00bb<\/p>\n\n\n\n<p> \u00ab C\u2019est un privil\u00e8ge de t\u2019appeler un ami, c\u2019est un honneur d\u2019\u00eatre sur le ring avec toi. Je parle en tant que fan, j\u2019esp\u00e8re que samedi ne sera pas le cas, mais si c\u2019est le cas, quelle sacr\u00e9e carri\u00e8re. Je t\u2019aime fr\u00e8re, merci. \u00bb<\/p>\n<\/blockquote>\n\n\n\n<p><\/p>\n\n\n\n<p><\/p>\n\n\n\n<center><blockquote class=\"twitter-tweet\" data-media-max-width=\"560\"><p lang=\"en\" dir=\"ltr\">full punk and aj speech for yall lol it\u2019s long! <a href=\"https:\/\/t.co\/p1KUr6J0b3\">pic.twitter.com\/p1KUr6J0b3<\/a><\/p>&mdash; lex  (@harryxgoldens) <a href=\"https:\/\/twitter.com\/harryxgoldens\/status\/2016001849292214314?ref_src=twsrc%5Etfw\">January 27, 2026<\/a><\/blockquote> <script async src=\"https:\/\/platform.twitter.com\/widgets.js\" charset=\"utf-8\"><\/script><\/center>\n<p><\/p>","protected":false},"excerpt":{"rendered":"<p>CM Punk est honor\u00e9 de consid\u00e9rer AJ Styles comme un ami. Apr\u00e8s leur combat principal pour le championnat du monde poids lourd de la WWE lors de l\u2019\u00e9pisode \u00ab go-home \u00bb de RAW avant le Royal Rumble : Riyadh \u00e0 la Scotiabank Arena \u00e0 Toronto, Ontario, Canada, le lundi 26 janvier 2026, The Best in&#8230;<\/p>\n","protected":false},"author":665,"featured_media":128933,"comment_status":"open","ping_status":"closed","sticky":false,"template":"","format":"standard","meta":{"footnotes":""},"categories":[4,43,87,23],"tags":[33],"ppma_author":[289],"class_list":["post-128912","post","type-post","status-publish","format-standard","has-post-thumbnail","hentry","category-news","category-raw-wwe","category-road-to-wrestlemania","category-wwe","tag-royal-rumble"],"authors":[{"term_id":289,"user_id":665,"is_guest":0,"slug":"line","display_name":"Line Edmond","avatar_url":"https:\/\/secure.gravatar.com\/avatar\/852de09636413c90cdaa278312f9ea5bc4396768745424755cb63d99a05989d0?s=96&d=mm&r=g","0":null,"1":"","2":"","3":"","4":"","5":"","6":"","7":"","8":""}],"_links":{"self":[{"href":"https:\/\/www.jdx.info\/lutte\/wp-json\/wp\/v2\/posts\/128912","targetHints":{"allow":["GET"]}}],"collection":[{"href":"https:\/\/www.jdx.info\/lutte\/wp-json\/wp\/v2\/posts"}],"about":[{"href":"https:\/\/www.jdx.info\/lutte\/wp-json\/wp\/v2\/types\/post"}],"author":[{"embeddable":true,"href":"https:\/\/www.jdx.info\/lutte\/wp-json\/wp\/v2\/users\/665"}],"replies":[{"embeddable":true,"href":"https:\/\/www.jdx.info\/lutte\/wp-json\/wp\/v2\/comments?post=128912"}],"version-history":[{"count":2,"href":"https:\/\/www.jdx.info\/lutte\/wp-json\/wp\/v2\/posts\/128912\/revisions"}],"predecessor-version":[{"id":128934,"href":"https:\/\/www.jdx.info\/lutte\/wp-json\/wp\/v2\/posts\/128912\/revisions\/128934"}],"wp:featuredmedia":[{"embeddable":true,"href":"https:\/\/www.jdx.info\/lutte\/wp-json\/wp\/v2\/media\/128933"}],"wp:attachment":[{"href":"https:\/\/www.jdx.info\/lutte\/wp-json\/wp\/v2\/media?parent=128912"}],"wp:term":[{"taxonomy":"category","embeddable":true,"href":"https:\/\/www.jdx.info\/lutte\/wp-json\/wp\/v2\/categories?post=128912"},{"taxonomy":"post_tag","embeddable":true,"href":"https:\/\/www.jdx.info\/lutte\/wp-json\/wp\/v2\/tags?post=128912"},{"taxonomy":"author","embeddable":true,"href":"https:\/\/www.jdx.info\/lutte\/wp-json\/wp\/v2\/ppma_author?post=128912"}],"curies":[{"name":"wp","href":"https:\/\/api.w.org\/{rel}","templated":true}]}}