{"id":128836,"date":"2026-01-26T00:12:00","date_gmt":"2026-01-26T05:12:00","guid":{"rendered":"https:\/\/www.jdx.info\/lutte\/?p=128836"},"modified":"2026-01-26T16:07:37","modified_gmt":"2026-01-26T21:07:37","slug":"samantha-irvin-ancienne-membre-de-lequipe-de-diffusion-wwe-exclut-son-retour-je-ne-retourne-pas-en-arriere","status":"publish","type":"post","link":"https:\/\/www.jdx.info\/lutte\/2026\/01\/26\/samantha-irvin-ancienne-membre-de-lequipe-de-diffusion-wwe-exclut-son-retour-je-ne-retourne-pas-en-arriere\/","title":{"rendered":"Samantha Irvin, ancienne membre de l\u2019\u00e9quipe de diffusion WWE exclut son retour : \u00ab Je ne retourne pas en arri\u00e8re&#8230; \u00bb"},"content":{"rendered":"\n<p>Ne vous attendez pas \u00e0 revoir un ancien membre de l\u2019\u00e9quipe de diffusion de la WWE dans la soci\u00e9t\u00e9 \u00e0 l\u2019avenir. Parce que cela n\u2019arrivera pas.<\/p>\n\n\n\n<p>L\u2019ancienne commentatrice de ring de la WWE, Samantha Irvin, a clairement indiqu\u00e9 qu\u2019un retour dans la soci\u00e9t\u00e9 n\u2019\u00e9tait pas dans ses plans.<\/p>\n\n\n\n<p>Irvin a travaill\u00e9 pour la WWE d\u2019avril 2021 \u00e0 octobre 2024, occupant le r\u00f4le de l\u2019un des principaux commentateurs de ring de la soci\u00e9t\u00e9. Elle a annonc\u00e9 son d\u00e9part l\u2019ann\u00e9e derni\u00e8re, expliquant plus tard qu\u2019elle n\u2019\u00e9tait pas satisfaite de son r\u00f4le durant son passage dans l\u2019entreprise.<\/p>\n\n\n\n<p>Apr\u00e8s son d\u00e9part, Irvin a r\u00e9cemment r\u00e9pondu aux critiques d\u2019un fan sur les r\u00e9seaux sociaux concernant sa d\u00e9cision de quitter la WWE. Interrog\u00e9e sur ce retour potentiel, elle a r\u00e9pondu franchement :<\/p>\n\n\n\n<blockquote class=\"wp-block-quote is-layout-flow wp-block-quote-is-layout-flow\">\n<p> \u00ab Je ne retourne pas \u00e0 la WWE \u00bb,<\/p>\n<\/blockquote>\n\n\n\n<p>Aucune ambigu\u00eft\u00e9 l\u00e0-dessus.<\/p>\n\n\n\n<p>Bien qu\u2019elle ait \u00e9cart\u00e9 un retour \u00e0 la WWE, Irvin a d\u00e9j\u00e0 d\u00e9clar\u00e9 qu\u2019elle n\u2019en avait pas compl\u00e8tement fini avec le catch professionnel. Au moment de son d\u00e9part, elle \u00e9tait \u00e9galement soumise \u00e0 une clause de non-concurrence, dont l\u2019expiration est pr\u00e9vue plus tard cette ann\u00e9e en octobre. Une clause qui est beaucoup plus longue que les Superstars donc la raison reste inconnue pour le moment.<\/p>\n\n\n\n<center><blockquote class=\"twitter-tweet\" data-media-max-width=\"560\"><p lang=\"en\" dir=\"ltr\">I\u2019m not going back to WWE <\/p>&mdash; SAMANTHA THE BOMB (@SamanthaTheBomb) <a href=\"https:\/\/twitter.com\/SamanthaTheBomb\/status\/2015555515758346665?ref_src=twsrc%5Etfw\">January 25, 2026<\/a><\/blockquote> <script async src=\"https:\/\/platform.twitter.com\/widgets.js\" charset=\"utf-8\"><\/script><\/center>\n<p><\/p>","protected":false},"excerpt":{"rendered":"<p>Ne vous attendez pas \u00e0 revoir un ancien membre de l\u2019\u00e9quipe de diffusion de la WWE dans la soci\u00e9t\u00e9 \u00e0 l\u2019avenir. Parce que cela n\u2019arrivera pas. L\u2019ancienne commentatrice de ring de la WWE, Samantha Irvin, a clairement indiqu\u00e9 qu\u2019un retour dans la soci\u00e9t\u00e9 n\u2019\u00e9tait pas dans ses plans. Irvin a travaill\u00e9 pour la WWE d\u2019avril&#8230;<\/p>\n","protected":false},"author":665,"featured_media":128854,"comment_status":"open","ping_status":"closed","sticky":false,"template":"","format":"standard","meta":{"footnotes":""},"categories":[30,4],"tags":[],"ppma_author":[289],"class_list":["post-128836","post","type-post","status-publish","format-standard","has-post-thumbnail","hentry","category-ex-wwe","category-news"],"authors":[{"term_id":289,"user_id":665,"is_guest":0,"slug":"line","display_name":"Line Edmond","avatar_url":"https:\/\/secure.gravatar.com\/avatar\/852de09636413c90cdaa278312f9ea5bc4396768745424755cb63d99a05989d0?s=96&d=mm&r=g","0":null,"1":"","2":"","3":"","4":"","5":"","6":"","7":"","8":""}],"_links":{"self":[{"href":"https:\/\/www.jdx.info\/lutte\/wp-json\/wp\/v2\/posts\/128836","targetHints":{"allow":["GET"]}}],"collection":[{"href":"https:\/\/www.jdx.info\/lutte\/wp-json\/wp\/v2\/posts"}],"about":[{"href":"https:\/\/www.jdx.info\/lutte\/wp-json\/wp\/v2\/types\/post"}],"author":[{"embeddable":true,"href":"https:\/\/www.jdx.info\/lutte\/wp-json\/wp\/v2\/users\/665"}],"replies":[{"embeddable":true,"href":"https:\/\/www.jdx.info\/lutte\/wp-json\/wp\/v2\/comments?post=128836"}],"version-history":[{"count":3,"href":"https:\/\/www.jdx.info\/lutte\/wp-json\/wp\/v2\/posts\/128836\/revisions"}],"predecessor-version":[{"id":128856,"href":"https:\/\/www.jdx.info\/lutte\/wp-json\/wp\/v2\/posts\/128836\/revisions\/128856"}],"wp:featuredmedia":[{"embeddable":true,"href":"https:\/\/www.jdx.info\/lutte\/wp-json\/wp\/v2\/media\/128854"}],"wp:attachment":[{"href":"https:\/\/www.jdx.info\/lutte\/wp-json\/wp\/v2\/media?parent=128836"}],"wp:term":[{"taxonomy":"category","embeddable":true,"href":"https:\/\/www.jdx.info\/lutte\/wp-json\/wp\/v2\/categories?post=128836"},{"taxonomy":"post_tag","embeddable":true,"href":"https:\/\/www.jdx.info\/lutte\/wp-json\/wp\/v2\/tags?post=128836"},{"taxonomy":"author","embeddable":true,"href":"https:\/\/www.jdx.info\/lutte\/wp-json\/wp\/v2\/ppma_author?post=128836"}],"curies":[{"name":"wp","href":"https:\/\/api.w.org\/{rel}","templated":true}]}}