{"id":128431,"date":"2026-01-29T13:12:13","date_gmt":"2026-01-29T18:12:13","guid":{"rendered":"https:\/\/www.jdx.info\/lutte\/?p=128431"},"modified":"2026-01-29T13:12:13","modified_gmt":"2026-01-29T18:12:13","slug":"booker-t-met-fin-a-la-controverse-sur-le-racisme-de-wrestlemania-xix","status":"publish","type":"post","link":"https:\/\/www.jdx.info\/lutte\/2026\/01\/29\/booker-t-met-fin-a-la-controverse-sur-le-racisme-de-wrestlemania-xix\/","title":{"rendered":"Booker T met fin \u00e0 la controverse sur le \u00ab racisme \u00bb de WrestleMania XIX"},"content":{"rendered":"\n<p>La rivalit\u00e9 Booker T contre Triple H \u00e0 WWE WrestleMania XIX reste l\u2019une des intrigues les plus d\u00e9battues de l\u2019histoire de la soci\u00e9t\u00e9, principalement en raison de ses sous-entendus raciaux et du fait que le babyface n\u2019a pas r\u00e9ussi \u00e0 se battre sur la plus grande sc\u00e8ne. Aujourd\u2019hui, Booker a revisit\u00e9 cette rivalit\u00e9 et a clairement indiqu\u00e9 que le r\u00e9sultat, et le discours qui l\u2019entourait, ne l\u2019ont jamais hant\u00e9 comme beaucoup de fans le supposent.<\/p>\n\n\n\n<p><em>\u00ab Je n\u2019ai jamais perdu le sommeil \u00e0 cause de ce match et je sais que les gens pensent vraiment que j\u2019aurais peut-\u00eatre d\u00fb perdre le sommeil \u00e0 cause de ce match, \u00bb<\/em>\u00a0Booker a d\u00e9clar\u00e9 dans son podcast\u00a0<a href=\"https:\/\/www.youtube.com\/watch?v=9L3nhP1vjoY\"><em>Hall of Fame<\/em><\/a>.\u00a0<em>\u00ab Les gens parlent du drame qui a \u00e9t\u00e9 impliqu\u00e9, de la connotation raciale et je comprends qu\u2019il y avait une connotation raciale et que j\u2019ai cr\u00e9\u00e9 beaucoup de cette connotation raciale.<\/em>\u00a0\u00bb<\/p>\n\n\n\n<p>Ce qui importe encore, c\u2019est que WrestleMania XIX est souvent cit\u00e9 comme une \u00e9tude de cas sur la fa\u00e7on dont la narration de catch peut entrer en collision avec des enjeux r\u00e9els, notamment la race, la perception et l\u2019h\u00e9ritage. Le point de vue de Booker recadre le r\u00e9cit : plut\u00f4t que de consid\u00e9rer la d\u00e9faite comme un \u00e9chec, il consid\u00e8re le simple fait d\u2019avoir \u00e9t\u00e9 t\u00eate d\u2019affiche de WrestleMania, compte tenu de son pass\u00e9 et de ses obstacles de vie, comme une victoire personnelle et professionnelle. Cette vision remet en question l\u2019id\u00e9e que les championnats sont la seule mesure du succ\u00e8s et souligne comment les artistes peuvent d\u00e9finir leurs propres victoires, quelles que soient les d\u00e9cisions de booking.<\/p>\n\n\n\n<p>Avec le recul, les propos de Booker sugg\u00e8rent que cette querelle en dit plus sur l\u2019interpr\u00e9tation du public que sur le regret personnel. Alors que la lutte moderne continue de r\u00e9examiner les intrigues pass\u00e9es \u00e0 travers un prisme contemporain, sa position rappelle que ceux qui ont v\u00e9cu ces moments ont souvent une perspective tr\u00e8s diff\u00e9rente de celle de ceux qui regardent de l\u2019ext\u00e9rieur.<\/p>\n\n\n\n<p>wrestlingheadlines.com\/booker-t-shuts-down-wrestlemania-xix-racism-controversy\/<\/p>\n<p><\/p>","protected":false},"excerpt":{"rendered":"<p>La rivalit\u00e9 Booker T contre Triple H \u00e0 WWE WrestleMania XIX reste l\u2019une des intrigues les plus d\u00e9battues de l\u2019histoire de la soci\u00e9t\u00e9, principalement en raison de ses sous-entendus raciaux et du fait que le babyface n\u2019a pas r\u00e9ussi \u00e0 se battre sur la plus grande sc\u00e8ne. Aujourd\u2019hui, Booker a revisit\u00e9 cette rivalit\u00e9 et a&#8230;<\/p>\n","protected":false},"author":665,"featured_media":0,"comment_status":"open","ping_status":"closed","sticky":false,"template":"","format":"standard","meta":{"footnotes":""},"categories":[1],"tags":[],"ppma_author":[289],"class_list":["post-128431","post","type-post","status-publish","format-standard","hentry","category-uncategorized"],"authors":[{"term_id":289,"user_id":665,"is_guest":0,"slug":"line","display_name":"Line Edmond","avatar_url":"https:\/\/secure.gravatar.com\/avatar\/852de09636413c90cdaa278312f9ea5bc4396768745424755cb63d99a05989d0?s=96&d=mm&r=g","0":null,"1":"","2":"","3":"","4":"","5":"","6":"","7":"","8":""}],"_links":{"self":[{"href":"https:\/\/www.jdx.info\/lutte\/wp-json\/wp\/v2\/posts\/128431","targetHints":{"allow":["GET"]}}],"collection":[{"href":"https:\/\/www.jdx.info\/lutte\/wp-json\/wp\/v2\/posts"}],"about":[{"href":"https:\/\/www.jdx.info\/lutte\/wp-json\/wp\/v2\/types\/post"}],"author":[{"embeddable":true,"href":"https:\/\/www.jdx.info\/lutte\/wp-json\/wp\/v2\/users\/665"}],"replies":[{"embeddable":true,"href":"https:\/\/www.jdx.info\/lutte\/wp-json\/wp\/v2\/comments?post=128431"}],"version-history":[{"count":1,"href":"https:\/\/www.jdx.info\/lutte\/wp-json\/wp\/v2\/posts\/128431\/revisions"}],"predecessor-version":[{"id":128432,"href":"https:\/\/www.jdx.info\/lutte\/wp-json\/wp\/v2\/posts\/128431\/revisions\/128432"}],"wp:attachment":[{"href":"https:\/\/www.jdx.info\/lutte\/wp-json\/wp\/v2\/media?parent=128431"}],"wp:term":[{"taxonomy":"category","embeddable":true,"href":"https:\/\/www.jdx.info\/lutte\/wp-json\/wp\/v2\/categories?post=128431"},{"taxonomy":"post_tag","embeddable":true,"href":"https:\/\/www.jdx.info\/lutte\/wp-json\/wp\/v2\/tags?post=128431"},{"taxonomy":"author","embeddable":true,"href":"https:\/\/www.jdx.info\/lutte\/wp-json\/wp\/v2\/ppma_author?post=128431"}],"curies":[{"name":"wp","href":"https:\/\/api.w.org\/{rel}","templated":true}]}}