{"id":128417,"date":"2026-01-29T13:12:13","date_gmt":"2026-01-29T18:12:13","guid":{"rendered":"https:\/\/www.jdx.info\/lutte\/?p=128417"},"modified":"2026-01-29T13:12:13","modified_gmt":"2026-01-29T18:12:13","slug":"mise-a-jour-en-coulisses-sur-la-possibilite-du-retour-du-gm-de-smackdown-nick-aldis-sur-le-ring-pour-un-match-en-wwe","status":"publish","type":"post","link":"https:\/\/www.jdx.info\/lutte\/2026\/01\/29\/mise-a-jour-en-coulisses-sur-la-possibilite-du-retour-du-gm-de-smackdown-nick-aldis-sur-le-ring-pour-un-match-en-wwe\/","title":{"rendered":"Mise \u00e0 jour en coulisses sur la possibilit\u00e9 du retour du GM de SmackDown Nick Aldis sur le ring pour un match en WWE"},"content":{"rendered":"\n<p>Nick Aldis s\u2019est install\u00e9 dans son r\u00f4le de directeur g\u00e9n\u00e9ral de WWE SmackDown, mais des questions subsistent de se poser sur la fin de sa carri\u00e8re sur le ring.<\/p>\n\n\n\n<p>Aldis n\u2019a pas lutt\u00e9 depuis 2023, peu avant de rejoindre la WWE en tant que producteur en coulisses tout en devenant une figure d\u2019autorit\u00e9 \u00e0 l\u2019\u00e9cran sur SmackDown. Cette absence a aliment\u00e9 les sp\u00e9culations parmi les fans sur le fait que les blessures ou la retraite aient jou\u00e9 un r\u00f4le dans son absence de match.<\/p>\n\n\n\n<p>Les proches de la situation ont indiqu\u00e9 qu\u2019Aldis n\u2019est ni bless\u00e9 ni \u00e0 la retraite. La situation actuelle se r\u00e9sume simplement au fait que la WWE ne l\u2019utilise pas \u00e0 titre de catcheur pour le moment.<\/p>\n\n\n\n<p>Aldis lui-m\u00eame a d\u00e9j\u00e0 abord\u00e9 la discussion sur la retraite. Dans une interview en novembre 2024, il a clairement indiqu\u00e9 qu\u2019il ne se consid\u00e9rait pas \u00e0 la retraite et qu\u2019il serait heureux de revenir si les circonstances s\u2019ajustaient.<\/p>\n\n\n\n<p>Pour l\u2019instant, cependant, cette porte reste non ouverte.<\/p>\n\n\n\n<p>La derni\u00e8re apparition d\u2019Aldis en pay-per-view a eu lieu en juillet 2023, lorsqu\u2019il a disput\u00e9 un match \u00e0 cinq pour le titre alors vacant lors d\u2019un \u00e9v\u00e9nement de la Appalachian Championship Wrestling. Son dernier match t\u00e9l\u00e9vis\u00e9 a \u00e9galement eu lieu ce m\u00eame mois, apparaissant pour la TNA \u00e0 l\u2019\u00e9poque o\u00f9 la promotion \u00e9tait encore commercialis\u00e9e sous le nom d\u2019iMPACT.<\/p>\n\n\n\n<p>Nous vous tiendrons inform\u00e9s ici \u00e0 WrestlingHeadlines.com au fur et \u00e0 mesure que les mises \u00e0 jour concernant le possible retour sur le ring du directeur g\u00e9n\u00e9ral de WWE SmackDown, Nick Aldis, continueront d\u2019appara\u00eetre.<\/p>\n\n\n\n<p>(video<\/p>\n\n\n\n<p>wrestlingheadlines.com\/backstage-update-on-possibility-of-smackdown-g-m-nick-aldis-returning-to-the-ring-for-a-match-in-wwe\/<\/p>\n<p><\/p>","protected":false},"excerpt":{"rendered":"<p>Nick Aldis s\u2019est install\u00e9 dans son r\u00f4le de directeur g\u00e9n\u00e9ral de WWE SmackDown, mais des questions subsistent de se poser sur la fin de sa carri\u00e8re sur le ring. Aldis n\u2019a pas lutt\u00e9 depuis 2023, peu avant de rejoindre la WWE en tant que producteur en coulisses tout en devenant une figure d\u2019autorit\u00e9 \u00e0 l\u2019\u00e9cran&#8230;<\/p>\n","protected":false},"author":665,"featured_media":0,"comment_status":"open","ping_status":"closed","sticky":false,"template":"","format":"standard","meta":{"footnotes":""},"categories":[1],"tags":[],"ppma_author":[289],"class_list":["post-128417","post","type-post","status-publish","format-standard","hentry","category-uncategorized"],"authors":[{"term_id":289,"user_id":665,"is_guest":0,"slug":"line","display_name":"Line Edmond","avatar_url":"https:\/\/secure.gravatar.com\/avatar\/852de09636413c90cdaa278312f9ea5bc4396768745424755cb63d99a05989d0?s=96&d=mm&r=g","0":null,"1":"","2":"","3":"","4":"","5":"","6":"","7":"","8":""}],"_links":{"self":[{"href":"https:\/\/www.jdx.info\/lutte\/wp-json\/wp\/v2\/posts\/128417","targetHints":{"allow":["GET"]}}],"collection":[{"href":"https:\/\/www.jdx.info\/lutte\/wp-json\/wp\/v2\/posts"}],"about":[{"href":"https:\/\/www.jdx.info\/lutte\/wp-json\/wp\/v2\/types\/post"}],"author":[{"embeddable":true,"href":"https:\/\/www.jdx.info\/lutte\/wp-json\/wp\/v2\/users\/665"}],"replies":[{"embeddable":true,"href":"https:\/\/www.jdx.info\/lutte\/wp-json\/wp\/v2\/comments?post=128417"}],"version-history":[{"count":1,"href":"https:\/\/www.jdx.info\/lutte\/wp-json\/wp\/v2\/posts\/128417\/revisions"}],"predecessor-version":[{"id":128418,"href":"https:\/\/www.jdx.info\/lutte\/wp-json\/wp\/v2\/posts\/128417\/revisions\/128418"}],"wp:attachment":[{"href":"https:\/\/www.jdx.info\/lutte\/wp-json\/wp\/v2\/media?parent=128417"}],"wp:term":[{"taxonomy":"category","embeddable":true,"href":"https:\/\/www.jdx.info\/lutte\/wp-json\/wp\/v2\/categories?post=128417"},{"taxonomy":"post_tag","embeddable":true,"href":"https:\/\/www.jdx.info\/lutte\/wp-json\/wp\/v2\/tags?post=128417"},{"taxonomy":"author","embeddable":true,"href":"https:\/\/www.jdx.info\/lutte\/wp-json\/wp\/v2\/ppma_author?post=128417"}],"curies":[{"name":"wp","href":"https:\/\/api.w.org\/{rel}","templated":true}]}}