{"id":128354,"date":"2026-01-29T13:12:13","date_gmt":"2026-01-29T18:12:13","guid":{"rendered":"https:\/\/www.jdx.info\/lutte\/?p=128354"},"modified":"2026-01-29T13:12:13","modified_gmt":"2026-01-29T18:12:13","slug":"backstage-wwe-news-rey-mysterio-blesse-raison-pour-laquelle-charlotte-flair-a-manque-le-smackdown-de-la-semaine-derniere","status":"publish","type":"post","link":"https:\/\/www.jdx.info\/lutte\/2026\/01\/29\/backstage-wwe-news-rey-mysterio-blesse-raison-pour-laquelle-charlotte-flair-a-manque-le-smackdown-de-la-semaine-derniere\/","title":{"rendered":"Backstage WWE News : Rey Mysterio bless\u00e9, raison pour laquelle Charlotte Flair a manqu\u00e9 le SmackDown de la semaine derni\u00e8re"},"content":{"rendered":"\n<p>Deux grandes stars de la WWE ont \u00e9t\u00e9 visiblement absentes de la t\u00e9l\u00e9vision la semaine pass\u00e9e, mais aucune des deux situations ne devrait les maintenir longtemps \u00e0 l\u2019\u00e9cart.<\/p>\n\n\n\n<p>Rey Mysterio a manqu\u00e9 l\u2019\u00e9pisode de WWE Raw cette semaine en raison d\u2019une blessure mineure. Le probl\u00e8me n\u2019est pas consid\u00e9r\u00e9 comme grave et Mysterio devrait revenir rapidement \u00e0 la programmation WWE.<\/p>\n\n\n\n<p>Charlotte Flair \u00e9tait \u00e9galement hors de la t\u00e9l\u00e9vision, manquant l\u2019\u00e9pisode de la semaine derni\u00e8re de SmackDown. Son absence a \u00e9t\u00e9 attribu\u00e9e \u00e0 une maladie, qui \u00e9tait l\u00e9gitime et suffisamment grave pour n\u00e9cessiter un changement tardif de l\u2019\u00e9mission. La bonne nouvelle, c\u2019est que Flair a d\u00e9j\u00e0 travaill\u00e9 sur un house show, confirmant son retour sur le terrain.<\/p>\n\n\n\n<p>Aucune pr\u00e9occupation \u00e0 long terme n\u2019est cens\u00e9e exister pour l\u2019une ou l\u2019autre des deux \u00e9toiles.<\/p>\n\n\n\n<p>Pendant ce temps, la WWE attend \u00e9galement des renforts suppl\u00e9mentaires prochainement. Chad Gable souffre d\u2019une blessure \u00e0 l\u2019\u00e9paule, tandis que Tiffany Stratton est mise \u00e0 l\u2019\u00e9cart pour un probl\u00e8me non divulgu\u00e9, mais les deux seraient proches de leur retour.<\/p>\n\n\n\n<p>Le timing pourrait bien convenir, puisque la WWE est actuellement \u00e0 l\u2019\u00e9tranger. La soci\u00e9t\u00e9 est \u00e0 Londres pour SmackDown et poursuivra sa tourn\u00e9e europ\u00e9enne jusqu\u2019au 20 janvier.<\/p>\n\n\n\n<p>Ensuite, la WWE se rend au Canada pour SmackDown, Raw et le main event du samedi soir, avant de se rendre en Arabie Saoudite pour le Royal Rumble le 31 janvier.<\/p>\n\n\n\n<p>En d\u2019autres termes, l\u2019effectif pourrait bient\u00f4t \u00eatre \u00e0 nouveau presque complet.<\/p>\n\n\n\n<p>(video<\/p>\n\n\n\n<p>wrestlingheadlines.com\/backstage-wwe-news-rey-mysterio-injured-reason-charlotte-flair-missed-last-weeks-smackdown\/<\/p>\n<p><\/p>","protected":false},"excerpt":{"rendered":"<p>Deux grandes stars de la WWE ont \u00e9t\u00e9 visiblement absentes de la t\u00e9l\u00e9vision la semaine pass\u00e9e, mais aucune des deux situations ne devrait les maintenir longtemps \u00e0 l\u2019\u00e9cart. Rey Mysterio a manqu\u00e9 l\u2019\u00e9pisode de WWE Raw cette semaine en raison d\u2019une blessure mineure. Le probl\u00e8me n\u2019est pas consid\u00e9r\u00e9 comme grave et Mysterio devrait revenir rapidement&#8230;<\/p>\n","protected":false},"author":665,"featured_media":0,"comment_status":"open","ping_status":"closed","sticky":false,"template":"","format":"standard","meta":{"footnotes":""},"categories":[1],"tags":[],"ppma_author":[289],"class_list":["post-128354","post","type-post","status-publish","format-standard","hentry","category-uncategorized"],"authors":[{"term_id":289,"user_id":665,"is_guest":0,"slug":"line","display_name":"Line Edmond","avatar_url":"https:\/\/secure.gravatar.com\/avatar\/852de09636413c90cdaa278312f9ea5bc4396768745424755cb63d99a05989d0?s=96&d=mm&r=g","0":null,"1":"","2":"","3":"","4":"","5":"","6":"","7":"","8":""}],"_links":{"self":[{"href":"https:\/\/www.jdx.info\/lutte\/wp-json\/wp\/v2\/posts\/128354","targetHints":{"allow":["GET"]}}],"collection":[{"href":"https:\/\/www.jdx.info\/lutte\/wp-json\/wp\/v2\/posts"}],"about":[{"href":"https:\/\/www.jdx.info\/lutte\/wp-json\/wp\/v2\/types\/post"}],"author":[{"embeddable":true,"href":"https:\/\/www.jdx.info\/lutte\/wp-json\/wp\/v2\/users\/665"}],"replies":[{"embeddable":true,"href":"https:\/\/www.jdx.info\/lutte\/wp-json\/wp\/v2\/comments?post=128354"}],"version-history":[{"count":1,"href":"https:\/\/www.jdx.info\/lutte\/wp-json\/wp\/v2\/posts\/128354\/revisions"}],"predecessor-version":[{"id":128355,"href":"https:\/\/www.jdx.info\/lutte\/wp-json\/wp\/v2\/posts\/128354\/revisions\/128355"}],"wp:attachment":[{"href":"https:\/\/www.jdx.info\/lutte\/wp-json\/wp\/v2\/media?parent=128354"}],"wp:term":[{"taxonomy":"category","embeddable":true,"href":"https:\/\/www.jdx.info\/lutte\/wp-json\/wp\/v2\/categories?post=128354"},{"taxonomy":"post_tag","embeddable":true,"href":"https:\/\/www.jdx.info\/lutte\/wp-json\/wp\/v2\/tags?post=128354"},{"taxonomy":"author","embeddable":true,"href":"https:\/\/www.jdx.info\/lutte\/wp-json\/wp\/v2\/ppma_author?post=128354"}],"curies":[{"name":"wp","href":"https:\/\/api.w.org\/{rel}","templated":true}]}}