{"id":128335,"date":"2026-01-29T13:12:13","date_gmt":"2026-01-29T18:12:13","guid":{"rendered":"https:\/\/www.jdx.info\/lutte\/?p=128335"},"modified":"2026-01-29T13:12:13","modified_gmt":"2026-01-29T18:12:13","slug":"des-nouvelles-en-coulisses-sur-la-wwe-qui-discute-de-modifier-les-plans-pour-le-main-event-de-samedi-soir-a-montreal","status":"publish","type":"post","link":"https:\/\/www.jdx.info\/lutte\/2026\/01\/29\/des-nouvelles-en-coulisses-sur-la-wwe-qui-discute-de-modifier-les-plans-pour-le-main-event-de-samedi-soir-a-montreal\/","title":{"rendered":"Des nouvelles en coulisses sur la WWE qui discute de modifier les plans pour le main event de samedi soir \u00e0 Montr\u00e9al"},"content":{"rendered":"\n<p>Le prochain \u00e9v\u00e9nement principal du samedi soir de la WWE \u00e0 Montr\u00e9al sera diffus\u00e9 \u00e0 l\u2019heure initialement pr\u00e9vue.<\/p>\n\n\n\n<p>Mais ce n\u2019\u00e9tait pas toujours une certitude.<\/p>\n\n\n\n<p>Selon une source, des discussions internes ont eu lieu sur la possibilit\u00e9 de modifier l\u2019heure de d\u00e9but du sp\u00e9cial du 24 janvier.<\/p>\n\n\n\n<p>L\u2019id\u00e9e aurait \u00e9t\u00e9 centr\u00e9e sur le fait d\u2019avancer l\u2019\u00e9v\u00e9nement d\u2019une heure en raison du premier \u00e9v\u00e9nement de l\u2019UFC sur Paramount+, qui doit d\u00e9buter \u00e0 21h. Paramount+ mettrait l\u2019accent sur des horaires de d\u00e9but plus pr\u00e9coces pour les grands \u00e9v\u00e9nements live dans le cadre de sa strat\u00e9gie de d\u00e9ploiement.<\/p>\n\n\n\n<p>Ce chevauchement a suscit\u00e9 des discussions sur la question d\u2019ajuster son propre calendrier pour \u00e9viter la concurrence le m\u00eame soir.<\/p>\n\n\n\n<p>Finalement, aucun changement n\u2019a \u00e9t\u00e9 apport\u00e9, et l\u2019\u00e9v\u00e9nement principal du samedi soir se d\u00e9roulera comme pr\u00e9vu.<\/p>\n\n\n\n<p>Cela n\u2019aurait cependant pas \u00e9t\u00e9 sans pr\u00e9c\u00e9dent. Par le pass\u00e9, l\u2019UFC et la WWE ont tous deux ajust\u00e9 les calendriers des \u00e9v\u00e9nements sous l\u2019\u00e9gide du TKO, un repr\u00e9sentant de la soci\u00e9t\u00e9 ayant qualifi\u00e9 ces mouvements de \u00ab synergie d\u2019entreprise \u00bb.<\/p>\n\n\n\n<p>Le combat principal du samedi soir de la WWE aura lieu le samedi 24 janvier 2026, en direct depuis le Bell Centre \u00e0 Montr\u00e9al, Qu\u00e9bec, Canada. Le spectacle mettra en vedette Rhea Ripley &amp; Iyo Sky contre Liv Morgan &amp; Roxanne Perez pour le championnat par \u00e9quipe f\u00e9minin WWE.<\/p>\n\n\n\n<p>Un match \u00e0 quatre est \u00e9galement pr\u00e9vu pour d\u00e9terminer l\u2019adversaire de la d\u00e9fense du championnat WWE incontest\u00e9 par Drew McIntyre lors du WWE Royal Rumble : Riyadh le 31 janvier 2026.<\/p>\n\n\n\n<p>N\u2019oubliez pas de nous rejoindre ici \u00e0 WrestlingHeadlines.com le 24\/01 pour la couverture en direct des&nbsp;<a href=\"https:\/\/www.wrestlingheadlines.com\/results\/snme\">r\u00e9sultats du match principal du samedi soir de la WWE<\/a>&nbsp;depuis Montr\u00e9al, Qu\u00e9bec, Canada.<\/p>\n\n\n\n<p>wrestlingheadlines.com\/backstage-news-on-wwe-having-talks-about-making-change-to-plans-for-saturday-nights-main-event-in-montreal\/<\/p>\n<p><\/p>","protected":false},"excerpt":{"rendered":"<p>Le prochain \u00e9v\u00e9nement principal du samedi soir de la WWE \u00e0 Montr\u00e9al sera diffus\u00e9 \u00e0 l\u2019heure initialement pr\u00e9vue. Mais ce n\u2019\u00e9tait pas toujours une certitude. Selon une source, des discussions internes ont eu lieu sur la possibilit\u00e9 de modifier l\u2019heure de d\u00e9but du sp\u00e9cial du 24 janvier. L\u2019id\u00e9e aurait \u00e9t\u00e9 centr\u00e9e sur le fait d\u2019avancer&#8230;<\/p>\n","protected":false},"author":665,"featured_media":0,"comment_status":"open","ping_status":"closed","sticky":false,"template":"","format":"standard","meta":{"footnotes":""},"categories":[1],"tags":[],"ppma_author":[289],"class_list":["post-128335","post","type-post","status-publish","format-standard","hentry","category-uncategorized"],"authors":[{"term_id":289,"user_id":665,"is_guest":0,"slug":"line","display_name":"Line Edmond","avatar_url":"https:\/\/secure.gravatar.com\/avatar\/852de09636413c90cdaa278312f9ea5bc4396768745424755cb63d99a05989d0?s=96&d=mm&r=g","0":null,"1":"","2":"","3":"","4":"","5":"","6":"","7":"","8":""}],"_links":{"self":[{"href":"https:\/\/www.jdx.info\/lutte\/wp-json\/wp\/v2\/posts\/128335","targetHints":{"allow":["GET"]}}],"collection":[{"href":"https:\/\/www.jdx.info\/lutte\/wp-json\/wp\/v2\/posts"}],"about":[{"href":"https:\/\/www.jdx.info\/lutte\/wp-json\/wp\/v2\/types\/post"}],"author":[{"embeddable":true,"href":"https:\/\/www.jdx.info\/lutte\/wp-json\/wp\/v2\/users\/665"}],"replies":[{"embeddable":true,"href":"https:\/\/www.jdx.info\/lutte\/wp-json\/wp\/v2\/comments?post=128335"}],"version-history":[{"count":1,"href":"https:\/\/www.jdx.info\/lutte\/wp-json\/wp\/v2\/posts\/128335\/revisions"}],"predecessor-version":[{"id":128336,"href":"https:\/\/www.jdx.info\/lutte\/wp-json\/wp\/v2\/posts\/128335\/revisions\/128336"}],"wp:attachment":[{"href":"https:\/\/www.jdx.info\/lutte\/wp-json\/wp\/v2\/media?parent=128335"}],"wp:term":[{"taxonomy":"category","embeddable":true,"href":"https:\/\/www.jdx.info\/lutte\/wp-json\/wp\/v2\/categories?post=128335"},{"taxonomy":"post_tag","embeddable":true,"href":"https:\/\/www.jdx.info\/lutte\/wp-json\/wp\/v2\/tags?post=128335"},{"taxonomy":"author","embeddable":true,"href":"https:\/\/www.jdx.info\/lutte\/wp-json\/wp\/v2\/ppma_author?post=128335"}],"curies":[{"name":"wp","href":"https:\/\/api.w.org\/{rel}","templated":true}]}}