{"id":128034,"date":"2026-01-08T13:52:13","date_gmt":"2026-01-08T18:52:13","guid":{"rendered":"https:\/\/www.jdx.info\/lutte\/?p=128034"},"modified":"2026-01-08T13:56:54","modified_gmt":"2026-01-08T18:56:54","slug":"la-derniere-convalescence-de-liv-morgan-la-perturbee-mentalement","status":"publish","type":"post","link":"https:\/\/www.jdx.info\/lutte\/2026\/01\/08\/la-derniere-convalescence-de-liv-morgan-la-perturbee-mentalement\/","title":{"rendered":"La derni\u00e8re convalescence de Liv Morgan la perturb\u00e9e mentalement !"},"content":{"rendered":"\n<p>La derni\u00e8re pause de la blessure de Liv Morgan l\u2019a chang\u00e9e. Lors d\u2019une apparition dans le podcast\u00a0What\u2019s Your Story\u00a0? avec Steph McMahon, elle a expliqu\u00e9 comment.<\/p>\n\n\n\n<p>La superstar de la WWE et membre duJudgment Day a discut\u00e9 avec Stephanie McMahon de ce sujet, ainsi que de la fa\u00e7on dont cette blessure \u00e9tait diff\u00e9rente de tout ce qu\u2019elle avait d\u00e9j\u00e0 v\u00e9cu et comment Raquel Rodriguez lui a donn\u00e9 des conseils qui l\u2019ont aid\u00e9e.<\/p>\n\n\n\n<p>Voici quelques points forts de l\u2019interview o\u00f9 elle aborde ces sujets avec ses r\u00e9flexions. Ci-dessous est \u00e9galement int\u00e9gr\u00e9 un extrait vid\u00e9o de la discussion.<\/p>\n\n\n\n<p><strong>Sur la diff\u00e9rence entre cette blessure et tout ce qu\u2019elle a connu auparavant :<\/strong>\u00a0<\/p>\n\n\n\n<blockquote class=\"wp-block-quote is-layout-flow wp-block-quote-is-layout-flow\">\n<p>\u00ab Je ne sais pas si c\u2019\u00e9tait, genre, la d\u00e9vastation initiale de la blessure. Quand je me suis d\u00e9chir\u00e9 l\u2019\u00e9paule en 2022, je l\u2019ai accept\u00e9. C\u2019\u00e9tait ma premi\u00e8re blessure. Je me suis dit : \u00ab <em>Ok, je vais revenir de l\u00e0<\/em>. \u00bb Mais cette blessure m\u2019a vraiment perturb\u00e9 mentalement. Je crois que tout arrive pour une raison \u2014 et je sais que c\u2019est vrai. Mais c\u2019\u00e9tait la seule fois \u00e9go\u00efstement o\u00f9 je me suis dit : \u00ab <em>Ce n\u2019est pas arriv\u00e9 pour mon plus grand bien. Genre, pour me baiser. <\/em>\u00bb Tu sais? C\u2019est ce que j\u2019ai vraiment ressenti. Et j\u2019ai eu du mal avec \u00e7a. \u00catre quelqu\u2019un qui croit que tout arrive pour une raison, je suis tellement dans le d\u00e9ni. Genre, \u00ab <em>\u00c7a s\u2019est pass\u00e9. M\u00eame si \u00e7a semble terrible, je reviendrai meilleur de l\u2019autre c\u00f4t\u00e9.<\/em> \u00bb Genre, croire en \u00e7a mais soudainement ne plus y croire. Je me disais : \u00ab <em>Mais en quoi je crois ?<\/em> \u00bb En quoi dois-je croire si je ne crois pas que tout ira bien \u00e0 la fin de la journ\u00e9e ? \u00bb<\/p>\n<\/blockquote>\n\n\n\n<p><strong>Sur la fa\u00e7on dont Raquel Rodriguez lui a dit qu\u2019il faut montrer le plus de foi quand la foi est le plus mise \u00e0 l\u2019\u00e9preuve :<\/strong>\u00a0<\/p>\n\n\n\n<blockquote class=\"wp-block-quote is-layout-flow wp-block-quote-is-layout-flow\">\n<p>\u00ab Quand elle a dit \u00e7a, j\u2019ai un peu pu me relever un peu \u00bb, a dit Morgan. \u00ab Je me sentais tellement d\u00e9sol\u00e9e pour moi-m\u00eame, tellement boulevers\u00e9e et tellement d\u00e9\u00e7ue. Et elle a dit \u00e7a et \u00e7a m\u2019a un peu sorti de la situation. Laisse-moi essayer d\u2019avoir plus de foi. Et je pense aussi, vous savez, juste ces cinq mois seul. Genre, \u00eatre \u00e0 la WWE depuis que j\u2019ai 20 ans et avoir l\u2019impression que c\u2019\u00e9tait une partie tellement pr\u00e9sente de ma vie avant \u00e7a. Ne pas \u00eatre impliqu\u00e9, c\u2019\u00e9tait difficile pour moi. \u00bb<\/p>\n<\/blockquote>\n\n\n\n<p><strong>Sur la fa\u00e7on dont sa derni\u00e8re pause de blessure l\u2019a chang\u00e9e : <\/strong><\/p>\n\n\n\n<blockquote class=\"wp-block-quote is-layout-flow wp-block-quote-is-layout-flow\">\n<p>\u00ab Je pense qu\u2019en\u00a0restant seule pendant ces cinq mois, en \u00e9tant juste Gionna Daddio et pas Liv Morgan. Je me disais : \u00ab <em>Mec, je suis vraiment un l\u00e2che, je suppose.<\/em> \u00bb Je suis, genre, une petite fille tellement sensible et douce. Et j\u2019essaie encore de m\u2019en d\u00e9barrasser un peu. Mais je ne sais pas, je pense que le simple fait d\u2019\u00eatre moi-m\u00eame pendant cette longue p\u00e9riode a aussi beaucoup chang\u00e9 mon \u00e9tat d\u2019esprit. Genre, je me sens diff\u00e9rent. Je ne me sens plus comme la m\u00eame personne qu\u2019il y a six mois. \u00bb<\/p>\n<\/blockquote>\n\n\n\n<center><iframe loading=\"lazy\" width=\"560\" height=\"315\" src=\"https:\/\/www.youtube.com\/embed\/PioWKcZXZE4?si=nH6TYsFCSBaSNX2i\" title=\"YouTube video player\" frameborder=\"0\" allow=\"accelerometer; autoplay; clipboard-write; encrypted-media; gyroscope; picture-in-picture; web-share\" referrerpolicy=\"strict-origin-when-cross-origin\" allowfullscreen><\/iframe><\/center>\n\n\n\n<p><\/p>\n<p><\/p>","protected":false},"excerpt":{"rendered":"<p>La derni\u00e8re pause de la blessure de Liv Morgan l\u2019a chang\u00e9e. Lors d\u2019une apparition dans le podcast\u00a0What\u2019s Your Story\u00a0? avec Steph McMahon, elle a expliqu\u00e9 comment. La superstar de la WWE et membre duJudgment Day a discut\u00e9 avec Stephanie McMahon de ce sujet, ainsi que de la fa\u00e7on dont cette blessure \u00e9tait diff\u00e9rente de tout&#8230;<\/p>\n","protected":false},"author":665,"featured_media":128038,"comment_status":"open","ping_status":"closed","sticky":false,"template":"","format":"standard","meta":{"footnotes":""},"categories":[4,23],"tags":[152],"ppma_author":[289],"class_list":["post-128034","post","type-post","status-publish","format-standard","has-post-thumbnail","hentry","category-news","category-wwe","tag-women-of-wrestling"],"authors":[{"term_id":289,"user_id":665,"is_guest":0,"slug":"line","display_name":"Line Edmond","avatar_url":"https:\/\/secure.gravatar.com\/avatar\/852de09636413c90cdaa278312f9ea5bc4396768745424755cb63d99a05989d0?s=96&d=mm&r=g","0":null,"1":"","2":"","3":"","4":"","5":"","6":"","7":"","8":""}],"_links":{"self":[{"href":"https:\/\/www.jdx.info\/lutte\/wp-json\/wp\/v2\/posts\/128034","targetHints":{"allow":["GET"]}}],"collection":[{"href":"https:\/\/www.jdx.info\/lutte\/wp-json\/wp\/v2\/posts"}],"about":[{"href":"https:\/\/www.jdx.info\/lutte\/wp-json\/wp\/v2\/types\/post"}],"author":[{"embeddable":true,"href":"https:\/\/www.jdx.info\/lutte\/wp-json\/wp\/v2\/users\/665"}],"replies":[{"embeddable":true,"href":"https:\/\/www.jdx.info\/lutte\/wp-json\/wp\/v2\/comments?post=128034"}],"version-history":[{"count":4,"href":"https:\/\/www.jdx.info\/lutte\/wp-json\/wp\/v2\/posts\/128034\/revisions"}],"predecessor-version":[{"id":128042,"href":"https:\/\/www.jdx.info\/lutte\/wp-json\/wp\/v2\/posts\/128034\/revisions\/128042"}],"wp:featuredmedia":[{"embeddable":true,"href":"https:\/\/www.jdx.info\/lutte\/wp-json\/wp\/v2\/media\/128038"}],"wp:attachment":[{"href":"https:\/\/www.jdx.info\/lutte\/wp-json\/wp\/v2\/media?parent=128034"}],"wp:term":[{"taxonomy":"category","embeddable":true,"href":"https:\/\/www.jdx.info\/lutte\/wp-json\/wp\/v2\/categories?post=128034"},{"taxonomy":"post_tag","embeddable":true,"href":"https:\/\/www.jdx.info\/lutte\/wp-json\/wp\/v2\/tags?post=128034"},{"taxonomy":"author","embeddable":true,"href":"https:\/\/www.jdx.info\/lutte\/wp-json\/wp\/v2\/ppma_author?post=128034"}],"curies":[{"name":"wp","href":"https:\/\/api.w.org\/{rel}","templated":true}]}}