{"id":127718,"date":"2026-01-29T13:12:13","date_gmt":"2026-01-29T18:12:13","guid":{"rendered":"https:\/\/www.jdx.info\/lutte\/?p=127718"},"modified":"2026-01-29T13:12:13","modified_gmt":"2026-01-29T18:12:13","slug":"un-match-legendaire-pour-le-titre-generationnel-pourrait-etre-en-preparation-pour-wwe-wrestlemania-42","status":"publish","type":"post","link":"https:\/\/www.jdx.info\/lutte\/2026\/01\/29\/un-match-legendaire-pour-le-titre-generationnel-pourrait-etre-en-preparation-pour-wwe-wrestlemania-42\/","title":{"rendered":"Un match l\u00e9gendaire pour le titre g\u00e9n\u00e9rationnel pourrait \u00eatre en pr\u00e9paration pour WWE WrestleMania 42"},"content":{"rendered":"\n<p>Un affrontement g\u00e9n\u00e9rationnel d\u2019une ampleur \u00e9pique pourrait-il \u00eatre en pr\u00e9paration pour la \u00ab Grandiose Sc\u00e8ne de Toutes \u00bb de la WWE ?<\/p>\n\n\n\n<p>Cela semble tout \u00e0 fait possible, puisque Matt Hardy a propos\u00e9 une id\u00e9e de WrestleMania \u00e0 succ\u00e8s apr\u00e8s la derni\u00e8re victoire de championnat des Usos.<\/p>\n\n\n\n<p>Apr\u00e8s que&nbsp;<a href=\"https:\/\/wrestlingheadlines.com\/big-title-change-takes-place-to-end-the-final-wwe-raw-of-2025\/\">The Usos eurent remport\u00e9 les titres par \u00e9quipe du monde WWE \u00e0 WWE Raw<\/a>&nbsp;le 29 d\u00e9cembre, Hardy s\u2019est tourn\u00e9 vers les r\u00e9seaux sociaux pour f\u00e9liciter les fr\u00e8res et proposer un match potentiellement triple menace sur la plus grande sc\u00e8ne de la WWE.<\/p>\n\n\n\n<p>\u00ab F\u00e9licitations aux Usos \u00bb, a \u00e9crit Hardy via son compte officiel X. \u00ab Victoire bien m\u00e9rit\u00e9e, vous avez vraiment assur\u00e9. \u00bb<\/p>\n\n\n\n<p>Hardy a ajout\u00e9 : \u00ab Peut-\u00eatre qu\u2019\u00e0 WrestleMania, il est temps pour The Usos contre The New Day contre The Hardy Boyz dans un match de r\u00eave g\u00e9n\u00e9rationnel. \u00bb<\/p>\n\n\n\n<p>L\u2019id\u00e9e a rapidement pris de l\u2019ampleur, du moins dans un coin du duel propos\u00e9. Kofi Kingston de The New Day a r\u00e9pondu au post de Hardy par un emoji yeux, signalant un int\u00e9r\u00eat \u00e9vident pour le concept.<\/p>\n\n\n\n<p>Bien que The Hardy Boyz soient actuellement sign\u00e9s par la TNA et d\u00e9tiennent les championnats par \u00e9quipe TNA, leur porte \u00e0 la WWE reste ouverte gr\u00e2ce au partenariat continu entre les deux promotions.<\/p>\n\n\n\n<p>Matt et Jeff Hardy sont d\u00e9j\u00e0 apparus \u00e0 la t\u00e9l\u00e9vision WWE gr\u00e2ce \u00e0 cette collaboration, notamment en participant \u00e0 NXT et en connaissant m\u00eame un bref r\u00e8gne en tant que champions par \u00e9quipe de NXT.<\/p>\n\n\n\n<p>Une collision \u00e0 trois \u00e9quipes \u00e0 WrestleMania r\u00e9unirait trois des \u00e9quipes les plus influentes de leurs \u00e9poques respectives.<\/p>\n\n\n\n<p>Et c\u2019est d\u00e9j\u00e0 en train d\u2019\u00eatre concr\u00e9tis\u00e9 par la parole.<\/p>\n\n\n\n<p>WWE WrestleMania 42 est pr\u00e9vu pour se d\u00e9rouler les 18 et 19 avril 2026, en direct depuis l\u2019Allegiant Stadium \u00e0 Las Vegas, Nevada.<\/p>\n\n\n\n<p>Si cela vous int\u00e9resse, vous pouvez consulter nos r\u00e9sultats complets&nbsp;<a href=\"https:\/\/www.wrestlingheadlines.com\/wwe-raw-results-12-29-25\">WWE Raw du 29\/12\/25<\/a>&nbsp;ici sur WrestlingHeadlines.com.<\/p>\n\n\n\n<p>(video<\/p>\n\n\n\n<p>wrestlingheadlines.com\/legendary-generational-title-match-could-be-in-the-works-for-wwe-wrestlemania-42\/<\/p>\n<p><\/p>","protected":false},"excerpt":{"rendered":"<p>Un affrontement g\u00e9n\u00e9rationnel d\u2019une ampleur \u00e9pique pourrait-il \u00eatre en pr\u00e9paration pour la \u00ab Grandiose Sc\u00e8ne de Toutes \u00bb de la WWE ? Cela semble tout \u00e0 fait possible, puisque Matt Hardy a propos\u00e9 une id\u00e9e de WrestleMania \u00e0 succ\u00e8s apr\u00e8s la derni\u00e8re victoire de championnat des Usos. Apr\u00e8s que&nbsp;The Usos eurent remport\u00e9 les titres par&#8230;<\/p>\n","protected":false},"author":665,"featured_media":0,"comment_status":"open","ping_status":"closed","sticky":false,"template":"","format":"standard","meta":{"footnotes":""},"categories":[1],"tags":[],"ppma_author":[289],"class_list":["post-127718","post","type-post","status-publish","format-standard","hentry","category-uncategorized"],"authors":[{"term_id":289,"user_id":665,"is_guest":0,"slug":"line","display_name":"Line Edmond","avatar_url":"https:\/\/secure.gravatar.com\/avatar\/852de09636413c90cdaa278312f9ea5bc4396768745424755cb63d99a05989d0?s=96&d=mm&r=g","0":null,"1":"","2":"","3":"","4":"","5":"","6":"","7":"","8":""}],"_links":{"self":[{"href":"https:\/\/www.jdx.info\/lutte\/wp-json\/wp\/v2\/posts\/127718","targetHints":{"allow":["GET"]}}],"collection":[{"href":"https:\/\/www.jdx.info\/lutte\/wp-json\/wp\/v2\/posts"}],"about":[{"href":"https:\/\/www.jdx.info\/lutte\/wp-json\/wp\/v2\/types\/post"}],"author":[{"embeddable":true,"href":"https:\/\/www.jdx.info\/lutte\/wp-json\/wp\/v2\/users\/665"}],"replies":[{"embeddable":true,"href":"https:\/\/www.jdx.info\/lutte\/wp-json\/wp\/v2\/comments?post=127718"}],"version-history":[{"count":1,"href":"https:\/\/www.jdx.info\/lutte\/wp-json\/wp\/v2\/posts\/127718\/revisions"}],"predecessor-version":[{"id":127720,"href":"https:\/\/www.jdx.info\/lutte\/wp-json\/wp\/v2\/posts\/127718\/revisions\/127720"}],"wp:attachment":[{"href":"https:\/\/www.jdx.info\/lutte\/wp-json\/wp\/v2\/media?parent=127718"}],"wp:term":[{"taxonomy":"category","embeddable":true,"href":"https:\/\/www.jdx.info\/lutte\/wp-json\/wp\/v2\/categories?post=127718"},{"taxonomy":"post_tag","embeddable":true,"href":"https:\/\/www.jdx.info\/lutte\/wp-json\/wp\/v2\/tags?post=127718"},{"taxonomy":"author","embeddable":true,"href":"https:\/\/www.jdx.info\/lutte\/wp-json\/wp\/v2\/ppma_author?post=127718"}],"curies":[{"name":"wp","href":"https:\/\/api.w.org\/{rel}","templated":true}]}}