{"id":126876,"date":"2025-12-08T12:05:00","date_gmt":"2025-12-08T17:05:00","guid":{"rendered":"https:\/\/www.jdx.info\/lutte\/?p=126876"},"modified":"2025-12-08T14:10:14","modified_gmt":"2025-12-08T19:10:14","slug":"sting-parle-du-match-de-retraite-de-john-cena-felicite-fortement-tony-khan-et-dit-quil-se-sent-chez-lui-a-la-aew","status":"publish","type":"post","link":"https:\/\/www.jdx.info\/lutte\/2025\/12\/08\/sting-parle-du-match-de-retraite-de-john-cena-felicite-fortement-tony-khan-et-dit-quil-se-sent-chez-lui-a-la-aew\/","title":{"rendered":"Sting parle du match de retraite de John Cena, f\u00e9licite fortement Tony Khan et dit qu&rsquo;il se sent chez lui \u00e0 la AEW !"},"content":{"rendered":"\n<p>D\u2019une ic\u00f4ne \u00e0 l\u2019autre, Sting esp\u00e8re que John Cena aura un match de retraite \u00ab ph\u00e9nom\u00e9nal \u00bb ce week-end.<\/p>\n\n\n\n<p>\u00ab The Icon \u00bb Sting s\u2019est entretenu avec\u00a0<a href=\"#Video\">Going Ringside&rsquo; de News4Jax<\/a>\u00a0de Jacksonville, Floride, au cours de laquelle il a parl\u00e9 du match de retraite de John Cena contre Gunther lors du show WWE Saturday Night\u2019s Main Event le 13 d\u00e9cembre \u00e0 la Capital One Arena \u00e0 Washington, DC.<\/p>\n\n\n\n<p>De plus, la l\u00e9gende du TNA et WWE Hall of Fame et star de la AEW a parl\u00e9 de sa propre tourn\u00e9e de retraite en convention, de son travail pour Tony Khan et plus encore. Voici quelques points forts de l\u2019interview o\u00f9 il aborde ces sujets avec ses r\u00e9flexions. Ci-dessous est \u00e9galement int\u00e9gr\u00e9 une archive vid\u00e9o compl\u00e8te de la discussion.<\/p>\n\n\n\n<p><strong>Sur la possibilit\u00e9 de&rsquo;avoir concourir \u00e0 la WWE, AEW, TNA et WCW :<\/strong>&nbsp;<\/p>\n\n\n\n<blockquote class=\"wp-block-quote is-layout-flow wp-block-quote-is-layout-flow\">\n<p>\u00ab Ils sont tous diff\u00e9rents \u00e0 certains \u00e9gards. Mais ce que j\u2019aimais chez AEW, c\u2019est que \u00e7a ressemblait \u00e0 ma marque. \u00c7a m\u2019a sembl\u00e9 \u00eatre chez moi. \u00bb<\/p>\n<\/blockquote>\n\n\n\n<p><strong>\u00c0 propos de son travail avec le pr\u00e9sident de l\u2019AEW, Tony Khan :<\/strong>&nbsp;<\/p>\n\n\n\n<blockquote class=\"wp-block-quote is-layout-flow wp-block-quote-is-layout-flow\">\n<p>\u00ab C\u2019\u00e9tait le meilleur. Il \u00e9tait ph\u00e9nom\u00e9nal. Il m\u2019a trait\u00e9e comme de l\u2019or tout au long. Oui, sans Tony, je n\u2019aurais pas eu la carri\u00e8re que j\u2019ai eue, et Darby [Allin], mon partenaire. \u00bb<\/p>\n<\/blockquote>\n\n\n\n<p><strong>Sur le fait qu\u2019il ait jamais pens\u00e9 rester dans l\u2019industrie du catch professionnel pendant plus de quarante ans :<\/strong>&nbsp;<\/p>\n\n\n\n<blockquote class=\"wp-block-quote is-layout-flow wp-block-quote-is-layout-flow\">\n<p>\u00ab Non. C\u2019est moi qui ai dit : je ne comprends pas tous ces vieux gars qui tra\u00eenent aussi longtemps. Je ne comprenais pas. J\u2019ai dit : \u00ab<em> Je ne ferai jamais \u00e7a <\/em>\u00bb, et je les ai tous \u00e9cras\u00e9s. Quarante ans plus tard, me voil\u00e0. \u00bb<\/p>\n<\/blockquote>\n\n\n\n<p><strong>Sur sa tourn\u00e9e de retraite \u00e0 la convention :<\/strong>&nbsp;<\/p>\n\n\n\n<blockquote class=\"wp-block-quote is-layout-flow wp-block-quote-is-layout-flow\">\n<p>\u00ab \u00c7a a \u00e9t\u00e9 une \u00e9norme b\u00e9n\u00e9diction pour moi, c\u2019est s\u00fbr. Je veux dire, je ne peux pas te dire combien d\u2019histoires j\u2019entends. C\u2019est de \u00e7a qu\u2019il semble s\u2019agir, des histoires. J\u2019entends des fans me raconter des histoires sur la fa\u00e7on dont je les ai affect\u00e9s ou comment la lutte les a affect\u00e9s il y a longtemps. \u00bb<\/p>\n<\/blockquote>\n\n\n\n<p><strong>\u00c0 propos du match de retraite WWE de John Cena :<\/strong>&nbsp;<\/p>\n\n\n\n<blockquote class=\"wp-block-quote is-layout-flow wp-block-quote-is-layout-flow\">\n<p>\u00ab Mec, bravo \u00e0 John. C\u2019est l\u2019un des plus grands de tous les temps. J\u2019adore voir \u00e7a. Je le soutiens. J\u2019esp\u00e8re que ce sera ph\u00e9nom\u00e9nal. Je suis s\u00fbr que oui. Oui, mec, je soutiens toujours ces vieux, tu sais. Allez Aaron Rodgers. \u00bb<\/p>\n<\/blockquote>\n\n\n\n<h2 id=\"Video\">Vid\u00e9o<\/h2>\n\n\n\n<center><iframe loading=\"lazy\" width=\"560\" height=\"315\" src=\"https:\/\/www.youtube.com\/embed\/lm2zhSln3_4?si=36E7y8r03kWatIlK\" title=\"YouTube video player\" frameborder=\"0\" allow=\"accelerometer; autoplay; clipboard-write; encrypted-media; gyroscope; picture-in-picture; web-share\" referrerpolicy=\"strict-origin-when-cross-origin\" allowfullscreen><\/iframe><\/center>\n<p><\/p>","protected":false},"excerpt":{"rendered":"<p>D\u2019une ic\u00f4ne \u00e0 l\u2019autre, Sting esp\u00e8re que John Cena aura un match de retraite \u00ab ph\u00e9nom\u00e9nal \u00bb ce week-end. \u00ab The Icon \u00bb Sting s\u2019est entretenu avec\u00a0Going Ringside&rsquo; de News4Jax\u00a0de Jacksonville, Floride, au cours de laquelle il a parl\u00e9 du match de retraite de John Cena contre Gunther lors du show WWE Saturday Night\u2019s Main&#8230;<\/p>\n","protected":false},"author":665,"featured_media":126901,"comment_status":"open","ping_status":"closed","sticky":false,"template":"","format":"standard","meta":{"footnotes":""},"categories":[38,24,30,77,4,41,83],"tags":[],"ppma_author":[289],"class_list":["post-126876","post","type-post","status-publish","format-standard","has-post-thumbnail","hentry","category-aew","category-aew-impact-njpw-roh","category-ex-wwe","category-hall-of-fame","category-news","category-tna-impact","category-wcw"],"authors":[{"term_id":289,"user_id":665,"is_guest":0,"slug":"line","display_name":"Line Edmond","avatar_url":"https:\/\/secure.gravatar.com\/avatar\/852de09636413c90cdaa278312f9ea5bc4396768745424755cb63d99a05989d0?s=96&d=mm&r=g","0":null,"1":"","2":"","3":"","4":"","5":"","6":"","7":"","8":""}],"_links":{"self":[{"href":"https:\/\/www.jdx.info\/lutte\/wp-json\/wp\/v2\/posts\/126876","targetHints":{"allow":["GET"]}}],"collection":[{"href":"https:\/\/www.jdx.info\/lutte\/wp-json\/wp\/v2\/posts"}],"about":[{"href":"https:\/\/www.jdx.info\/lutte\/wp-json\/wp\/v2\/types\/post"}],"author":[{"embeddable":true,"href":"https:\/\/www.jdx.info\/lutte\/wp-json\/wp\/v2\/users\/665"}],"replies":[{"embeddable":true,"href":"https:\/\/www.jdx.info\/lutte\/wp-json\/wp\/v2\/comments?post=126876"}],"version-history":[{"count":3,"href":"https:\/\/www.jdx.info\/lutte\/wp-json\/wp\/v2\/posts\/126876\/revisions"}],"predecessor-version":[{"id":126903,"href":"https:\/\/www.jdx.info\/lutte\/wp-json\/wp\/v2\/posts\/126876\/revisions\/126903"}],"wp:featuredmedia":[{"embeddable":true,"href":"https:\/\/www.jdx.info\/lutte\/wp-json\/wp\/v2\/media\/126901"}],"wp:attachment":[{"href":"https:\/\/www.jdx.info\/lutte\/wp-json\/wp\/v2\/media?parent=126876"}],"wp:term":[{"taxonomy":"category","embeddable":true,"href":"https:\/\/www.jdx.info\/lutte\/wp-json\/wp\/v2\/categories?post=126876"},{"taxonomy":"post_tag","embeddable":true,"href":"https:\/\/www.jdx.info\/lutte\/wp-json\/wp\/v2\/tags?post=126876"},{"taxonomy":"author","embeddable":true,"href":"https:\/\/www.jdx.info\/lutte\/wp-json\/wp\/v2\/ppma_author?post=126876"}],"curies":[{"name":"wp","href":"https:\/\/api.w.org\/{rel}","templated":true}]}}