{"id":125260,"date":"2025-10-28T16:29:45","date_gmt":"2025-10-28T20:29:45","guid":{"rendered":"https:\/\/www.jdx.info\/lutte\/?p=125260"},"modified":"2025-10-28T16:29:47","modified_gmt":"2025-10-28T20:29:47","slug":"rapports-contradictoires-sur-le-statut-contractuel-dandrade-el-idolo-suite-aux-complications-entre-la-wwe-et-la-aew","status":"publish","type":"post","link":"https:\/\/www.jdx.info\/lutte\/2025\/10\/28\/rapports-contradictoires-sur-le-statut-contractuel-dandrade-el-idolo-suite-aux-complications-entre-la-wwe-et-la-aew\/","title":{"rendered":"Rapports contradictoires sur le statut contractuel d&rsquo;Andrade El Idolo, suite aux complications entre la WWE et la AEW !"},"content":{"rendered":"\n<p><\/p>\n\n\n\n<p>La confusion r\u00e8gne toujours autour du statut professionnel actuel d&rsquo;Andrade El Idolo, des rapports contradictoires ayant \u00e9merg\u00e9 ces derniers jours quant \u00e0 la position officielle de l&rsquo;ancienne star de la WWE et de la AEW.<\/p>\n\n\n\n<p>Plus t\u00f4t ce mois-ci, Andrade a fait la une des journaux lors de son apparition dans un \u00e9pisode d&rsquo;AEW Dynamite, marquant ce que beaucoup croyaient \u00eatre son retour officiel au sein de la WWE apr\u00e8s son licenciement en septembre. Cependant, ce bref retour a \u00e9t\u00e9 rapidement interrompu. Plusieurs sources ont confirm\u00e9 que la AEW a \u00e9t\u00e9 contrainte de retirer Andrade de la t\u00e9l\u00e9vision apr\u00e8s avoir re\u00e7u une mise en demeure de la WWE, soulevant de s\u00e9rieuses questions juridiques quant \u00e0 son \u00e9ligibilit\u00e9 \u00e0 la comp\u00e9tition.<\/p>\n\n\n\n<p>Andrade, 35 ans, a \u00e9t\u00e9 licenci\u00e9 par la WWE suite \u00e0 de multiples violations de la politique de bien-\u00eatre de l&rsquo;entreprise. Dans le cadre de sa lib\u00e9ration, il est actuellement li\u00e9 par ce qui a \u00e9t\u00e9 d\u00e9crit comme une clause de non-concurrence d&rsquo;un an, l&#8217;emp\u00eachant de participer \u00e0 des \u00e9v\u00e9nements de catch t\u00e9l\u00e9vis\u00e9s aux \u00c9tats-Unis jusqu&rsquo;\u00e0 l&rsquo;expiration de cette p\u00e9riode. <\/p>\n\n\n\n<p>Selon un rapport de Pwinsider, certains cercles de lutte libre au Mexique pensent de plus en plus que la WWE pourrait exploiter cette clause de non-concurrence pour influencer la d\u00e9cision d&rsquo;Andrade, potentiellement afin de le faire revenir une fois sa restriction lev\u00e9e. Certains acteurs de la sc\u00e8ne mexicaine du catch ont \u00e9mis l&rsquo;hypoth\u00e8se que la WWE souhaitait conserver le contr\u00f4le de la valeur de sa marque, notamment compte tenu des liens familiaux de longue date d&rsquo;Andrade avec la royaut\u00e9 de la lutte et de son succ\u00e8s pass\u00e9 sous le nom de \u00ab&nbsp;La Sombra&nbsp;\u00bb.<\/p>\n\n\n\n<p>Cependant, un autre rapport de Fightful dresse un tableau diff\u00e9rent. Des sources proches de la WWE auraient d\u00e9clar\u00e9 au m\u00e9dia qu&rsquo;il n&rsquo;y avait aucune discussion active ni aucun projet en cours concernant le retour d&rsquo;Andrade. L&rsquo;une d&rsquo;elles a clairement indiqu\u00e9 que<\/p>\n\n\n\n<blockquote class=\"wp-block-quote is-layout-flow wp-block-quote-is-layout-flow\">\n<p> \u00ab\u00a0sa situation est compliqu\u00e9e, et que la WWE\u00a0n&rsquo;envisage pas de rouvrir ce chapitre de sit\u00f4t\u00a0\u00bb.<\/p>\n<\/blockquote>\n\n\n\n<p>Malgr\u00e9 l&rsquo;incertitude, Andrade ne reste pas inactif. Il est actuellement annonc\u00e9 pour concourir \u00e0 la Big Time Wrestling le 1er novembre, ce qui marque l&rsquo;une de ses rares apparitions ind\u00e9pendantes approuv\u00e9es depuis le d\u00e9but du conflit contractuel. De nombreux acteurs de l&rsquo;industrie ont exprim\u00e9 en priv\u00e9 leur sympathie pour Andrade, soulignant que la clause restrictive de non-concurrence l&#8217;emp\u00eache de gagner un salaire \u00e0 temps plein aux \u00c9tats-Unis.<\/p>\n\n\n\n<p>\u00c0 ce jour, ni la WWE ni la AEW n&rsquo;ont publi\u00e9 de communiqu\u00e9s officiels clarifiant le statut contractuel d&rsquo;Andrade.<\/p>\n<p><\/p>","protected":false},"excerpt":{"rendered":"<p>La confusion r\u00e8gne toujours autour du statut professionnel actuel d&rsquo;Andrade El Idolo, des rapports contradictoires ayant \u00e9merg\u00e9 ces derniers jours quant \u00e0 la position officielle de l&rsquo;ancienne star de la WWE et de la AEW. Plus t\u00f4t ce mois-ci, Andrade a fait la une des journaux lors de son apparition dans un \u00e9pisode d&rsquo;AEW Dynamite,&#8230;<\/p>\n","protected":false},"author":609,"featured_media":125261,"comment_status":"open","ping_status":"closed","sticky":false,"template":"","format":"standard","meta":{"footnotes":""},"categories":[38,24,30,22,4],"tags":[],"ppma_author":[295],"class_list":["post-125260","post","type-post","status-publish","format-standard","has-post-thumbnail","hentry","category-aew","category-aew-impact-njpw-roh","category-ex-wwe","category-indy","category-news"],"authors":[{"term_id":295,"user_id":609,"is_guest":0,"slug":"rodrigo","display_name":"Rodrigue Tousignant","avatar_url":"https:\/\/secure.gravatar.com\/avatar\/51fe284bb6dbe8a6b4c2bf998ad658f4a9cd24b7e58f15ec85888070c7340ce6?s=96&d=mm&r=g","0":null,"1":"","2":"","3":"","4":"","5":"","6":"","7":"","8":""}],"_links":{"self":[{"href":"https:\/\/www.jdx.info\/lutte\/wp-json\/wp\/v2\/posts\/125260","targetHints":{"allow":["GET"]}}],"collection":[{"href":"https:\/\/www.jdx.info\/lutte\/wp-json\/wp\/v2\/posts"}],"about":[{"href":"https:\/\/www.jdx.info\/lutte\/wp-json\/wp\/v2\/types\/post"}],"author":[{"embeddable":true,"href":"https:\/\/www.jdx.info\/lutte\/wp-json\/wp\/v2\/users\/609"}],"replies":[{"embeddable":true,"href":"https:\/\/www.jdx.info\/lutte\/wp-json\/wp\/v2\/comments?post=125260"}],"version-history":[{"count":1,"href":"https:\/\/www.jdx.info\/lutte\/wp-json\/wp\/v2\/posts\/125260\/revisions"}],"predecessor-version":[{"id":125262,"href":"https:\/\/www.jdx.info\/lutte\/wp-json\/wp\/v2\/posts\/125260\/revisions\/125262"}],"wp:featuredmedia":[{"embeddable":true,"href":"https:\/\/www.jdx.info\/lutte\/wp-json\/wp\/v2\/media\/125261"}],"wp:attachment":[{"href":"https:\/\/www.jdx.info\/lutte\/wp-json\/wp\/v2\/media?parent=125260"}],"wp:term":[{"taxonomy":"category","embeddable":true,"href":"https:\/\/www.jdx.info\/lutte\/wp-json\/wp\/v2\/categories?post=125260"},{"taxonomy":"post_tag","embeddable":true,"href":"https:\/\/www.jdx.info\/lutte\/wp-json\/wp\/v2\/tags?post=125260"},{"taxonomy":"author","embeddable":true,"href":"https:\/\/www.jdx.info\/lutte\/wp-json\/wp\/v2\/ppma_author?post=125260"}],"curies":[{"name":"wp","href":"https:\/\/api.w.org\/{rel}","templated":true}]}}