{"id":125154,"date":"2025-10-26T15:16:00","date_gmt":"2025-10-26T19:16:00","guid":{"rendered":"https:\/\/www.jdx.info\/lutte\/?p=125154"},"modified":"2025-10-27T12:39:52","modified_gmt":"2025-10-27T16:39:52","slug":"cm-punk-va-prendre-sa-retraite-plus-tot-que-tard","status":"publish","type":"post","link":"https:\/\/www.jdx.info\/lutte\/2025\/10\/26\/cm-punk-va-prendre-sa-retraite-plus-tot-que-tard\/","title":{"rendered":"CM Punk va prendre sa retraite plus t\u00f4t que tard !"},"content":{"rendered":"\n<p>John Cena n\u2019est qu\u2019\u00e0 quatre apparitions de sa retraite officielle de la WWE. AJ Styles n\u2019est pas loin derri\u00e8re, du moins il va la prendre en 2026.<\/p>\n\n\n\n<p>Apr\u00e8s les supershows de la WWE dans \u00ab&nbsp;The Land of the Rising Sun&nbsp;\u00bb la semaine derni\u00e8re, CM Punk a confirm\u00e9 qu\u2019il approchait \u00e9galement de la fin de sa carri\u00e8re l\u00e9gendaire.<\/p>\n\n\n\n<p>\u00ab\u00a0The Best in the World\u00a0\u00bb a confirm\u00e9 que sa retraite de la WWE \u00e9tait imminente lors d\u2019un\u00a0blog vid\u00e9o sp\u00e9cial de la WWE Japon sur CM Punk\u00a0publi\u00e9 par la WWE qui relatait le voyage de Punk au Japon pour deux \u00e9v\u00e9nements en direct au l\u00e9gendaire Sumo Hall de Tokyo.<\/p>\n\n\n\n<p>Au cours du blog vid\u00e9o, \u00ab\u00a0The Second City Saint\u00a0\u00bb s\u2019est exprim\u00e9 quelques\u00a0instants apr\u00e8s que l\u2019ensemble du roster ait honor\u00e9 AJ Styles pour ses adieux au Japon.<\/p>\n\n\n\n<blockquote class=\"wp-block-quote is-layout-flow wp-block-quote-is-layout-flow\">\n<p>\u00ab\u00a0Je suis donc ici maintenant, vers la fin de ma carri\u00e8re.\u00a0John Cena\u00a0abandonne, AJ Styles dit qu\u2019il va prendre sa retraite l\u2019ann\u00e9e prochaine et je ne sais pas combien de temps il me reste.\u00a0\u00bb<\/p>\n\n\n\n<p> \u00ab Je vais continuer jusqu\u2019\u00e0 ce que les roues tombent. \u00bb<\/p>\n<\/blockquote>\n\n\n\n<p>Punk a poursuivi en disant \u00e0 quel point il a aim\u00e9 voir la fa\u00e7on dont la WWE a g\u00e9r\u00e9 les retraites de Cena et Styles, soulignant qu\u2019ils sont, tout comme lui, les derni\u00e8res l\u00e9gendes de la g\u00e9n\u00e9ration pr\u00e9c\u00e9dente et que tous sont en train d\u2019aider \u00e0 la transition vers la prochaine g\u00e9n\u00e9ration de Superstars de la WWE et de futures l\u00e9gendes.<\/p>\n\n\n\n<p>Voici sa d\u00e9claration concernant sa retraite: <\/p>\n\n\n\n<blockquote class=\"wp-block-quote is-layout-flow wp-block-quote-is-layout-flow\">\n<p>\u00ab\u00a0Je sais que c\u2019est le plus t\u00f4t possible.\u00a0C\u2019est pourquoi je pense qu\u2019il est important, pour nous tous, pas seulement pour moi, de c\u00e9l\u00e9brer chaque lutteur \u00e0 la retraite.\u00a0\u00bb<\/p>\n<\/blockquote>\n\n\n\n<p>L\u2019ancien multiple champion du monde de la WWE, TNA, AEW a poursuivi : <\/p>\n\n\n\n<blockquote class=\"wp-block-quote is-layout-flow wp-block-quote-is-layout-flow\">\n<p>\u00ab\u00a0Il y a toute une nouvelle g\u00e9n\u00e9ration de talents qui arrive pour prendre notre place et d\u2019une certaine mani\u00e8re, nous sommes ravis de voir cela se produire.\u00a0\u00bb<\/p>\n<\/blockquote>\n\n\n\n<p>CM Punk doit affronter le &lsquo;Main Event&rsquo; Jey Uso pour le titre vacant de champion du monde des poids lourds de la WWE lors du co-main event du WWE Saturday Night\u2019s Main Event  samedi prochain au Delta Center de Salt Lake City, dans l\u2019Utah.<\/p>\n\n\n\n<p>Tiffany Stratton contre Jade Cargill pour le championnat f\u00e9minin de la WWE est \u00e9galement annonc\u00e9e pour le show Main Event du samedi soir de la WWE, ainsi que Cody Rhodes contre Drew McIntyre pour le championnat incontest\u00e9 de la WWE.<\/p>\n\n\n\n<center><iframe loading=\"lazy\" width=\"560\" height=\"315\" src=\"https:\/\/www.youtube.com\/embed\/YVS62FhSssE?si=kcYKBKLUqGsVLr_w\" title=\"YouTube video player\" frameborder=\"0\" allow=\"accelerometer; autoplay; clipboard-write; encrypted-media; gyroscope; picture-in-picture; web-share\" referrerpolicy=\"strict-origin-when-cross-origin\" allowfullscreen><\/iframe><\/center>\n\n\n\n<p><\/p>\n<p><\/p>","protected":false},"excerpt":{"rendered":"<p>John Cena n\u2019est qu\u2019\u00e0 quatre apparitions de sa retraite officielle de la WWE. AJ Styles n\u2019est pas loin derri\u00e8re, du moins il va la prendre en 2026. Apr\u00e8s les supershows de la WWE dans \u00ab&nbsp;The Land of the Rising Sun&nbsp;\u00bb la semaine derni\u00e8re, CM Punk a confirm\u00e9 qu\u2019il approchait \u00e9galement de la fin de sa&#8230;<\/p>\n","protected":false},"author":665,"featured_media":125167,"comment_status":"open","ping_status":"closed","sticky":false,"template":"","format":"standard","meta":{"footnotes":""},"categories":[4,23],"tags":[135],"ppma_author":[289],"class_list":["post-125154","post","type-post","status-publish","format-standard","has-post-thumbnail","hentry","category-news","category-wwe","tag-saturday-night-main-event"],"authors":[{"term_id":289,"user_id":665,"is_guest":0,"slug":"line","display_name":"Line Edmond","avatar_url":"https:\/\/secure.gravatar.com\/avatar\/852de09636413c90cdaa278312f9ea5bc4396768745424755cb63d99a05989d0?s=96&d=mm&r=g","0":null,"1":"","2":"","3":"","4":"","5":"","6":"","7":"","8":""}],"_links":{"self":[{"href":"https:\/\/www.jdx.info\/lutte\/wp-json\/wp\/v2\/posts\/125154","targetHints":{"allow":["GET"]}}],"collection":[{"href":"https:\/\/www.jdx.info\/lutte\/wp-json\/wp\/v2\/posts"}],"about":[{"href":"https:\/\/www.jdx.info\/lutte\/wp-json\/wp\/v2\/types\/post"}],"author":[{"embeddable":true,"href":"https:\/\/www.jdx.info\/lutte\/wp-json\/wp\/v2\/users\/665"}],"replies":[{"embeddable":true,"href":"https:\/\/www.jdx.info\/lutte\/wp-json\/wp\/v2\/comments?post=125154"}],"version-history":[{"count":2,"href":"https:\/\/www.jdx.info\/lutte\/wp-json\/wp\/v2\/posts\/125154\/revisions"}],"predecessor-version":[{"id":125168,"href":"https:\/\/www.jdx.info\/lutte\/wp-json\/wp\/v2\/posts\/125154\/revisions\/125168"}],"wp:featuredmedia":[{"embeddable":true,"href":"https:\/\/www.jdx.info\/lutte\/wp-json\/wp\/v2\/media\/125167"}],"wp:attachment":[{"href":"https:\/\/www.jdx.info\/lutte\/wp-json\/wp\/v2\/media?parent=125154"}],"wp:term":[{"taxonomy":"category","embeddable":true,"href":"https:\/\/www.jdx.info\/lutte\/wp-json\/wp\/v2\/categories?post=125154"},{"taxonomy":"post_tag","embeddable":true,"href":"https:\/\/www.jdx.info\/lutte\/wp-json\/wp\/v2\/tags?post=125154"},{"taxonomy":"author","embeddable":true,"href":"https:\/\/www.jdx.info\/lutte\/wp-json\/wp\/v2\/ppma_author?post=125154"}],"curies":[{"name":"wp","href":"https:\/\/api.w.org\/{rel}","templated":true}]}}