{"id":125121,"date":"2025-10-25T16:44:00","date_gmt":"2025-10-25T20:44:00","guid":{"rendered":"https:\/\/www.jdx.info\/lutte\/?p=125121"},"modified":"2025-10-26T14:14:18","modified_gmt":"2025-10-26T18:14:18","slug":"la-wwe-continue-de-proteger-le-push-de-bron-breakker-et-bronson-reed","status":"publish","type":"post","link":"https:\/\/www.jdx.info\/lutte\/2025\/10\/25\/la-wwe-continue-de-proteger-le-push-de-bron-breakker-et-bronson-reed\/","title":{"rendered":"La WWE continue de prot\u00e9ger le &lsquo;push&rsquo; de Bron Breakker et Bronson Reed !"},"content":{"rendered":"\n<p>Deux noms notables \u00e9taient absents de la tr\u00e8s m\u00e9diatis\u00e9e Battle Royal de cette semaine \u00e0 WWE RAW &#8211; Bron Breakker et Bronson Reed &#8211; et selon un nouveau rapport, leurs absences \u00e9taient loin d\u2019\u00eatre al\u00e9atoires.<\/p>\n\n\n\n<p>On rapporte que la WWE a pris la d\u00e9cision calcul\u00e9e de garder les deux comp\u00e9titeurs puissants sur la touche, dans le but de prot\u00e9ger leur \u00e9lan et leur positionnement \u00e0 long terme sur le roster. Des sources de l\u2019entreprise ont d\u00e9clar\u00e9 au m\u00e9dia que les responsables voulaient \u00e9viter de mettre l\u2019un ou l\u2019autre des hommes dans une situation o\u00f9 ils pourraient \u00eatre \u00e9pingl\u00e9s, \u00e9limin\u00e9s ou \u00e9clips\u00e9s dans un match \u00e0 plusieurs.<\/p>\n\n\n\n<p>Au lieu de cela, le plan est de maintenir l\u2019aura de domination autour de Breakker et Reed, en les pr\u00e9sentant comme des forces destructrices \u00e0 travers des intrigues cibl\u00e9es et ax\u00e9es sur les personnages plut\u00f4t que des apparitions t\u00e9l\u00e9vis\u00e9es rapides. La WWE consid\u00e9rerait les deux hommes comme des\u00a0<em>\u00ab\u00a0joueurs de haut niveau\u00a0\u00bb<\/em>\u00a0potentiels et aurait l\u2019intention de les transformer progressivement en futures t\u00eates d\u2019affiche.<\/p>\n\n\n\n<p>Il est int\u00e9ressant de noter que des discussions cr\u00e9atives ant\u00e9rieures auraient pr\u00e9sent\u00e9 les deux comme une \u00e9quipe improbable et puissante. L\u2019id\u00e9e, selon ceux qui connaissent la cr\u00e9ation, \u00e9tait que Breakker et Reed remportent les championnats par \u00e9quipe de la WWE et servent de point d\u2019ancrage pour la division &#8211; un duo qui pourrait se mesurer aux duos de babyface les plus populaires de la soci\u00e9t\u00e9. Bien qu\u2019il ne soit pas clair si cette direction reste sur la table, Breakker en particulier continue d\u2019\u00eatre consid\u00e9r\u00e9 en interne comme un futur champion du monde des poids lourds.<\/p>\n\n\n\n<p>Cela dit, les responsables de la WWE ont r\u00e9cemment choisi de faire une pause sur cette trajectoire. Le prochain \u00e9v\u00e9nement sp\u00e9cial Saturday Night\u2019s Main Event de la soci\u00e9t\u00e9 qui mettra en vedette un match pour le titre mondial des poids lourds, ne devrait pas attirer de bons chiffres. Pour cette raison, des sources notent que la WWE n\u2019a pas vu que c\u2019\u00e9tait le bon moment pour que Breakker remporte son premier titre mondial, pr\u00e9f\u00e9rant attendre jusqu\u2019\u00e0 ce qu\u2019une sc\u00e8ne plus grande et un public plus grand puissent maximiser l\u2019impact.<\/p>\n\n\n\n<p>Plut\u00f4t que de mettre Breakker dans une situation o\u00f9 il perdrait ou para\u00eetrait diminu\u00e9, la d\u00e9cision a \u00e9t\u00e9 prise de le laisser compl\u00e8tement en dehors de la Battle Royal. La m\u00eame logique s\u2019appliquerait \u00e0 Reed, qui reste en ligne pour une pouss\u00e9e significative une fois que la cr\u00e9ation aura finalis\u00e9 une direction claire pour lui.<\/p>\n\n\n\n<p>Bref, les absences des deux hommes \u00e9taient strat\u00e9giques, une man\u0153uvre destin\u00e9e \u00e0 pr\u00e9server leur cr\u00e9dibilit\u00e9 maintenant, tout en pr\u00e9parant le terrain pour des intrigues majeures plus tard.<\/p>\n\n\n\n<p><\/p>\n<p><\/p>","protected":false},"excerpt":{"rendered":"<p>Deux noms notables \u00e9taient absents de la tr\u00e8s m\u00e9diatis\u00e9e Battle Royal de cette semaine \u00e0 WWE RAW &#8211; Bron Breakker et Bronson Reed &#8211; et selon un nouveau rapport, leurs absences \u00e9taient loin d\u2019\u00eatre al\u00e9atoires. On rapporte que la WWE a pris la d\u00e9cision calcul\u00e9e de garder les deux comp\u00e9titeurs puissants sur la touche, dans&#8230;<\/p>\n","protected":false},"author":665,"featured_media":125157,"comment_status":"open","ping_status":"closed","sticky":false,"template":"","format":"standard","meta":{"footnotes":""},"categories":[4,23],"tags":[],"ppma_author":[289],"class_list":["post-125121","post","type-post","status-publish","format-standard","has-post-thumbnail","hentry","category-news","category-wwe"],"authors":[{"term_id":289,"user_id":665,"is_guest":0,"slug":"line","display_name":"Line Edmond","avatar_url":"https:\/\/secure.gravatar.com\/avatar\/852de09636413c90cdaa278312f9ea5bc4396768745424755cb63d99a05989d0?s=96&d=mm&r=g","0":null,"1":"","2":"","3":"","4":"","5":"","6":"","7":"","8":""}],"_links":{"self":[{"href":"https:\/\/www.jdx.info\/lutte\/wp-json\/wp\/v2\/posts\/125121","targetHints":{"allow":["GET"]}}],"collection":[{"href":"https:\/\/www.jdx.info\/lutte\/wp-json\/wp\/v2\/posts"}],"about":[{"href":"https:\/\/www.jdx.info\/lutte\/wp-json\/wp\/v2\/types\/post"}],"author":[{"embeddable":true,"href":"https:\/\/www.jdx.info\/lutte\/wp-json\/wp\/v2\/users\/665"}],"replies":[{"embeddable":true,"href":"https:\/\/www.jdx.info\/lutte\/wp-json\/wp\/v2\/comments?post=125121"}],"version-history":[{"count":2,"href":"https:\/\/www.jdx.info\/lutte\/wp-json\/wp\/v2\/posts\/125121\/revisions"}],"predecessor-version":[{"id":125158,"href":"https:\/\/www.jdx.info\/lutte\/wp-json\/wp\/v2\/posts\/125121\/revisions\/125158"}],"wp:featuredmedia":[{"embeddable":true,"href":"https:\/\/www.jdx.info\/lutte\/wp-json\/wp\/v2\/media\/125157"}],"wp:attachment":[{"href":"https:\/\/www.jdx.info\/lutte\/wp-json\/wp\/v2\/media?parent=125121"}],"wp:term":[{"taxonomy":"category","embeddable":true,"href":"https:\/\/www.jdx.info\/lutte\/wp-json\/wp\/v2\/categories?post=125121"},{"taxonomy":"post_tag","embeddable":true,"href":"https:\/\/www.jdx.info\/lutte\/wp-json\/wp\/v2\/tags?post=125121"},{"taxonomy":"author","embeddable":true,"href":"https:\/\/www.jdx.info\/lutte\/wp-json\/wp\/v2\/ppma_author?post=125121"}],"curies":[{"name":"wp","href":"https:\/\/api.w.org\/{rel}","templated":true}]}}