{"id":12509,"date":"2019-09-22T23:52:49","date_gmt":"2019-09-23T03:52:49","guid":{"rendered":"http:\/\/www.jdx.info\/lutte\/?p=12509"},"modified":"2019-09-23T01:37:41","modified_gmt":"2019-09-23T05:37:41","slug":"le-fils-de-chris-benoit-veut-rejoindre-la-all-elite-wrestling","status":"publish","type":"post","link":"https:\/\/www.jdx.info\/lutte\/2019\/09\/22\/le-fils-de-chris-benoit-veut-rejoindre-la-all-elite-wrestling\/","title":{"rendered":"Le Fils de Chris Benoit Veut Rejoindre la All Elite Wrestling!"},"content":{"rendered":"\n<p>David Benoit le fils de l&rsquo;ancien champion de la WCW Chris Benoit, a particip\u00e9 \u00e0 une entrevue avec Fred Rosser de Pro and Bro Wrestling Podcast. Durant l\u2019\u00e9change entre les deux hommes, Benoit a affirm\u00e9 son envie de rejoindre la AEW.<\/p>\n\n\n\n<p>David a d\u2019ailleurs assist\u00e9 aux deux PPV de la AEW,  Double or Nothing et All Out. Le jeune homme a mentionn\u00e9 \u00e9galement qu\u2019il \u00e9tait tr\u00e8s proche de Chris Jericho. Ce qui est logique puisque Jericho et Chris Benoit \u00e9taient de tr\u00e8s bon amis.<\/p>\n\n\n\n<p>David adore la AEW et il trouve que le produit est excellent. Il affirme que la compagnie s\u2019occupe bien des lutteurs \u00e9galement. Le point int\u00e9ressant de cette entrevue est que Benoit a confirm\u00e9 qu\u2019il a commenc\u00e9 \u00e0 s\u2019entra\u00eener r\u00e9cemment. Il s\u2019entra\u00eene d\u2019ailleurs avec des lutteurs de la nouvelle f\u00e9d\u00e9ration sans avoir donn\u00e9 de noms par contre.<\/p>\n\n\n\n<iframe loading=\"lazy\" width=\"560\" height=\"315\" src=\"https:\/\/www.youtube.com\/embed\/jIoMIZqbyQ0\" frameborder=\"0\" allow=\"accelerometer; autoplay; encrypted-media; gyroscope; picture-in-picture\" allowfullscreen><\/iframe>\n<p><\/p>","protected":false},"excerpt":{"rendered":"<p>David Benoit le fils de l&rsquo;ancien champion de la WCW Chris Benoit, a particip\u00e9 \u00e0 une entrevue avec Fred Rosser de Pro and Bro Wrestling Podcast. Durant l\u2019\u00e9change entre les deux hommes, Benoit a affirm\u00e9 son envie de rejoindre la AEW. David a d\u2019ailleurs assist\u00e9 aux deux PPV de la AEW, Double or Nothing et&#8230;<\/p>\n","protected":false},"author":4,"featured_media":12510,"comment_status":"open","ping_status":"closed","sticky":false,"template":"","format":"standard","meta":{"footnotes":""},"categories":[24,30,4],"tags":[],"ppma_author":[292],"class_list":["post-12509","post","type-post","status-publish","format-standard","has-post-thumbnail","hentry","category-aew-impact-njpw-roh","category-ex-wwe","category-news"],"authors":[{"term_id":292,"user_id":4,"is_guest":0,"slug":"jean","display_name":"Jean Vinnier","avatar_url":"https:\/\/secure.gravatar.com\/avatar\/33aba0263fd870a0b487e0e079ff407e10e3997c9d2987cbcc0db0db2c5c75a9?s=96&d=mm&r=g","0":null,"1":"","2":"","3":"","4":"","5":"","6":"","7":"","8":""}],"_links":{"self":[{"href":"https:\/\/www.jdx.info\/lutte\/wp-json\/wp\/v2\/posts\/12509","targetHints":{"allow":["GET"]}}],"collection":[{"href":"https:\/\/www.jdx.info\/lutte\/wp-json\/wp\/v2\/posts"}],"about":[{"href":"https:\/\/www.jdx.info\/lutte\/wp-json\/wp\/v2\/types\/post"}],"author":[{"embeddable":true,"href":"https:\/\/www.jdx.info\/lutte\/wp-json\/wp\/v2\/users\/4"}],"replies":[{"embeddable":true,"href":"https:\/\/www.jdx.info\/lutte\/wp-json\/wp\/v2\/comments?post=12509"}],"version-history":[{"count":2,"href":"https:\/\/www.jdx.info\/lutte\/wp-json\/wp\/v2\/posts\/12509\/revisions"}],"predecessor-version":[{"id":12512,"href":"https:\/\/www.jdx.info\/lutte\/wp-json\/wp\/v2\/posts\/12509\/revisions\/12512"}],"wp:featuredmedia":[{"embeddable":true,"href":"https:\/\/www.jdx.info\/lutte\/wp-json\/wp\/v2\/media\/12510"}],"wp:attachment":[{"href":"https:\/\/www.jdx.info\/lutte\/wp-json\/wp\/v2\/media?parent=12509"}],"wp:term":[{"taxonomy":"category","embeddable":true,"href":"https:\/\/www.jdx.info\/lutte\/wp-json\/wp\/v2\/categories?post=12509"},{"taxonomy":"post_tag","embeddable":true,"href":"https:\/\/www.jdx.info\/lutte\/wp-json\/wp\/v2\/tags?post=12509"},{"taxonomy":"author","embeddable":true,"href":"https:\/\/www.jdx.info\/lutte\/wp-json\/wp\/v2\/ppma_author?post=12509"}],"curies":[{"name":"wp","href":"https:\/\/api.w.org\/{rel}","templated":true}]}}