{"id":125074,"date":"2025-10-24T11:08:39","date_gmt":"2025-10-24T15:08:39","guid":{"rendered":"https:\/\/www.jdx.info\/lutte\/?p=125074"},"modified":"2025-10-24T11:08:41","modified_gmt":"2025-10-24T15:08:41","slug":"il-semble-avoir-une-enchere-entre-la-wwe-et-la-aew-pour-avoir-chris-jericho","status":"publish","type":"post","link":"https:\/\/www.jdx.info\/lutte\/2025\/10\/24\/il-semble-avoir-une-enchere-entre-la-wwe-et-la-aew-pour-avoir-chris-jericho\/","title":{"rendered":"Il semble avoir une ench\u00e8re entre la WWE et la AEW pour avoir Chris Jericho !"},"content":{"rendered":"\n<p>Un nouveau rapport a fourni un aper\u00e7u suppl\u00e9mentaire des sp\u00e9culations croissantes entourant l\u2019avenir de Chris Jericho, car l\u2019int\u00e9r\u00eat pour la star de la AEW s\u2019\u00e9tendrait bien au-del\u00e0 de la All Elite Wrestling et inclurait des pr\u00e9tendants potentiels de plusieurs promotions majeures, et la WWE serait parmi elles.<\/p>\n\n\n\n<p>Jericho, 53 ans, reste l\u2019un des noms les plus influents et les plus reconnaissables de la lutte professionnelle et son contrat actuel avec la AEW devrait allez jusqu\u2019\u00e0 la fin de 2025. \u00c0 l\u2019approche de cette date, les questions sur la suite de \u00ab\u00a0The Ocho\u00a0\u00bb se sont intensifi\u00e9es ces derni\u00e8res semaines, en particulier \u00e0 la suite de rumeurs selon lesquelles les responsables de la WWE seraient ouverts \u00e0 l\u2019id\u00e9e d\u2019une r\u00e9union.<\/p>\n\n\n\n<p>Selon un rapport, il n\u2019y a eu aucune indication interne au sein de la AEW que Jericho ait \u00e9t\u00e9 approch\u00e9 pour prendre un poste formel en coulisses ou cr\u00e9atif une fois sa carri\u00e8re sur le ring termin\u00e9e. Cependant, des sources ont soulign\u00e9 que Jericho continue de maintenir un degr\u00e9 important d\u2019apport cr\u00e9atif sur ses propres histoires et collabore r\u00e9guli\u00e8rement avec le pr\u00e9sident de la AEW, Tony Khan, sur la direction \u00e0 long terme. Ceux qui connaissent bien la situation ont d\u00e9crit la relation de Jericho avec Khan et la direction de la AEW comme\u00a0<em><strong>\u00ab\u00a0forte\u00a0\u00bb,<\/strong><\/em>\u00a0ajoutant qu\u2019il n\u2019y avait aucun sentiment de friction ou d\u2019insatisfaction dans les coulisses.<\/p>\n\n\n\n<p>Malgr\u00e9 cela, l\u2019id\u00e9e que Jericho explore des options ailleurs qu&rsquo;\u00e0 la AEW resterait un sujet de discussion dans l\u2019industrie du catch. Plusieurs grandes organisations nationales et internationales,  auraient exprim\u00e9 leur int\u00e9r\u00eat s\u2019il devenait un agent libre, la WWE \u00e9tant la plus importante parmi elles. Bien qu\u2019aucune discussion formelle ou argumentaire cr\u00e9ative n\u2019ait \u00e9t\u00e9 confirm\u00e9e du c\u00f4t\u00e9 de la WWE, plusieurs hauts responsables de l\u2019entreprise ont discut\u00e9 en priv\u00e9 de la valeur potentielle de ramener Jericho dans le giron, d\u2019autant plus que l\u2019entreprise continue de s\u2019appuyer sur un attrait interg\u00e9n\u00e9rationnel et une programmation ax\u00e9e sur la nostalgie.<\/p>\n\n\n\n<p>Une source de la WWE affirme que Jericho serait\u00a0<strong><em>\u00ab\u00a0presque \u00e0 100\u00a0%\u00a0\u00bb<\/em><\/strong>\u00a0en lice pour une offre lucrative de plusieurs millions de dollars s\u2019il revenait, bien qu\u2019ils aient reconnu que la AEW est financi\u00e8rement positionn\u00e9e pour \u00e9galer ou m\u00eame d\u00e9passer un tel accord s\u2019ils souhaitent le garder. Ce qui n\u2019est pas clair, selon plusieurs membres de l\u2019industrie, c\u2019est comment Jericho lui-m\u00eame envisage le prochain chapitre de sa carri\u00e8re \u00e0 savoir s\u2019il donnerait la priorit\u00e9 \u00e0 la libert\u00e9 cr\u00e9ative continue et \u00e0 sa plate-forme actuelle \u00e0 la AEW, ou au moment potentiel de d\u00e9finition de l\u2019h\u00e9ritage qu\u2019un retour \u00e0 la WWE pourrait repr\u00e9senter.<\/p>\n\n\n\n<p>Jericho n\u2019a pas encore abord\u00e9 publiquement les sp\u00e9culations ou comment\u00e9 ses plans au-del\u00e0 de 2025.<\/p>\n\n\n\n<p>La derni\u00e8re apparition de&nbsp;Chris Jericho&nbsp;\u00e0 la t\u00e9l\u00e9vision de l&rsquo;AEW remonte \u00e0 l&rsquo;\u00e9pisode de&nbsp;<em>Dynamite<\/em>&nbsp;du 9 avril 2025. Au cours de son segment, il a critiqu\u00e9 ses disciples, Big Bill et Bryan Keith, pour sa d\u00e9faite au championnat du monde Ring of Honor (ROH) et a indiqu\u00e9 qu&rsquo;il allait faire une pause.&nbsp;<\/p>\n\n\n\n<p>Sa derni\u00e8re apparition dans le ring a eu lieu le 6 avril 2025 lors de l&rsquo;\u00e9v\u00e9nement&nbsp;<em>Dynasty<\/em>, o\u00f9 il a perdu le titre mondial de la ROH contre Bandido dans un match en jeu contre sa coupe de cheveux.&nbsp;<\/p>\n<p><\/p>","protected":false},"excerpt":{"rendered":"<p>Un nouveau rapport a fourni un aper\u00e7u suppl\u00e9mentaire des sp\u00e9culations croissantes entourant l\u2019avenir de Chris Jericho, car l\u2019int\u00e9r\u00eat pour la star de la AEW s\u2019\u00e9tendrait bien au-del\u00e0 de la All Elite Wrestling et inclurait des pr\u00e9tendants potentiels de plusieurs promotions majeures, et la WWE serait parmi elles. Jericho, 53 ans, reste l\u2019un des noms les&#8230;<\/p>\n","protected":false},"author":665,"featured_media":125087,"comment_status":"open","ping_status":"closed","sticky":false,"template":"","format":"standard","meta":{"footnotes":""},"categories":[38,30,4,23],"tags":[],"ppma_author":[289],"class_list":["post-125074","post","type-post","status-publish","format-standard","has-post-thumbnail","hentry","category-aew","category-ex-wwe","category-news","category-wwe"],"authors":[{"term_id":289,"user_id":665,"is_guest":0,"slug":"line","display_name":"Line Edmond","avatar_url":"https:\/\/secure.gravatar.com\/avatar\/852de09636413c90cdaa278312f9ea5bc4396768745424755cb63d99a05989d0?s=96&d=mm&r=g","0":null,"1":"","2":"","3":"","4":"","5":"","6":"","7":"","8":""}],"_links":{"self":[{"href":"https:\/\/www.jdx.info\/lutte\/wp-json\/wp\/v2\/posts\/125074","targetHints":{"allow":["GET"]}}],"collection":[{"href":"https:\/\/www.jdx.info\/lutte\/wp-json\/wp\/v2\/posts"}],"about":[{"href":"https:\/\/www.jdx.info\/lutte\/wp-json\/wp\/v2\/types\/post"}],"author":[{"embeddable":true,"href":"https:\/\/www.jdx.info\/lutte\/wp-json\/wp\/v2\/users\/665"}],"replies":[{"embeddable":true,"href":"https:\/\/www.jdx.info\/lutte\/wp-json\/wp\/v2\/comments?post=125074"}],"version-history":[{"count":2,"href":"https:\/\/www.jdx.info\/lutte\/wp-json\/wp\/v2\/posts\/125074\/revisions"}],"predecessor-version":[{"id":125089,"href":"https:\/\/www.jdx.info\/lutte\/wp-json\/wp\/v2\/posts\/125074\/revisions\/125089"}],"wp:featuredmedia":[{"embeddable":true,"href":"https:\/\/www.jdx.info\/lutte\/wp-json\/wp\/v2\/media\/125087"}],"wp:attachment":[{"href":"https:\/\/www.jdx.info\/lutte\/wp-json\/wp\/v2\/media?parent=125074"}],"wp:term":[{"taxonomy":"category","embeddable":true,"href":"https:\/\/www.jdx.info\/lutte\/wp-json\/wp\/v2\/categories?post=125074"},{"taxonomy":"post_tag","embeddable":true,"href":"https:\/\/www.jdx.info\/lutte\/wp-json\/wp\/v2\/tags?post=125074"},{"taxonomy":"author","embeddable":true,"href":"https:\/\/www.jdx.info\/lutte\/wp-json\/wp\/v2\/ppma_author?post=125074"}],"curies":[{"name":"wp","href":"https:\/\/api.w.org\/{rel}","templated":true}]}}