{"id":125072,"date":"2025-10-24T10:56:04","date_gmt":"2025-10-24T14:56:04","guid":{"rendered":"https:\/\/www.jdx.info\/lutte\/?p=125072"},"modified":"2025-10-24T10:56:08","modified_gmt":"2025-10-24T14:56:08","slug":"charles-manson-voulait-rencontrer-bray-wyatt-avant-de-mourir-la-wwe-allait-le-filmer","status":"publish","type":"post","link":"https:\/\/www.jdx.info\/lutte\/2025\/10\/24\/charles-manson-voulait-rencontrer-bray-wyatt-avant-de-mourir-la-wwe-allait-le-filmer\/","title":{"rendered":"Charles Manson voulait rencontrer Bray Wyatt avant de mourir, la WWE allait le filmer !"},"content":{"rendered":"\n<p>Un ancien \u00e9crivain de la WWE a partag\u00e9 une histoire folle reliant la star de la lutte Bray Wyatt \u00e0 l\u2019une des figures les plus inf\u00e2mes de l\u2019histoire am\u00e9ricaine, nul autre que le chef de secte et meurtrier condamn\u00e9 Charles Manson.<\/p>\n\n\n\n<p>Lors d\u2019une r\u00e9cente apparition sur le podcast\u00a0Wrestling with Freddie\u00a0de Freddie Prinze Jr., l\u2019ancien \u00e9crivain de la WWE et collaborateur de longue date de Bray Wyatt, Nick Manfredini, a affirm\u00e9 que Manson \u00e9tait un fan du travail de Wyatt et voulait m\u00eame le rencontrer.<\/p>\n\n\n\n<center><iframe loading=\"lazy\" allow=\"autoplay\" width=\"100%\" height=\"300\" src=\"https:\/\/www.iheart.com\/podcast\/1119-wrestling-with-freddie-89045423\/episode\/the-legacy-of-bray-wyatt-with-302163629\/?embed=true\" frameborder=\"0\"><\/iframe><\/center>\n\n\n\n<p>Selon Manfredini, la connexion bizarre a commenc\u00e9 lorsque l\u2019un des anciens co\u00e9quipiers de football universitaire de Wyatt, qui \u00e9tait depuis devenu gardien de prison en Californie, a montr\u00e9 \u00e0 Manson certaines des promos de Wyatt alors qu\u2019il travaillait dans l\u2019\u00e9tablissement o\u00f9 Manson \u00e9tait incarc\u00e9r\u00e9.<\/p>\n\n\n\n<blockquote class=\"wp-block-quote is-layout-flow wp-block-quote-is-layout-flow\">\n<p>\u00ab Charles Manson&#8230; Je ne sais pas si cette histoire a jamais \u00e9t\u00e9 racont\u00e9e \u00bb, se souvient Manfredini. Windham [le vrai nom de Wyatt \u00e9tait Windham Rotunda] \u2013 le co\u00e9quipier de Windham, ancien co\u00e9quipier de football universitaire, est devenu gardien de prison \u00e0 la prison de Charles Manson. Apparemment, ce gars a montr\u00e9 \u00e0 Manson les promos de Bray Wyatt et il voulait le rencontrer et c\u2019\u00e9tait tout un truc, je le jure. C\u2019est vrai \u00e0 cent pour cent. \u00bb\u00a0<\/p>\n<\/blockquote>\n\n\n\n<p>Manfredini a d\u00e9clar\u00e9 que la situation avait m\u00eame attir\u00e9 l\u2019attention du p\u00e8re de Wyatt, l\u2019ancien producteur de la WWE Mike Rotunda, qui a lanc\u00e9 l\u2019id\u00e9e \u00e0 la direction de l\u2019entreprise, y compris peut-\u00eatre Vince McMahon et Triple H, de filmer une \u00e9mission sp\u00e9ciale du WWE Network impliquant Manson et Wyatt.<\/p>\n\n\n\n<blockquote class=\"wp-block-quote is-layout-flow wp-block-quote-is-layout-flow\">\n<p>\u00ab\u00a0Donc Mike Rotunda \u00e9tait au courant et je pense qu\u2019il en a parl\u00e9 \u00e0 quelqu\u2019un, je ne sais pas si c\u2019\u00e9tait Hunter ou Vince ou quelqu\u2019un d\u2019autre et ils l\u2019ont imm\u00e9diatement \u00e9cras\u00e9, parce qu\u2019ils se sont dit, est-ce qu\u2019on peut tourner une \u00e9mission sp\u00e9ciale sur le Network  avec Charles Manson ? Et il a \u00e9t\u00e9 imm\u00e9diatement \u00e9cras\u00e9. \u00bb\u00a0<\/p>\n<\/blockquote>\n\n\n\n<p>Manfredini a poursuivi en disant que Manson avait eu une influence cr\u00e9ative sur les premi\u00e8res promos de Wyatt et la pr\u00e9sentation globale de son personnage inspir\u00e9 du chef de secte.<\/p>\n\n\n\n<blockquote class=\"wp-block-quote is-layout-flow wp-block-quote-is-layout-flow\">\n<p>\u00ab\u00a0Donc, [le personnage de Wyatt] \u00e9tait tr\u00e8s inspir\u00e9 de Charles Manson, n\u2019est-ce pas\u00a0?\u00a0\u00bb, a-t-il d\u00e9clar\u00e9. \u00ab\u00a0Mon historique de recherche sur YouTube \u00e0 l\u2019\u00e9poque n\u2019\u00e9tait que Charles Manson et les chefs de secte&#8230; Nous essayions de prendre de petits morceaux de chacun. \u00bb\u00a0<\/p>\n<\/blockquote>\n\n\n\n<p>L\u2019ancien sc\u00e9nariste de la WWE a \u00e9galement admis qu\u2019il avait bri\u00e8vement envisag\u00e9 d\u2019aller plus loin en rendant visite \u00e0 Manson lui-m\u00eame \u2013 avant de se rendre compte \u00e0 quel point cela aurait \u00e9t\u00e9 une mauvaise id\u00e9e.<\/p>\n\n\n\n<blockquote class=\"wp-block-quote is-layout-flow wp-block-quote-is-layout-flow\">\n<p>\u00ab\u00a0Je me suis dit, allons-y. La prochaine fois que nous serons dans le nord de la Californie, moi et vous, mettez simplement un chapeau ou quelque chose comme \u00e7a. Personne ne saura que c\u2019est vous. Allons le rencontrer, vous savez ? J\u2019y ai r\u00e9fl\u00e9chi davantage et c\u2019\u00e9tait \u00e9videmment une id\u00e9e terrible, terrible. Cela aurait \u00e9t\u00e9 une bonne histoire, mais une mauvaise id\u00e9e. \u00bb\u00a0<\/p>\n<\/blockquote>\n\n\n\n<p>Comme vous le savez tristement, Bray Wyatt est d\u00e9c\u00e9d\u00e9 \u00e0 l\u2019\u00e2ge de 36 ans\u00a0en ao\u00fbt 2023.<\/p>\n\n\n\n<p>D\u00e9couvrez l\u2019\u00e9pisode complet du podcast \u00ab&nbsp;Wrestling With Freddie&nbsp;\u00bb de Freddie Prinze Jr, avec l\u2019interview de l\u2019ancien \u00e9crivain de la WWE Nick Manfredini via le lecteur multim\u00e9dia int\u00e9gr\u00e9 ci-dessous.<\/p>\n\n\n\n<center><iframe loading=\"lazy\" allow=\"autoplay\" width=\"100%\" height=\"300\" src=\"https:\/\/www.iheart.com\/podcast\/1119-wrestling-with-freddie-89045423\/episode\/the-legacy-of-bray-wyatt-with-302163629\/?embed=true\" frameborder=\"0\"><\/iframe><\/center>\n\n\n\n<p><\/p>\n<p><\/p>","protected":false},"excerpt":{"rendered":"<p>Un ancien \u00e9crivain de la WWE a partag\u00e9 une histoire folle reliant la star de la lutte Bray Wyatt \u00e0 l\u2019une des figures les plus inf\u00e2mes de l\u2019histoire am\u00e9ricaine, nul autre que le chef de secte et meurtrier condamn\u00e9 Charles Manson. Lors d\u2019une r\u00e9cente apparition sur le podcast\u00a0Wrestling with Freddie\u00a0de Freddie Prinze Jr., l\u2019ancien \u00e9crivain&#8230;<\/p>\n","protected":false},"author":665,"featured_media":125082,"comment_status":"open","ping_status":"closed","sticky":false,"template":"","format":"standard","meta":{"footnotes":""},"categories":[30,4,23],"tags":[],"ppma_author":[289],"class_list":["post-125072","post","type-post","status-publish","format-standard","has-post-thumbnail","hentry","category-ex-wwe","category-news","category-wwe"],"authors":[{"term_id":289,"user_id":665,"is_guest":0,"slug":"line","display_name":"Line Edmond","avatar_url":"https:\/\/secure.gravatar.com\/avatar\/852de09636413c90cdaa278312f9ea5bc4396768745424755cb63d99a05989d0?s=96&d=mm&r=g","0":null,"1":"","2":"","3":"","4":"","5":"","6":"","7":"","8":""}],"_links":{"self":[{"href":"https:\/\/www.jdx.info\/lutte\/wp-json\/wp\/v2\/posts\/125072","targetHints":{"allow":["GET"]}}],"collection":[{"href":"https:\/\/www.jdx.info\/lutte\/wp-json\/wp\/v2\/posts"}],"about":[{"href":"https:\/\/www.jdx.info\/lutte\/wp-json\/wp\/v2\/types\/post"}],"author":[{"embeddable":true,"href":"https:\/\/www.jdx.info\/lutte\/wp-json\/wp\/v2\/users\/665"}],"replies":[{"embeddable":true,"href":"https:\/\/www.jdx.info\/lutte\/wp-json\/wp\/v2\/comments?post=125072"}],"version-history":[{"count":2,"href":"https:\/\/www.jdx.info\/lutte\/wp-json\/wp\/v2\/posts\/125072\/revisions"}],"predecessor-version":[{"id":125083,"href":"https:\/\/www.jdx.info\/lutte\/wp-json\/wp\/v2\/posts\/125072\/revisions\/125083"}],"wp:featuredmedia":[{"embeddable":true,"href":"https:\/\/www.jdx.info\/lutte\/wp-json\/wp\/v2\/media\/125082"}],"wp:attachment":[{"href":"https:\/\/www.jdx.info\/lutte\/wp-json\/wp\/v2\/media?parent=125072"}],"wp:term":[{"taxonomy":"category","embeddable":true,"href":"https:\/\/www.jdx.info\/lutte\/wp-json\/wp\/v2\/categories?post=125072"},{"taxonomy":"post_tag","embeddable":true,"href":"https:\/\/www.jdx.info\/lutte\/wp-json\/wp\/v2\/tags?post=125072"},{"taxonomy":"author","embeddable":true,"href":"https:\/\/www.jdx.info\/lutte\/wp-json\/wp\/v2\/ppma_author?post=125072"}],"curies":[{"name":"wp","href":"https:\/\/api.w.org\/{rel}","templated":true}]}}