{"id":124908,"date":"2025-10-20T01:07:00","date_gmt":"2025-10-20T05:07:00","guid":{"rendered":"https:\/\/www.jdx.info\/lutte\/?p=124908"},"modified":"2025-10-20T13:39:11","modified_gmt":"2025-10-20T17:39:11","slug":"vince-mcmahon-change-de-look-et-ca-fait-jaser","status":"publish","type":"post","link":"https:\/\/www.jdx.info\/lutte\/2025\/10\/20\/vince-mcmahon-change-de-look-et-ca-fait-jaser\/","title":{"rendered":"Vince McMahon change de look et \u00e7a fait jaser !"},"content":{"rendered":"\n<p>M\u00eame emp\u00eatr\u00e9 dans des batailles juridiques, Vince McMahon veille \u00e0 rester pr\u00eat pour les photographes. L&rsquo;ancien pr\u00e9sident de la WWE, aux prises avec des difficult\u00e9s, a r\u00e9cemment \u00e9t\u00e9 aper\u00e7u arborant un look radicalement nouveau lors de sa derni\u00e8re comparution devant le tribunal \u2013 et comme toujours, le monde du catch a beaucoup \u00e0 dire \u00e0 ce sujet.<\/p>\n\n\n\n<p>Selon les m\u00e9dias locaux, McMahon a comparu cette semaine devant un tribunal du Connecticut pour une audience relative \u00e0 son affaire de conduite dangereuse, qui continue de susciter l&rsquo;int\u00e9r\u00eat apr\u00e8s sa s\u00e9rie de d\u00e9m\u00eal\u00e9s judiciaires en 2025. L&rsquo;octog\u00e9naire a \u00e9t\u00e9 photographi\u00e9 entrant au tribunal avec des cheveux noir de jais fra\u00eechement teints, accentu\u00e9s par une m\u00e8che blanche distincte au milieu, marquant une rupture radicale avec son apparence grisonnante pr\u00e9c\u00e9dente.<\/p>\n\n\n\n<p>Naturellement, ce changement d&rsquo;apparence soudain a suscit\u00e9 des sp\u00e9culations parmi les fans en ligne, beaucoup se demandant si cette transformation ne trahissait pas un effet secondaire. Les r\u00e9seaux sociaux ont rapidement \u00e9t\u00e9 satur\u00e9s de th\u00e9ories, allant de la simple volont\u00e9 de McMahon de \u00ab&nbsp;para\u00eetre plus jeune&nbsp;\u00bb \u00e0 des id\u00e9es plus extravagantes selon lesquelles ce changement pourrait marquer un retour sous les projecteurs de la WWE.<\/p>\n\n\n\n<p>La WWE n&rsquo;est qu&rsquo;\u00e0 quelques semaines du dernier match de John Cena, un adieu largement m\u00e9diatis\u00e9 qui a d\u00e9j\u00e0 suscit\u00e9 une vive nostalgie et suscit\u00e9 une attention consid\u00e9rable. Certains fans se demandent d\u00e9sormais ouvertement si McMahon, l&rsquo;homme qui a contribu\u00e9 \u00e0 faire de Cena l&rsquo;une des plus grandes stars de la WWE, pourrait faire une apparition surprise lors de l&rsquo;\u00e9v\u00e9nement. Il est \u00e0 noter qu&rsquo;aucune confirmation n&rsquo;a \u00e9t\u00e9 apport\u00e9e \u00e0 ce sujet au moment de la r\u00e9daction de cet article.<\/p>\n\n\n\n<center><blockquote class=\"twitter-tweet\" data-media-max-width=\"560\"><p lang=\"en\" dir=\"ltr\">Vince McMahon in court yesterday. <a href=\"https:\/\/t.co\/JZzU68DwKr\">pic.twitter.com\/JZzU68DwKr<\/a><\/p>&mdash; Wrestling News (@WrestlingNewsCo) <a href=\"https:\/\/twitter.com\/WrestlingNewsCo\/status\/1979245910237302889?ref_src=twsrc%5Etfw\">October 17, 2025<\/a><\/blockquote> <script async src=\"https:\/\/platform.twitter.com\/widgets.js\" charset=\"utf-8\"><\/script><\/cener>\n<p><\/p>","protected":false},"excerpt":{"rendered":"<p>M\u00eame emp\u00eatr\u00e9 dans des batailles juridiques, Vince McMahon veille \u00e0 rester pr\u00eat pour les photographes. L&rsquo;ancien pr\u00e9sident de la WWE, aux prises avec des difficult\u00e9s, a r\u00e9cemment \u00e9t\u00e9 aper\u00e7u arborant un look radicalement nouveau lors de sa derni\u00e8re comparution devant le tribunal \u2013 et comme toujours, le monde du catch a beaucoup \u00e0 dire \u00e0&#8230;<\/p>\n","protected":false},"author":609,"featured_media":124913,"comment_status":"open","ping_status":"closed","sticky":false,"template":"","format":"standard","meta":{"footnotes":""},"categories":[30,4],"tags":[203],"ppma_author":[295],"class_list":["post-124908","post","type-post","status-publish","format-standard","has-post-thumbnail","hentry","category-ex-wwe","category-news","tag-mcmahon"],"authors":[{"term_id":295,"user_id":609,"is_guest":0,"slug":"rodrigo","display_name":"Rodrigue Tousignant","avatar_url":"https:\/\/secure.gravatar.com\/avatar\/51fe284bb6dbe8a6b4c2bf998ad658f4a9cd24b7e58f15ec85888070c7340ce6?s=96&d=mm&r=g","0":null,"1":"","2":"","3":"","4":"","5":"","6":"","7":"","8":""}],"_links":{"self":[{"href":"https:\/\/www.jdx.info\/lutte\/wp-json\/wp\/v2\/posts\/124908","targetHints":{"allow":["GET"]}}],"collection":[{"href":"https:\/\/www.jdx.info\/lutte\/wp-json\/wp\/v2\/posts"}],"about":[{"href":"https:\/\/www.jdx.info\/lutte\/wp-json\/wp\/v2\/types\/post"}],"author":[{"embeddable":true,"href":"https:\/\/www.jdx.info\/lutte\/wp-json\/wp\/v2\/users\/609"}],"replies":[{"embeddable":true,"href":"https:\/\/www.jdx.info\/lutte\/wp-json\/wp\/v2\/comments?post=124908"}],"version-history":[{"count":1,"href":"https:\/\/www.jdx.info\/lutte\/wp-json\/wp\/v2\/posts\/124908\/revisions"}],"predecessor-version":[{"id":124909,"href":"https:\/\/www.jdx.info\/lutte\/wp-json\/wp\/v2\/posts\/124908\/revisions\/124909"}],"wp:featuredmedia":[{"embeddable":true,"href":"https:\/\/www.jdx.info\/lutte\/wp-json\/wp\/v2\/media\/124913"}],"wp:attachment":[{"href":"https:\/\/www.jdx.info\/lutte\/wp-json\/wp\/v2\/media?parent=124908"}],"wp:term":[{"taxonomy":"category","embeddable":true,"href":"https:\/\/www.jdx.info\/lutte\/wp-json\/wp\/v2\/categories?post=124908"},{"taxonomy":"post_tag","embeddable":true,"href":"https:\/\/www.jdx.info\/lutte\/wp-json\/wp\/v2\/tags?post=124908"},{"taxonomy":"author","embeddable":true,"href":"https:\/\/www.jdx.info\/lutte\/wp-json\/wp\/v2\/ppma_author?post=124908"}],"curies":[{"name":"wp","href":"https:\/\/api.w.org\/{rel}","templated":true}]}}